{"id":20803,"date":"2021-05-18T11:19:38","date_gmt":"2021-05-18T09:19:38","guid":{"rendered":"http:\/\/agora.xtec.cat\/escalmacelles\/?p=20803"},"modified":"2022-10-04T22:32:42","modified_gmt":"2022-10-04T20:32:42","slug":"cm-visita-prosmokiwi-per-veure-la-pollinitzacio","status":"publish","type":"post","link":"https:\/\/agora.xtec.cat\/escalmacelles\/portada\/cm-visita-prosmokiwi-per-veure-la-pollinitzacio\/","title":{"rendered":"CM visita Prosmokiwi"},"content":{"rendered":"<p>Seguint amb el projecte interdisciplinar d&#8217;enguany, <strong>&#8220;Les fruites i hortalisses&#8221;<\/strong>, a <strong>cicle mitj\u00e0<\/strong> em visitat novament la finca <strong>Prosmokiwi<\/strong> per veure&#8217;n la <strong>floraci\u00f3<\/strong> i la <strong>pol\u00b7linitzaci\u00f3<\/strong>.<\/p>\n<p>La primera visita va ser el passat novembre, quan vam poder veure la planta amb fruit. Ara, hem vist la plantaci\u00f3 florida i amb les abelles i els abellots treballant en la pol\u00b7linitzaci\u00f3. Hem pogut observar les difer\u00e8ncies entre la flor del mascle i de la femella i hem ent\u00e8s per qu\u00e8 s\u00f3n necess\u00e0ries algunes tasques del camp per garantir un bon fruit.<\/p>\n<p style=\"text-align: center\"><em>Si cliqueu a la imatge podreu accedir a la galeria.\u00a0<\/em><\/p>\n<p><a href=\"https:\/\/photos.app.goo.gl\/oa1E8ptCmJGLbJUa7\"><img loading=\"lazy\" decoding=\"async\" class=\"alignnone size-large wp-image-20804\" src=\"https:\/\/agora.xtec.cat\/escalmacelles\/wp-content\/uploads\/usu1902\/2021\/05\/1621328755161-1024x460.jpg\" alt=\"\" width=\"1024\" height=\"460\" srcset=\"https:\/\/agora.xtec.cat\/escalmacelles\/wp-content\/uploads\/usu1902\/2021\/05\/1621328755161.jpg 1024w, https:\/\/agora.xtec.cat\/escalmacelles\/wp-content\/uploads\/usu1902\/2021\/05\/1621328755161-300x135.jpg 300w, https:\/\/agora.xtec.cat\/escalmacelles\/wp-content\/uploads\/usu1902\/2021\/05\/1621328755161-768x345.jpg 768w\" sizes=\"auto, (max-width: 1024px) 100vw, 1024px\" \/><\/a><\/p>\n","protected":false},"excerpt":{"rendered":"<p>Seguint amb el projecte interdisciplinar d&#8217;enguany, &#8220;Les fruites i hortalisses&#8221;, a cicle mitj\u00e0 em visitat novament la finca Prosmokiwi per veure&#8217;n la floraci\u00f3 i la pol\u00b7linitzaci\u00f3. La primera visita va ser el passat novembre, quan vam poder veure la planta amb fruit. Ara, hem vist la plantaci\u00f3 florida i amb les abelles i els abellots [&hellip;]<\/p>\n","protected":false},"author":13,"featured_media":0,"comment_status":"closed","ping_status":"closed","sticky":false,"template":"","format":"standard","meta":{"_bbp_topic_count":0,"_bbp_reply_count":0,"_bbp_total_topic_count":0,"_bbp_total_reply_count":0,"_bbp_voice_count":0,"_bbp_anonymous_reply_count":0,"_bbp_topic_count_hidden":0,"_bbp_reply_count_hidden":0,"_bbp_forum_subforum_count":0,"site-sidebar-layout":"default","site-content-layout":"","ast-site-content-layout":"","site-content-style":"default","site-sidebar-style":"default","ast-global-header-display":"","ast-banner-title-visibility":"","ast-main-header-display":"","ast-hfb-above-header-display":"","ast-hfb-below-header-display":"","ast-hfb-mobile-header-display":"","site-post-title":"","ast-breadcrumbs-content":"","ast-featured-img":"","footer-sml-layout":"","theme-transparent-header-meta":"","adv-header-id-meta":"","stick-header-meta":"","header-above-stick-meta":"","header-main-stick-meta":"","header-below-stick-meta":"","astra-migrate-meta-layouts":"default","ast-page-background-enabled":"default","ast-page-background-meta":{"desktop":{"background-color":"var(--ast-global-color-4)","background-image":"","background-repeat":"repeat","background-position":"center center","background-size":"auto","background-attachment":"scroll","background-type":"","background-media":"","overlay-type":"","overlay-color":"","overlay-opacity":"","overlay-gradient":""},"tablet":{"background-color":"","background-image":"","background-repeat":"repeat","background-position":"center center","background-size":"auto","background-attachment":"scroll","background-type":"","background-media":"","overlay-type":"","overlay-color":"","overlay-opacity":"","overlay-gradient":""},"mobile":{"background-color":"","background-image":"","background-repeat":"repeat","background-position":"center center","background-size":"auto","background-attachment":"scroll","background-type":"","background-media":"","overlay-type":"","overlay-color":"","overlay-opacity":"","overlay-gradient":""}},"ast-content-background-meta":{"desktop":{"background-color":"var(--ast-global-color-5)","background-image":"","background-repeat":"repeat","background-position":"center center","background-size":"auto","background-attachment":"scroll","background-type":"","background-media":"","overlay-type":"","overlay-color":"","overlay-opacity":"","overlay-gradient":""},"tablet":{"background-color":"var(--ast-global-color-5)","background-image":"","background-repeat":"repeat","background-position":"center center","background-size":"auto","background-attachment":"scroll","background-type":"","background-media":"","overlay-type":"","overlay-color":"","overlay-opacity":"","overlay-gradient":""},"mobile":{"background-color":"var(--ast-global-color-5)","background-image":"","background-repeat":"repeat","background-position":"center center","background-size":"auto","background-attachment":"scroll","background-type":"","background-media":"","overlay-type":"","overlay-color":"","overlay-opacity":"","overlay-gradient":""}},"footnotes":""},"categories":[13,4,5],"tags":[138,255,351,318,349,350,353,264,354,352,72,259,16],"class_list":["post-20803","post","type-post","status-publish","format-standard","hentry","category-4t","category-portada","category-primaria","tag-ciclemitja","tag-entorn","tag-finca","tag-floracio","tag-interdisciplinar","tag-kiwis","tag-mascleifemella","tag-medinatural","tag-plantacio","tag-pollinitzacio","tag-primaria","tag-projecte","tag-sortides"],"post_mailing_queue_ids":[],"_links":{"self":[{"href":"https:\/\/agora.xtec.cat\/escalmacelles\/wp-json\/wp\/v2\/posts\/20803","targetHints":{"allow":["GET"]}}],"collection":[{"href":"https:\/\/agora.xtec.cat\/escalmacelles\/wp-json\/wp\/v2\/posts"}],"about":[{"href":"https:\/\/agora.xtec.cat\/escalmacelles\/wp-json\/wp\/v2\/types\/post"}],"author":[{"embeddable":true,"href":"https:\/\/agora.xtec.cat\/escalmacelles\/wp-json\/wp\/v2\/users\/13"}],"replies":[{"embeddable":true,"href":"https:\/\/agora.xtec.cat\/escalmacelles\/wp-json\/wp\/v2\/comments?post=20803"}],"version-history":[{"count":2,"href":"https:\/\/agora.xtec.cat\/escalmacelles\/wp-json\/wp\/v2\/posts\/20803\/revisions"}],"predecessor-version":[{"id":20806,"href":"https:\/\/agora.xtec.cat\/escalmacelles\/wp-json\/wp\/v2\/posts\/20803\/revisions\/20806"}],"wp:attachment":[{"href":"https:\/\/agora.xtec.cat\/escalmacelles\/wp-json\/wp\/v2\/media?parent=20803"}],"wp:term":[{"taxonomy":"category","embeddable":true,"href":"https:\/\/agora.xtec.cat\/escalmacelles\/wp-json\/wp\/v2\/categories?post=20803"},{"taxonomy":"post_tag","embeddable":true,"href":"https:\/\/agora.xtec.cat\/escalmacelles\/wp-json\/wp\/v2\/tags?post=20803"}],"curies":[{"name":"wp","href":"https:\/\/api.w.org\/{rel}","templated":true}]}}