{"id":20770,"date":"2021-05-05T15:20:26","date_gmt":"2021-05-05T13:20:26","guid":{"rendered":"http:\/\/agora.xtec.cat\/escalmacelles\/?p=20770"},"modified":"2022-10-04T20:19:23","modified_gmt":"2022-10-04T18:19:23","slug":"entrega-de-premis-josep-carner-2021","status":"publish","type":"post","link":"https:\/\/agora.xtec.cat\/escalmacelles\/portada\/entrega-de-premis-josep-carner-2021\/","title":{"rendered":"Entrega de premis Josep Carner 2021"},"content":{"rendered":"<p>El darrer <strong>23 d&#8217;Abril<\/strong> i coincidint amb la diada de Sant Jordi, vam celebrar, com cada any, l&#8217;entrega de premis del <strong>concurs literari de poesia de Josep Carner<\/strong>.<\/p>\n<p>Com ja \u00e9s costum, des de l&#8217;escola hi participem tots els nivells de prim\u00e0ria i ja forma part d&#8217;una activitat liter\u00e0ria engrescadora per l&#8217;alumnat.<\/p>\n<p>Enguany, els i les premiats i premiades han estat:<\/p>\n<p><strong>Primer curs:<\/strong><\/p>\n<ul>\n<li>1r premi: &#8220;La bruixa menja una maduixa &#8230;&#8221;, Muhamad Hassan Jabran.<\/li>\n<li>Acc\u00e8ssit: &#8220;L&#8217;Eva es menja la pera &#8230;&#8221;, Ant\u00f2nia Tuluc.<\/li>\n<\/ul>\n<p><strong>2n curs:\u00a0<\/strong><\/p>\n<ul>\n<li>1r premi: &#8220;Verdures al meu hort&#8221;, Healy Manent Daquel.<\/li>\n<li>Acc\u00e8ssit: &#8220;L&#8217;hort del meu padr\u00ed&#8221;, Arnau Quintana.<\/li>\n<\/ul>\n<p><strong>Cicle mitj\u00e0:<\/strong><\/p>\n<ul>\n<li>1r premi: &#8220;El meu hort&#8221;, Guillem Bartol\u00ed.<\/li>\n<li>Acc\u00e8ssit: &#8220;Fruites i hortalisses&#8221;, In\u00e9s Guerrero.<\/li>\n<\/ul>\n<p><strong>Cicle superior:\u00a0<\/strong><\/p>\n<ul>\n<li>1r premi: &#8220;Menjar saludable&#8221;, Idoia Lalana.<\/li>\n<li>Acc\u00e8ssit: &#8220;Gerd&#8221;, Guillem Lorenzo.<\/li>\n<\/ul>\n<p>Enhorabona a tothom, participants i guanyadors\/es!!<\/p>\n<p style=\"text-align: center\"><em>Si cliqueu a sobre de la imatge podreu accedir a la resta d&#8217;imatges de la galeria.\u00a0<\/em><\/p>\n<p><a href=\"https:\/\/photos.app.goo.gl\/csDNCzjBpLLxmaXS9\"><img loading=\"lazy\" decoding=\"async\" class=\"alignnone size-large wp-image-20771\" src=\"https:\/\/agora.xtec.cat\/escalmacelles\/wp-content\/uploads\/usu1902\/2021\/05\/IMG_6521-1024x682.jpg\" alt=\"\" width=\"1024\" height=\"682\" srcset=\"https:\/\/agora.xtec.cat\/escalmacelles\/wp-content\/uploads\/usu1902\/2021\/05\/IMG_6521.jpg 1024w, https:\/\/agora.xtec.cat\/escalmacelles\/wp-content\/uploads\/usu1902\/2021\/05\/IMG_6521-300x200.jpg 300w, https:\/\/agora.xtec.cat\/escalmacelles\/wp-content\/uploads\/usu1902\/2021\/05\/IMG_6521-768x512.jpg 768w\" sizes=\"auto, (max-width: 1024px) 100vw, 1024px\" \/><\/a><\/p>\n","protected":false},"excerpt":{"rendered":"<p>El darrer 23 d&#8217;Abril i coincidint amb la diada de Sant Jordi, vam celebrar, com cada any, l&#8217;entrega de premis del concurs literari de poesia de Josep Carner. Com ja \u00e9s costum, des de l&#8217;escola hi participem tots els nivells de prim\u00e0ria i ja forma part d&#8217;una activitat liter\u00e0ria engrescadora per l&#8217;alumnat. Enguany, els i [&hellip;]<\/p>\n","protected":false},"author":13,"featured_media":0,"comment_status":"closed","ping_status":"closed","sticky":false,"template":"","format":"standard","meta":{"_bbp_topic_count":0,"_bbp_reply_count":0,"_bbp_total_topic_count":0,"_bbp_total_reply_count":0,"_bbp_voice_count":0,"_bbp_anonymous_reply_count":0,"_bbp_topic_count_hidden":0,"_bbp_reply_count_hidden":0,"_bbp_forum_subforum_count":0,"site-sidebar-layout":"default","site-content-layout":"","ast-site-content-layout":"","site-content-style":"default","site-sidebar-style":"default","ast-global-header-display":"","ast-banner-title-visibility":"","ast-main-header-display":"","ast-hfb-above-header-display":"","ast-hfb-below-header-display":"","ast-hfb-mobile-header-display":"","site-post-title":"","ast-breadcrumbs-content":"","ast-featured-img":"","footer-sml-layout":"","theme-transparent-header-meta":"","adv-header-id-meta":"","stick-header-meta":"","header-above-stick-meta":"","header-main-stick-meta":"","header-below-stick-meta":"","astra-migrate-meta-layouts":"default","ast-page-background-enabled":"default","ast-page-background-meta":{"desktop":{"background-color":"var(--ast-global-color-4)","background-image":"","background-repeat":"repeat","background-position":"center center","background-size":"auto","background-attachment":"scroll","background-type":"","background-media":"","overlay-type":"","overlay-color":"","overlay-opacity":"","overlay-gradient":""},"tablet":{"background-color":"","background-image":"","background-repeat":"repeat","background-position":"center center","background-size":"auto","background-attachment":"scroll","background-type":"","background-media":"","overlay-type":"","overlay-color":"","overlay-opacity":"","overlay-gradient":""},"mobile":{"background-color":"","background-image":"","background-repeat":"repeat","background-position":"center center","background-size":"auto","background-attachment":"scroll","background-type":"","background-media":"","overlay-type":"","overlay-color":"","overlay-opacity":"","overlay-gradient":""}},"ast-content-background-meta":{"desktop":{"background-color":"var(--ast-global-color-5)","background-image":"","background-repeat":"repeat","background-position":"center center","background-size":"auto","background-attachment":"scroll","background-type":"","background-media":"","overlay-type":"","overlay-color":"","overlay-opacity":"","overlay-gradient":""},"tablet":{"background-color":"var(--ast-global-color-5)","background-image":"","background-repeat":"repeat","background-position":"center center","background-size":"auto","background-attachment":"scroll","background-type":"","background-media":"","overlay-type":"","overlay-color":"","overlay-opacity":"","overlay-gradient":""},"mobile":{"background-color":"var(--ast-global-color-5)","background-image":"","background-repeat":"repeat","background-position":"center center","background-size":"auto","background-attachment":"scroll","background-type":"","background-media":"","overlay-type":"","overlay-color":"","overlay-opacity":"","overlay-gradient":""}},"footnotes":""},"categories":[13,4,5],"tags":[344,343,136,104,72,116],"class_list":["post-20770","post","type-post","status-publish","format-standard","hentry","category-4t","category-portada","category-primaria","tag-entregadepremis","tag-josepcarner","tag-literaris","tag-poesia","tag-primaria","tag-santjordi"],"post_mailing_queue_ids":[],"_links":{"self":[{"href":"https:\/\/agora.xtec.cat\/escalmacelles\/wp-json\/wp\/v2\/posts\/20770","targetHints":{"allow":["GET"]}}],"collection":[{"href":"https:\/\/agora.xtec.cat\/escalmacelles\/wp-json\/wp\/v2\/posts"}],"about":[{"href":"https:\/\/agora.xtec.cat\/escalmacelles\/wp-json\/wp\/v2\/types\/post"}],"author":[{"embeddable":true,"href":"https:\/\/agora.xtec.cat\/escalmacelles\/wp-json\/wp\/v2\/users\/13"}],"replies":[{"embeddable":true,"href":"https:\/\/agora.xtec.cat\/escalmacelles\/wp-json\/wp\/v2\/comments?post=20770"}],"version-history":[{"count":2,"href":"https:\/\/agora.xtec.cat\/escalmacelles\/wp-json\/wp\/v2\/posts\/20770\/revisions"}],"predecessor-version":[{"id":20773,"href":"https:\/\/agora.xtec.cat\/escalmacelles\/wp-json\/wp\/v2\/posts\/20770\/revisions\/20773"}],"wp:attachment":[{"href":"https:\/\/agora.xtec.cat\/escalmacelles\/wp-json\/wp\/v2\/media?parent=20770"}],"wp:term":[{"taxonomy":"category","embeddable":true,"href":"https:\/\/agora.xtec.cat\/escalmacelles\/wp-json\/wp\/v2\/categories?post=20770"},{"taxonomy":"post_tag","embeddable":true,"href":"https:\/\/agora.xtec.cat\/escalmacelles\/wp-json\/wp\/v2\/tags?post=20770"}],"curies":[{"name":"wp","href":"https:\/\/api.w.org\/{rel}","templated":true}]}}