{"id":20588,"date":"2021-03-19T15:38:30","date_gmt":"2021-03-19T14:38:30","guid":{"rendered":"http:\/\/agora.xtec.cat\/escalmacelles\/?p=20588"},"modified":"2022-10-04T20:20:08","modified_gmt":"2022-10-04T18:20:08","slug":"ens-visiten-els-agents-rurals","status":"publish","type":"post","link":"https:\/\/agora.xtec.cat\/escalmacelles\/portada\/ens-visiten-els-agents-rurals\/","title":{"rendered":"Ens visiten els agents rurals!"},"content":{"rendered":"<p>Aquesta setmana ens han visitat els <strong>agents rurals<\/strong> per a fer unes xerrades a cicle mitj\u00e0.<\/p>\n<p>Com cada any, aprofitem al m\u00e0xim les experi\u00e8ncies que ens ofereixen perqu\u00e8 ens parlen de <strong>la fauna del nostre entorn i de la seva feina<\/strong>. Tenim la sort de viure en una zona rural,\u00a0 amb un medi faun\u00edstic impressionant i preci\u00f3s al nostre abast.<\/p>\n<p>Endem\u00e9s, enguany<strong> tota l\u2019escola<\/strong> hem pogut gaudir de <strong>l\u2019alliberament<\/strong> en directe d\u2019una au anomenada <strong>Esplugabous<\/strong>, que despr\u00e9s de recuperar-se ha pogut tornar al seu h\u00e0bitat. Ha estat un moment m\u00e0gic!<\/p>\n<p>&nbsp;<\/p>\n<p><strong>Moltes gr\u00e0cies<\/strong> per la feina que feu i per ensenyar-nos-la amb tant entusiasme!<\/p>\n<p><em>Clicant a sobre de la seg\u00fcent imatge podreu accedir a la galeria sencera.\u00a0<\/em><\/p>\n<p><a href=\"https:\/\/photos.app.goo.gl\/yqbhycJiT3nixrwk7\"><img loading=\"lazy\" decoding=\"async\" class=\"alignnone size-large wp-image-20589\" src=\"https:\/\/agora.xtec.cat\/escalmacelles\/wp-content\/uploads\/usu1902\/2021\/03\/image0-768x1024.jpg\" alt=\"\" width=\"768\" height=\"1024\" srcset=\"https:\/\/agora.xtec.cat\/escalmacelles\/wp-content\/uploads\/usu1902\/2021\/03\/image0.jpg 768w, https:\/\/agora.xtec.cat\/escalmacelles\/wp-content\/uploads\/usu1902\/2021\/03\/image0-225x300.jpg 225w\" sizes=\"auto, (max-width: 768px) 100vw, 768px\" \/><\/a><\/p>\n","protected":false},"excerpt":{"rendered":"<p>Aquesta setmana ens han visitat els agents rurals per a fer unes xerrades a cicle mitj\u00e0. Com cada any, aprofitem al m\u00e0xim les experi\u00e8ncies que ens ofereixen perqu\u00e8 ens parlen de la fauna del nostre entorn i de la seva feina. Tenim la sort de viure en una zona rural,\u00a0 amb un medi faun\u00edstic impressionant [&hellip;]<\/p>\n","protected":false},"author":13,"featured_media":0,"comment_status":"closed","ping_status":"closed","sticky":false,"template":"","format":"standard","meta":{"_bbp_topic_count":0,"_bbp_reply_count":0,"_bbp_total_topic_count":0,"_bbp_total_reply_count":0,"_bbp_voice_count":0,"_bbp_anonymous_reply_count":0,"_bbp_topic_count_hidden":0,"_bbp_reply_count_hidden":0,"_bbp_forum_subforum_count":0,"site-sidebar-layout":"default","site-content-layout":"","ast-site-content-layout":"","site-content-style":"default","site-sidebar-style":"default","ast-global-header-display":"","ast-banner-title-visibility":"","ast-main-header-display":"","ast-hfb-above-header-display":"","ast-hfb-below-header-display":"","ast-hfb-mobile-header-display":"","site-post-title":"","ast-breadcrumbs-content":"","ast-featured-img":"","footer-sml-layout":"","theme-transparent-header-meta":"","adv-header-id-meta":"","stick-header-meta":"","header-above-stick-meta":"","header-main-stick-meta":"","header-below-stick-meta":"","astra-migrate-meta-layouts":"default","ast-page-background-enabled":"default","ast-page-background-meta":{"desktop":{"background-color":"var(--ast-global-color-4)","background-image":"","background-repeat":"repeat","background-position":"center center","background-size":"auto","background-attachment":"scroll","background-type":"","background-media":"","overlay-type":"","overlay-color":"","overlay-opacity":"","overlay-gradient":""},"tablet":{"background-color":"","background-image":"","background-repeat":"repeat","background-position":"center center","background-size":"auto","background-attachment":"scroll","background-type":"","background-media":"","overlay-type":"","overlay-color":"","overlay-opacity":"","overlay-gradient":""},"mobile":{"background-color":"","background-image":"","background-repeat":"repeat","background-position":"center center","background-size":"auto","background-attachment":"scroll","background-type":"","background-media":"","overlay-type":"","overlay-color":"","overlay-opacity":"","overlay-gradient":""}},"ast-content-background-meta":{"desktop":{"background-color":"var(--ast-global-color-5)","background-image":"","background-repeat":"repeat","background-position":"center center","background-size":"auto","background-attachment":"scroll","background-type":"","background-media":"","overlay-type":"","overlay-color":"","overlay-opacity":"","overlay-gradient":""},"tablet":{"background-color":"var(--ast-global-color-5)","background-image":"","background-repeat":"repeat","background-position":"center center","background-size":"auto","background-attachment":"scroll","background-type":"","background-media":"","overlay-type":"","overlay-color":"","overlay-opacity":"","overlay-gradient":""},"mobile":{"background-color":"var(--ast-global-color-5)","background-image":"","background-repeat":"repeat","background-position":"center center","background-size":"auto","background-attachment":"scroll","background-type":"","background-media":"","overlay-type":"","overlay-color":"","overlay-opacity":"","overlay-gradient":""}},"footnotes":""},"categories":[13,4,5],"tags":[327,328,326,138,255,77,205,122,329,330,72],"class_list":["post-20588","post","type-post","status-publish","format-standard","hentry","category-4t","category-portada","category-primaria","tag-agentsrurals","tag-alliberament","tag-aus","tag-ciclemitja","tag-entorn","tag-escola","tag-fauna","tag-gaudim","tag-mediambient","tag-monrural","tag-primaria"],"post_mailing_queue_ids":[],"_links":{"self":[{"href":"https:\/\/agora.xtec.cat\/escalmacelles\/wp-json\/wp\/v2\/posts\/20588","targetHints":{"allow":["GET"]}}],"collection":[{"href":"https:\/\/agora.xtec.cat\/escalmacelles\/wp-json\/wp\/v2\/posts"}],"about":[{"href":"https:\/\/agora.xtec.cat\/escalmacelles\/wp-json\/wp\/v2\/types\/post"}],"author":[{"embeddable":true,"href":"https:\/\/agora.xtec.cat\/escalmacelles\/wp-json\/wp\/v2\/users\/13"}],"replies":[{"embeddable":true,"href":"https:\/\/agora.xtec.cat\/escalmacelles\/wp-json\/wp\/v2\/comments?post=20588"}],"version-history":[{"count":3,"href":"https:\/\/agora.xtec.cat\/escalmacelles\/wp-json\/wp\/v2\/posts\/20588\/revisions"}],"predecessor-version":[{"id":20592,"href":"https:\/\/agora.xtec.cat\/escalmacelles\/wp-json\/wp\/v2\/posts\/20588\/revisions\/20592"}],"wp:attachment":[{"href":"https:\/\/agora.xtec.cat\/escalmacelles\/wp-json\/wp\/v2\/media?parent=20588"}],"wp:term":[{"taxonomy":"category","embeddable":true,"href":"https:\/\/agora.xtec.cat\/escalmacelles\/wp-json\/wp\/v2\/categories?post=20588"},{"taxonomy":"post_tag","embeddable":true,"href":"https:\/\/agora.xtec.cat\/escalmacelles\/wp-json\/wp\/v2\/tags?post=20588"}],"curies":[{"name":"wp","href":"https:\/\/api.w.org\/{rel}","templated":true}]}}