{"id":20585,"date":"2021-03-12T13:15:57","date_gmt":"2021-03-12T12:15:57","guid":{"rendered":"http:\/\/agora.xtec.cat\/escalmacelles\/?p=20585"},"modified":"2022-10-04T22:33:02","modified_gmt":"2022-10-04T20:33:02","slug":"arbres-florits-4t","status":"publish","type":"post","link":"https:\/\/agora.xtec.cat\/escalmacelles\/portada\/arbres-florits-4t\/","title":{"rendered":"Arbres florits 4t"},"content":{"rendered":"<p>Els i les de quart hem aprofitat els \u00faltims dies de floraci\u00f3 per anar a veure els camps florits de l&#8217;entorn d\u2019 Almacelles i de l&#8217;escola.<\/p>\n<p>Hem pogut veure un bancal de <strong>pruneres<\/strong>, un de <strong>figueres<\/strong> i un <strong>d&#8217;ametllers<\/strong>.<\/p>\n<p>Hem observat les caracter\u00edstiques de cada tipus d\u2019arbre i llurs flors, que ja hav\u00edem treballat a classe.<\/p>\n<p>La floraci\u00f3 ja s\u2019acaba i comen\u00e7a a sortir la fulla, \u00e9s per aix\u00f2 que hem comprovat que a dins de cada flor ja hi ha el que ser\u00e0 el fruit, enlla\u00e7at amb el pistil. Ha estat un aspecte que ens ha despertat molta curiositat!<\/p>\n<p>Fent <em>clic<\/em> a la imatge seg\u00fcent podreu accedir a la galeria d\u2019imatges de la sortida d\u2019avui.<\/p>\n<p><a href=\"https:\/\/photos.app.goo.gl\/1hJBFiXrSA5fVr8w6\"><img loading=\"lazy\" decoding=\"async\" class=\"alignnone size-large wp-image-20586\" src=\"https:\/\/agora.xtec.cat\/escalmacelles\/wp-content\/uploads\/usu1902\/2021\/03\/arbres-florits-1024x768.jpg\" alt=\"\" width=\"1024\" height=\"768\" srcset=\"https:\/\/agora.xtec.cat\/escalmacelles\/wp-content\/uploads\/usu1902\/2021\/03\/arbres-florits.jpg 1024w, https:\/\/agora.xtec.cat\/escalmacelles\/wp-content\/uploads\/usu1902\/2021\/03\/arbres-florits-300x225.jpg 300w, https:\/\/agora.xtec.cat\/escalmacelles\/wp-content\/uploads\/usu1902\/2021\/03\/arbres-florits-768x576.jpg 768w, https:\/\/agora.xtec.cat\/escalmacelles\/wp-content\/uploads\/usu1902\/2021\/03\/arbres-florits-200x150.jpg 200w\" sizes=\"auto, (max-width: 1024px) 100vw, 1024px\" \/><\/a><\/p>\n","protected":false},"excerpt":{"rendered":"<p>Els i les de quart hem aprofitat els \u00faltims dies de floraci\u00f3 per anar a veure els camps florits de l&#8217;entorn d\u2019 Almacelles i de l&#8217;escola. Hem pogut veure un bancal de pruneres, un de figueres i un d&#8217;ametllers. Hem observat les caracter\u00edstiques de cada tipus d\u2019arbre i llurs flors, que ja hav\u00edem treballat a [&hellip;]<\/p>\n","protected":false},"author":13,"featured_media":0,"comment_status":"closed","ping_status":"closed","sticky":false,"template":"","format":"standard","meta":{"_bbp_topic_count":0,"_bbp_reply_count":0,"_bbp_total_topic_count":0,"_bbp_total_reply_count":0,"_bbp_voice_count":0,"_bbp_anonymous_reply_count":0,"_bbp_topic_count_hidden":0,"_bbp_reply_count_hidden":0,"_bbp_forum_subforum_count":0,"site-sidebar-layout":"default","site-content-layout":"","ast-site-content-layout":"","site-content-style":"default","site-sidebar-style":"default","ast-global-header-display":"","ast-banner-title-visibility":"","ast-main-header-display":"","ast-hfb-above-header-display":"","ast-hfb-below-header-display":"","ast-hfb-mobile-header-display":"","site-post-title":"","ast-breadcrumbs-content":"","ast-featured-img":"","footer-sml-layout":"","theme-transparent-header-meta":"","adv-header-id-meta":"","stick-header-meta":"","header-above-stick-meta":"","header-main-stick-meta":"","header-below-stick-meta":"","astra-migrate-meta-layouts":"default","ast-page-background-enabled":"default","ast-page-background-meta":{"desktop":{"background-color":"var(--ast-global-color-4)","background-image":"","background-repeat":"repeat","background-position":"center center","background-size":"auto","background-attachment":"scroll","background-type":"","background-media":"","overlay-type":"","overlay-color":"","overlay-opacity":"","overlay-gradient":""},"tablet":{"background-color":"","background-image":"","background-repeat":"repeat","background-position":"center center","background-size":"auto","background-attachment":"scroll","background-type":"","background-media":"","overlay-type":"","overlay-color":"","overlay-opacity":"","overlay-gradient":""},"mobile":{"background-color":"","background-image":"","background-repeat":"repeat","background-position":"center center","background-size":"auto","background-attachment":"scroll","background-type":"","background-media":"","overlay-type":"","overlay-color":"","overlay-opacity":"","overlay-gradient":""}},"ast-content-background-meta":{"desktop":{"background-color":"var(--ast-global-color-5)","background-image":"","background-repeat":"repeat","background-position":"center center","background-size":"auto","background-attachment":"scroll","background-type":"","background-media":"","overlay-type":"","overlay-color":"","overlay-opacity":"","overlay-gradient":""},"tablet":{"background-color":"var(--ast-global-color-5)","background-image":"","background-repeat":"repeat","background-position":"center center","background-size":"auto","background-attachment":"scroll","background-type":"","background-media":"","overlay-type":"","overlay-color":"","overlay-opacity":"","overlay-gradient":""},"mobile":{"background-color":"var(--ast-global-color-5)","background-image":"","background-repeat":"repeat","background-position":"center center","background-size":"auto","background-attachment":"scroll","background-type":"","background-media":"","overlay-type":"","overlay-color":"","overlay-opacity":"","overlay-gradient":""}},"footnotes":""},"categories":[13,4,5],"tags":[76,321,71,317,77,323,318,319,74,324,325,72,322,73,78,320],"class_list":["post-20585","post","type-post","status-publish","format-standard","hentry","category-4t","category-portada","category-primaria","tag-almacelles","tag-ametllers","tag-arbres","tag-arbresflorits","tag-escola","tag-figueres","tag-floracio","tag-localitat","tag-natura","tag-pistil","tag-plantes","tag-primaria","tag-pruneres","tag-quart","tag-sortida","tag-termemunicipaldalmacelles"],"post_mailing_queue_ids":[],"_links":{"self":[{"href":"https:\/\/agora.xtec.cat\/escalmacelles\/wp-json\/wp\/v2\/posts\/20585","targetHints":{"allow":["GET"]}}],"collection":[{"href":"https:\/\/agora.xtec.cat\/escalmacelles\/wp-json\/wp\/v2\/posts"}],"about":[{"href":"https:\/\/agora.xtec.cat\/escalmacelles\/wp-json\/wp\/v2\/types\/post"}],"author":[{"embeddable":true,"href":"https:\/\/agora.xtec.cat\/escalmacelles\/wp-json\/wp\/v2\/users\/13"}],"replies":[{"embeddable":true,"href":"https:\/\/agora.xtec.cat\/escalmacelles\/wp-json\/wp\/v2\/comments?post=20585"}],"version-history":[{"count":1,"href":"https:\/\/agora.xtec.cat\/escalmacelles\/wp-json\/wp\/v2\/posts\/20585\/revisions"}],"predecessor-version":[{"id":20587,"href":"https:\/\/agora.xtec.cat\/escalmacelles\/wp-json\/wp\/v2\/posts\/20585\/revisions\/20587"}],"wp:attachment":[{"href":"https:\/\/agora.xtec.cat\/escalmacelles\/wp-json\/wp\/v2\/media?parent=20585"}],"wp:term":[{"taxonomy":"category","embeddable":true,"href":"https:\/\/agora.xtec.cat\/escalmacelles\/wp-json\/wp\/v2\/categories?post=20585"},{"taxonomy":"post_tag","embeddable":true,"href":"https:\/\/agora.xtec.cat\/escalmacelles\/wp-json\/wp\/v2\/tags?post=20585"}],"curies":[{"name":"wp","href":"https:\/\/api.w.org\/{rel}","templated":true}]}}