{"id":20577,"date":"2021-03-10T09:31:15","date_gmt":"2021-03-10T08:31:15","guid":{"rendered":"http:\/\/agora.xtec.cat\/escalmacelles\/?p=20577"},"modified":"2022-10-04T22:33:17","modified_gmt":"2022-10-04T20:33:17","slug":"dia-de-la-dona-dones-pageses","status":"publish","type":"post","link":"https:\/\/agora.xtec.cat\/escalmacelles\/portada\/dia-de-la-dona-dones-pageses\/","title":{"rendered":"Dia de la dona: Dones pageses"},"content":{"rendered":"<p>El passat <strong>dilluns 8 de mar\u00e7<\/strong>, com ja \u00e9s costum a la nostra escola, vam aprofitar <strong>el dia de la dona<\/strong> treballadora per a con\u00e8ixer dones que destaquen en algun \u00e0mbit.<\/p>\n<p>Enguany, aprofitant que fem el projecte d\u2019escola sobre les fruites i hortalisses, hem treballat <strong>LES DONES PAGESES.<\/strong><\/p>\n<p>Ha estat una tem\u00e0tica preciosa i molt encertada. Tot i els handicaps de la situaci\u00f3 actual amb el Covid, hem pogut assistir virtualment a una xerrada per a cada curs.<\/p>\n<p>A cicle inicial i superior, han parlat d\u2019experi\u00e8ncies de dones pageses i ramaderes i l\u2019alumnat els hi ha pogut fer preguntes.<\/p>\n<p>A cicle mitj\u00e0, a m\u00e9s a m\u00e9s, hem fet un taller de llavors i germinaci\u00f3. Des de la Uni\u00f3 de Pagesos ens han facilitat llavorers i diferents tipus de llavors.<\/p>\n<p>Les dones que ens han acompanyat virtualment durant les diferents sessions s\u00f3n:<\/p>\n<ul>\n<li>Raquel Serrat. Ramadera de bov\u00ed i equ\u00ed.<\/li>\n<li>Teresa Vendrell. Fruiters: pr\u00e9ssecs,<\/li>\n<li>Ramadera de bov\u00ed.<\/li>\n<li>Montse Mangues. Consum de proximitat, fruits del bosc&#8230;<\/li>\n<li>Merc\u00e8 Masip. Apicultura, conills, olives, ametlles&#8230;<\/li>\n<li>Montse Llosa. Cultiu de la carxofa.<\/li>\n<li>Anna Juan\u00f3s. Granja de galls dindi.<\/li>\n<li>Roc\u00edo Hern\u00e1ndez. Conreu ecol\u00f2gic.<\/li>\n<li>Les t\u00e8cniques d\u2019Uni\u00f3 de Pagesos: Bego\u00f1a Card\u00f3 i Maria Vicente<\/li>\n<\/ul>\n<p>Els donem les <strong>gr\u00e0cies<\/strong> a totes per dedicar part del seu temps a col\u00b7laborar amb la nostra escola.<\/p>\n<p>Si cliqueu a la seg\u00fcent imatge, podreu accedir a la galeria on hi ha el recull de fotografies de tots els cursos.<\/p>\n<p><a href=\"https:\/\/photos.app.goo.gl\/2NNaZzLi3XozKeMG8\"><img loading=\"lazy\" decoding=\"async\" class=\"alignnone size-large wp-image-20578\" src=\"https:\/\/agora.xtec.cat\/escalmacelles\/wp-content\/uploads\/usu1902\/2021\/03\/diadeladona-1024x768.jpg\" alt=\"\" width=\"1024\" height=\"768\" srcset=\"https:\/\/agora.xtec.cat\/escalmacelles\/wp-content\/uploads\/usu1902\/2021\/03\/diadeladona.jpg 1024w, https:\/\/agora.xtec.cat\/escalmacelles\/wp-content\/uploads\/usu1902\/2021\/03\/diadeladona-300x225.jpg 300w, https:\/\/agora.xtec.cat\/escalmacelles\/wp-content\/uploads\/usu1902\/2021\/03\/diadeladona-768x576.jpg 768w, https:\/\/agora.xtec.cat\/escalmacelles\/wp-content\/uploads\/usu1902\/2021\/03\/diadeladona-200x150.jpg 200w\" sizes=\"auto, (max-width: 1024px) 100vw, 1024px\" \/><\/a><\/p>\n","protected":false},"excerpt":{"rendered":"<p>El passat dilluns 8 de mar\u00e7, com ja \u00e9s costum a la nostra escola, vam aprofitar el dia de la dona treballadora per a con\u00e8ixer dones que destaquen en algun \u00e0mbit. Enguany, aprofitant que fem el projecte d\u2019escola sobre les fruites i hortalisses, hem treballat LES DONES PAGESES. Ha estat una tem\u00e0tica preciosa i molt [&hellip;]<\/p>\n","protected":false},"author":13,"featured_media":0,"comment_status":"closed","ping_status":"closed","sticky":false,"template":"","format":"standard","meta":{"_bbp_topic_count":0,"_bbp_reply_count":0,"_bbp_total_topic_count":0,"_bbp_total_reply_count":0,"_bbp_voice_count":0,"_bbp_anonymous_reply_count":0,"_bbp_topic_count_hidden":0,"_bbp_reply_count_hidden":0,"_bbp_forum_subforum_count":0,"site-sidebar-layout":"default","site-content-layout":"","ast-site-content-layout":"","site-content-style":"default","site-sidebar-style":"default","ast-global-header-display":"","ast-banner-title-visibility":"","ast-main-header-display":"","ast-hfb-above-header-display":"","ast-hfb-below-header-display":"","ast-hfb-mobile-header-display":"","site-post-title":"","ast-breadcrumbs-content":"","ast-featured-img":"","footer-sml-layout":"","theme-transparent-header-meta":"","adv-header-id-meta":"","stick-header-meta":"","header-above-stick-meta":"","header-main-stick-meta":"","header-below-stick-meta":"","astra-migrate-meta-layouts":"default","ast-page-background-enabled":"default","ast-page-background-meta":{"desktop":{"background-color":"var(--ast-global-color-4)","background-image":"","background-repeat":"repeat","background-position":"center center","background-size":"auto","background-attachment":"scroll","background-type":"","background-media":"","overlay-type":"","overlay-color":"","overlay-opacity":"","overlay-gradient":""},"tablet":{"background-color":"","background-image":"","background-repeat":"repeat","background-position":"center center","background-size":"auto","background-attachment":"scroll","background-type":"","background-media":"","overlay-type":"","overlay-color":"","overlay-opacity":"","overlay-gradient":""},"mobile":{"background-color":"","background-image":"","background-repeat":"repeat","background-position":"center center","background-size":"auto","background-attachment":"scroll","background-type":"","background-media":"","overlay-type":"","overlay-color":"","overlay-opacity":"","overlay-gradient":""}},"ast-content-background-meta":{"desktop":{"background-color":"var(--ast-global-color-5)","background-image":"","background-repeat":"repeat","background-position":"center center","background-size":"auto","background-attachment":"scroll","background-type":"","background-media":"","overlay-type":"","overlay-color":"","overlay-opacity":"","overlay-gradient":""},"tablet":{"background-color":"var(--ast-global-color-5)","background-image":"","background-repeat":"repeat","background-position":"center center","background-size":"auto","background-attachment":"scroll","background-type":"","background-media":"","overlay-type":"","overlay-color":"","overlay-opacity":"","overlay-gradient":""},"mobile":{"background-color":"var(--ast-global-color-5)","background-image":"","background-repeat":"repeat","background-position":"center center","background-size":"auto","background-attachment":"scroll","background-type":"","background-media":"","overlay-type":"","overlay-color":"","overlay-opacity":"","overlay-gradient":""}},"footnotes":""},"categories":[13,4,5],"tags":[314,137,138,139,312,313,77,260,130,74,72,259,315,316],"class_list":["post-20577","post","type-post","status-publish","format-standard","hentry","category-4t","category-portada","category-primaria","tag-agricultura","tag-cicleinicial","tag-ciclemitja","tag-ciclesuperior","tag-diadeladona","tag-donespageses","tag-escola","tag-fruitesihortalisses","tag-infantil","tag-natura","tag-primaria","tag-projecte","tag-ramaderia","tag-sectorprimari"],"post_mailing_queue_ids":[],"_links":{"self":[{"href":"https:\/\/agora.xtec.cat\/escalmacelles\/wp-json\/wp\/v2\/posts\/20577","targetHints":{"allow":["GET"]}}],"collection":[{"href":"https:\/\/agora.xtec.cat\/escalmacelles\/wp-json\/wp\/v2\/posts"}],"about":[{"href":"https:\/\/agora.xtec.cat\/escalmacelles\/wp-json\/wp\/v2\/types\/post"}],"author":[{"embeddable":true,"href":"https:\/\/agora.xtec.cat\/escalmacelles\/wp-json\/wp\/v2\/users\/13"}],"replies":[{"embeddable":true,"href":"https:\/\/agora.xtec.cat\/escalmacelles\/wp-json\/wp\/v2\/comments?post=20577"}],"version-history":[{"count":1,"href":"https:\/\/agora.xtec.cat\/escalmacelles\/wp-json\/wp\/v2\/posts\/20577\/revisions"}],"predecessor-version":[{"id":20579,"href":"https:\/\/agora.xtec.cat\/escalmacelles\/wp-json\/wp\/v2\/posts\/20577\/revisions\/20579"}],"wp:attachment":[{"href":"https:\/\/agora.xtec.cat\/escalmacelles\/wp-json\/wp\/v2\/media?parent=20577"}],"wp:term":[{"taxonomy":"category","embeddable":true,"href":"https:\/\/agora.xtec.cat\/escalmacelles\/wp-json\/wp\/v2\/categories?post=20577"},{"taxonomy":"post_tag","embeddable":true,"href":"https:\/\/agora.xtec.cat\/escalmacelles\/wp-json\/wp\/v2\/tags?post=20577"}],"curies":[{"name":"wp","href":"https:\/\/api.w.org\/{rel}","templated":true}]}}