{"id":20348,"date":"2020-12-21T12:52:57","date_gmt":"2020-12-21T11:52:57","guid":{"rendered":"http:\/\/agora.xtec.cat\/escalmacelles\/?p=20348"},"modified":"2022-10-04T22:35:59","modified_gmt":"2022-10-04T20:35:59","slug":"la-final-del-torneig-de-multiplicacions-de-4t","status":"publish","type":"post","link":"https:\/\/agora.xtec.cat\/escalmacelles\/portada\/la-final-del-torneig-de-multiplicacions-de-4t\/","title":{"rendered":"La final del torneig de multiplicacions de 4t!!!"},"content":{"rendered":"<p>Avui, dia 21 de desembre i final de trimestre, hem celebrat la final del torneig de multiplicacions de 4t.<\/p>\n<p>Ha estat un mat\u00ed emocionant alhora que replet de nervis i pessigolles a la panxa, sobre tot per al i les finalistes de les tres classes.<\/p>\n<p>Per\u00f2 encara no sabeu el m\u00e9s curi\u00f3s&#8230; El i les tres finalistes s\u00f3n fam\u00edlia!! S\u00ed, s\u00ed, ho heu sentit b\u00e9. Es tracta de l&#8217;Ares Juan\u00f3s (4t A), el Roc Juan\u00f3s (4t B) i la Gemma Juan\u00f3s (4t C), est\u00e0 clar que la saga Juan\u00f3s t\u00e9 certa habilitat en les matem\u00e0tiques!<\/p>\n<p>La resta de companys i companyes, com era d&#8217;esperar, hem estat animant durant tota la final als nostres finalistes i al mateix temps, hem aprofitat per anar seguint les jugades en <em>streaming<\/em> des de les classes!<\/p>\n<p>Si cliqueu a sobre de la imatge, podreu accedir a la galeria.<\/p>\n<p><a href=\"https:\/\/photos.app.goo.gl\/Gar69NiuUs9udmxD7\"><img loading=\"lazy\" decoding=\"async\" class=\"alignnone size-large wp-image-20349\" src=\"https:\/\/agora.xtec.cat\/escalmacelles\/wp-content\/uploads\/usu1902\/2020\/12\/torneig-11-1024x768.jpg\" alt=\"\" width=\"1024\" height=\"768\" srcset=\"https:\/\/agora.xtec.cat\/escalmacelles\/wp-content\/uploads\/usu1902\/2020\/12\/torneig-11.jpg 1024w, https:\/\/agora.xtec.cat\/escalmacelles\/wp-content\/uploads\/usu1902\/2020\/12\/torneig-11-300x225.jpg 300w, https:\/\/agora.xtec.cat\/escalmacelles\/wp-content\/uploads\/usu1902\/2020\/12\/torneig-11-768x576.jpg 768w, https:\/\/agora.xtec.cat\/escalmacelles\/wp-content\/uploads\/usu1902\/2020\/12\/torneig-11-200x150.jpg 200w\" sizes=\"auto, (max-width: 1024px) 100vw, 1024px\" \/><\/a><\/p>\n","protected":false},"excerpt":{"rendered":"<p>Avui, dia 21 de desembre i final de trimestre, hem celebrat la final del torneig de multiplicacions de 4t. Ha estat un mat\u00ed emocionant alhora que replet de nervis i pessigolles a la panxa, sobre tot per al i les finalistes de les tres classes. Per\u00f2 encara no sabeu el m\u00e9s curi\u00f3s&#8230; El i les [&hellip;]<\/p>\n","protected":false},"author":13,"featured_media":0,"comment_status":"closed","ping_status":"closed","sticky":false,"template":"","format":"standard","meta":{"_bbp_topic_count":0,"_bbp_reply_count":0,"_bbp_total_topic_count":0,"_bbp_total_reply_count":0,"_bbp_voice_count":0,"_bbp_anonymous_reply_count":0,"_bbp_topic_count_hidden":0,"_bbp_reply_count_hidden":0,"_bbp_forum_subforum_count":0,"site-sidebar-layout":"default","site-content-layout":"","ast-site-content-layout":"","site-content-style":"default","site-sidebar-style":"default","ast-global-header-display":"","ast-banner-title-visibility":"","ast-main-header-display":"","ast-hfb-above-header-display":"","ast-hfb-below-header-display":"","ast-hfb-mobile-header-display":"","site-post-title":"","ast-breadcrumbs-content":"","ast-featured-img":"","footer-sml-layout":"","theme-transparent-header-meta":"","adv-header-id-meta":"","stick-header-meta":"","header-above-stick-meta":"","header-main-stick-meta":"","header-below-stick-meta":"","astra-migrate-meta-layouts":"default","ast-page-background-enabled":"default","ast-page-background-meta":{"desktop":{"background-color":"var(--ast-global-color-4)","background-image":"","background-repeat":"repeat","background-position":"center center","background-size":"auto","background-attachment":"scroll","background-type":"","background-media":"","overlay-type":"","overlay-color":"","overlay-opacity":"","overlay-gradient":""},"tablet":{"background-color":"","background-image":"","background-repeat":"repeat","background-position":"center center","background-size":"auto","background-attachment":"scroll","background-type":"","background-media":"","overlay-type":"","overlay-color":"","overlay-opacity":"","overlay-gradient":""},"mobile":{"background-color":"","background-image":"","background-repeat":"repeat","background-position":"center center","background-size":"auto","background-attachment":"scroll","background-type":"","background-media":"","overlay-type":"","overlay-color":"","overlay-opacity":"","overlay-gradient":""}},"ast-content-background-meta":{"desktop":{"background-color":"var(--ast-global-color-5)","background-image":"","background-repeat":"repeat","background-position":"center center","background-size":"auto","background-attachment":"scroll","background-type":"","background-media":"","overlay-type":"","overlay-color":"","overlay-opacity":"","overlay-gradient":""},"tablet":{"background-color":"var(--ast-global-color-5)","background-image":"","background-repeat":"repeat","background-position":"center center","background-size":"auto","background-attachment":"scroll","background-type":"","background-media":"","overlay-type":"","overlay-color":"","overlay-opacity":"","overlay-gradient":""},"mobile":{"background-color":"var(--ast-global-color-5)","background-image":"","background-repeat":"repeat","background-position":"center center","background-size":"auto","background-attachment":"scroll","background-type":"","background-media":"","overlay-type":"","overlay-color":"","overlay-opacity":"","overlay-gradient":""}},"footnotes":""},"categories":[13,4,5],"tags":[273,272,179,274,269,268,72,73,270],"class_list":["post-20348","post","type-post","status-publish","format-standard","hentry","category-4t","category-portada","category-primaria","tag-competencial","tag-competicio","tag-gamificacio","tag-joc","tag-matematiques","tag-multiplicacions","tag-primaria","tag-quart","tag-torneig"],"post_mailing_queue_ids":[],"_links":{"self":[{"href":"https:\/\/agora.xtec.cat\/escalmacelles\/wp-json\/wp\/v2\/posts\/20348","targetHints":{"allow":["GET"]}}],"collection":[{"href":"https:\/\/agora.xtec.cat\/escalmacelles\/wp-json\/wp\/v2\/posts"}],"about":[{"href":"https:\/\/agora.xtec.cat\/escalmacelles\/wp-json\/wp\/v2\/types\/post"}],"author":[{"embeddable":true,"href":"https:\/\/agora.xtec.cat\/escalmacelles\/wp-json\/wp\/v2\/users\/13"}],"replies":[{"embeddable":true,"href":"https:\/\/agora.xtec.cat\/escalmacelles\/wp-json\/wp\/v2\/comments?post=20348"}],"version-history":[{"count":1,"href":"https:\/\/agora.xtec.cat\/escalmacelles\/wp-json\/wp\/v2\/posts\/20348\/revisions"}],"predecessor-version":[{"id":20350,"href":"https:\/\/agora.xtec.cat\/escalmacelles\/wp-json\/wp\/v2\/posts\/20348\/revisions\/20350"}],"wp:attachment":[{"href":"https:\/\/agora.xtec.cat\/escalmacelles\/wp-json\/wp\/v2\/media?parent=20348"}],"wp:term":[{"taxonomy":"category","embeddable":true,"href":"https:\/\/agora.xtec.cat\/escalmacelles\/wp-json\/wp\/v2\/categories?post=20348"},{"taxonomy":"post_tag","embeddable":true,"href":"https:\/\/agora.xtec.cat\/escalmacelles\/wp-json\/wp\/v2\/tags?post=20348"}],"curies":[{"name":"wp","href":"https:\/\/api.w.org\/{rel}","templated":true}]}}