{"id":20250,"date":"2021-01-27T16:26:13","date_gmt":"2021-01-27T15:26:13","guid":{"rendered":"http:\/\/agora.xtec.cat\/escalmacelles\/?p=20250"},"modified":"2022-10-04T22:40:52","modified_gmt":"2022-10-04T20:40:52","slug":"cicle-inicial-visita-el-mau","status":"publish","type":"post","link":"https:\/\/agora.xtec.cat\/escalmacelles\/portada\/cicle-inicial-visita-el-mau\/","title":{"rendered":"CICLE INICIAL VISITA EL MAU"},"content":{"rendered":"<p>Durant el 1r trimestre, l&#8217;alumnat de 2n vam anar a visitar el MAU i l&#8217;exposici\u00f3 de l&#8217;artista Eduardo Chillida Belzunce.<\/p>\n<p>Aqu\u00ed teniu unes fotos de la nostra visita.<\/p>\n<p><a href=\"https:\/\/photos.app.goo.gl\/vtsavjgSkTUzjAUGA\"><img loading=\"lazy\" decoding=\"async\" class=\"wp-image-20422 aligncenter\" src=\"https:\/\/agora.xtec.cat\/escalmacelles\/wp-content\/uploads\/usu1902\/2021\/01\/2nC-5-1-1024x768.jpg\" alt=\"\" width=\"491\" height=\"368\" srcset=\"https:\/\/agora.xtec.cat\/escalmacelles\/wp-content\/uploads\/usu1902\/2021\/01\/2nC-5-1.jpg 1024w, https:\/\/agora.xtec.cat\/escalmacelles\/wp-content\/uploads\/usu1902\/2021\/01\/2nC-5-1-300x225.jpg 300w, https:\/\/agora.xtec.cat\/escalmacelles\/wp-content\/uploads\/usu1902\/2021\/01\/2nC-5-1-768x576.jpg 768w, https:\/\/agora.xtec.cat\/escalmacelles\/wp-content\/uploads\/usu1902\/2021\/01\/2nC-5-1-200x150.jpg 200w\" sizes=\"auto, (max-width: 491px) 100vw, 491px\" \/><\/a><\/p>\n<p>Despr\u00e9s de la visita vam estar parlant a les classes i l&#8217;alumnat de 2n, que som uns petits grans escriptors, vam escriure aquest text entre tots i totes:<\/p>\n<p><strong>&#8220;Els nens i nenes de 2n vam anar al MAU a veure les escultures de Eduardo Chillida Belzunce.<\/strong><\/p>\n<p><strong>Primer de tot ens van ensenyar les escultures de fora del museu. La columna, que representava la ment i els homes que estiraven la pedra que representaven el treball en equip i l\u2019ajuda.<\/strong><\/p>\n<p><strong>Despr\u00e9s vam entrar i vam veure un v\u00eddeo de com treballava l\u2019escultor Eduardo Chillida Belzunce, estava fent una m\u00e0 de fang. Treballava nom\u00e9s amb una m\u00e0, la m\u00e0 esquerra, ja que va tenir un accident de moto i es va quedar paralitzat del costat dret. Va haver d\u2019aprendre a fer-ho tot amb la m\u00e0 esquerra.<\/strong><\/p>\n<p><strong>Seguidament, vam veure una escultura d\u2019una m\u00e0 feta de bronze, tamb\u00e9 ens van ensenyar una obra de bronze que s\u2019obria per la meitat per observar que estava buida, per\u00f2 ens va explicar que pesava 120kg. Al costat de l\u2019escala vam veure una obra d\u2019una dona que s\u2019assemblava als \u201cOscar\u201d i a la part de sota tenia sorra de marbre.<\/strong><\/p>\n<p><strong>Despr\u00e9s vam pujar a dalt i al costat de l\u2019ascensor vam trobar una escultura de dues mans fetes de bronze.<\/strong><\/p>\n<p><strong>Aleshores vam entrar a una sala on vam trobar la mateixa m\u00e0 que al primer pis per\u00f2 feta de terracota barrejada amb sorra de marbre, era de color groguenc. Tamb\u00e9 hi havia escultures de persones esteses al terra fetes del mateix material, per\u00f2 de color marr\u00f3 perqu\u00e8 havia posat m\u00e9s fang que sorra de marbre.<\/strong><\/p>\n<p><strong>Altres escultures que vam veure s\u00f3n les del gat, les banyes del toro i les tres cares. Tamb\u00e9 hi havia molts quadres perqu\u00e8 l\u2019 Eduardo tamb\u00e9 \u00e9s pintor. Els quadres eren molt grans i es \u00a0poden veure diferents ciutats del m\u00f3n. Els colors dels quadres eren foscos.<\/strong><\/p>\n<p><strong>La visita al MAU va ser molt interessant!!!&#8221;<\/strong><\/p>\n<p>Ens va agradar tant l&#8217;exposici\u00f3 que tot l&#8217;alumnat de Cicle Inicial vam voler ser escultors i escultores. Cadasc\u00fa vam fer una escultura de l&#8217;Eduardo amb plastilina utilitzant la m\u00e0 NO dominant. Va estar dif\u00edcil per\u00f2 el resultat ens va sorprendre. Van quedar molt b\u00e9 i per aix\u00f2 nosaltres tamb\u00e9 vam fer una exposici\u00f3 a l&#8217;escola.<\/p>\n<p>L&#8217;alumnat de 2n vam continuar experimentant amb diferents materials. Per aix\u00f2 vam crear una mini escultura de la nostra m\u00e0 <span style=\"font-family: inherit;font-size: 1em\">amb fang. Despr\u00e9s la vam decorar amb pintura i finalment la vam exposar a l&#8217;escola perqu\u00e8 tothom pogu\u00e9s gaudir de les nostres obres d&#8217;art.<\/span><\/p>\n<p><a href=\"https:\/\/photos.app.goo.gl\/9SdCouY7qHxsUGPj9\"><img loading=\"lazy\" decoding=\"async\" class=\"wp-image-20423 aligncenter\" src=\"https:\/\/agora.xtec.cat\/escalmacelles\/wp-content\/uploads\/usu1902\/2021\/01\/ARTISTES-ESCOLA-3-1024x768.jpg\" alt=\"\" width=\"563\" height=\"422\" srcset=\"https:\/\/agora.xtec.cat\/escalmacelles\/wp-content\/uploads\/usu1902\/2021\/01\/ARTISTES-ESCOLA-3.jpg 1024w, https:\/\/agora.xtec.cat\/escalmacelles\/wp-content\/uploads\/usu1902\/2021\/01\/ARTISTES-ESCOLA-3-300x225.jpg 300w, https:\/\/agora.xtec.cat\/escalmacelles\/wp-content\/uploads\/usu1902\/2021\/01\/ARTISTES-ESCOLA-3-768x576.jpg 768w, https:\/\/agora.xtec.cat\/escalmacelles\/wp-content\/uploads\/usu1902\/2021\/01\/ARTISTES-ESCOLA-3-200x150.jpg 200w\" sizes=\"auto, (max-width: 563px) 100vw, 563px\" \/><\/a><\/p>\n<p>&nbsp;<\/p>\n<p>&nbsp;<\/p>\n<p>ELS I LES ARTISTES DE CICLE INICIAL<\/p>\n<p>&nbsp;<\/p>\n<p>&nbsp;<\/p>\n","protected":false},"excerpt":{"rendered":"<p>Durant el 1r trimestre, l&#8217;alumnat de 2n vam anar a visitar el MAU i l&#8217;exposici\u00f3 de l&#8217;artista Eduardo Chillida Belzunce. Aqu\u00ed teniu unes fotos de la nostra visita. Despr\u00e9s de la visita vam estar parlant a les classes i l&#8217;alumnat de 2n, que som uns petits grans escriptors, vam escriure aquest text entre tots i [&hellip;]<\/p>\n","protected":false},"author":4,"featured_media":0,"comment_status":"closed","ping_status":"closed","sticky":false,"template":"","format":"standard","meta":{"_bbp_topic_count":0,"_bbp_reply_count":0,"_bbp_total_topic_count":0,"_bbp_total_reply_count":0,"_bbp_voice_count":0,"_bbp_anonymous_reply_count":0,"_bbp_topic_count_hidden":0,"_bbp_reply_count_hidden":0,"_bbp_forum_subforum_count":0,"site-sidebar-layout":"default","site-content-layout":"","ast-site-content-layout":"","site-content-style":"default","site-sidebar-style":"default","ast-global-header-display":"","ast-banner-title-visibility":"","ast-main-header-display":"","ast-hfb-above-header-display":"","ast-hfb-below-header-display":"","ast-hfb-mobile-header-display":"","site-post-title":"","ast-breadcrumbs-content":"","ast-featured-img":"","footer-sml-layout":"","theme-transparent-header-meta":"","adv-header-id-meta":"","stick-header-meta":"","header-above-stick-meta":"","header-main-stick-meta":"","header-below-stick-meta":"","astra-migrate-meta-layouts":"default","ast-page-background-enabled":"default","ast-page-background-meta":{"desktop":{"background-color":"var(--ast-global-color-4)","background-image":"","background-repeat":"repeat","background-position":"center center","background-size":"auto","background-attachment":"scroll","background-type":"","background-media":"","overlay-type":"","overlay-color":"","overlay-opacity":"","overlay-gradient":""},"tablet":{"background-color":"","background-image":"","background-repeat":"repeat","background-position":"center center","background-size":"auto","background-attachment":"scroll","background-type":"","background-media":"","overlay-type":"","overlay-color":"","overlay-opacity":"","overlay-gradient":""},"mobile":{"background-color":"","background-image":"","background-repeat":"repeat","background-position":"center center","background-size":"auto","background-attachment":"scroll","background-type":"","background-media":"","overlay-type":"","overlay-color":"","overlay-opacity":"","overlay-gradient":""}},"ast-content-background-meta":{"desktop":{"background-color":"var(--ast-global-color-5)","background-image":"","background-repeat":"repeat","background-position":"center center","background-size":"auto","background-attachment":"scroll","background-type":"","background-media":"","overlay-type":"","overlay-color":"","overlay-opacity":"","overlay-gradient":""},"tablet":{"background-color":"var(--ast-global-color-5)","background-image":"","background-repeat":"repeat","background-position":"center center","background-size":"auto","background-attachment":"scroll","background-type":"","background-media":"","overlay-type":"","overlay-color":"","overlay-opacity":"","overlay-gradient":""},"mobile":{"background-color":"var(--ast-global-color-5)","background-image":"","background-repeat":"repeat","background-position":"center center","background-size":"auto","background-attachment":"scroll","background-type":"","background-media":"","overlay-type":"","overlay-color":"","overlay-opacity":"","overlay-gradient":""}},"footnotes":""},"categories":[11,4,5],"tags":[],"class_list":["post-20250","post","type-post","status-publish","format-standard","hentry","category-2n","category-portada","category-primaria"],"post_mailing_queue_ids":[],"_links":{"self":[{"href":"https:\/\/agora.xtec.cat\/escalmacelles\/wp-json\/wp\/v2\/posts\/20250","targetHints":{"allow":["GET"]}}],"collection":[{"href":"https:\/\/agora.xtec.cat\/escalmacelles\/wp-json\/wp\/v2\/posts"}],"about":[{"href":"https:\/\/agora.xtec.cat\/escalmacelles\/wp-json\/wp\/v2\/types\/post"}],"author":[{"embeddable":true,"href":"https:\/\/agora.xtec.cat\/escalmacelles\/wp-json\/wp\/v2\/users\/4"}],"replies":[{"embeddable":true,"href":"https:\/\/agora.xtec.cat\/escalmacelles\/wp-json\/wp\/v2\/comments?post=20250"}],"version-history":[{"count":3,"href":"https:\/\/agora.xtec.cat\/escalmacelles\/wp-json\/wp\/v2\/posts\/20250\/revisions"}],"predecessor-version":[{"id":20425,"href":"https:\/\/agora.xtec.cat\/escalmacelles\/wp-json\/wp\/v2\/posts\/20250\/revisions\/20425"}],"wp:attachment":[{"href":"https:\/\/agora.xtec.cat\/escalmacelles\/wp-json\/wp\/v2\/media?parent=20250"}],"wp:term":[{"taxonomy":"category","embeddable":true,"href":"https:\/\/agora.xtec.cat\/escalmacelles\/wp-json\/wp\/v2\/categories?post=20250"},{"taxonomy":"post_tag","embeddable":true,"href":"https:\/\/agora.xtec.cat\/escalmacelles\/wp-json\/wp\/v2\/tags?post=20250"}],"curies":[{"name":"wp","href":"https:\/\/api.w.org\/{rel}","templated":true}]}}