{"id":20245,"date":"2020-11-23T15:34:22","date_gmt":"2020-11-23T14:34:22","guid":{"rendered":"http:\/\/agora.xtec.cat\/escalmacelles\/?p=20245"},"modified":"2022-10-04T22:35:31","modified_gmt":"2022-10-04T20:35:31","slug":"torneig-de-multiplicacions","status":"publish","type":"post","link":"https:\/\/agora.xtec.cat\/escalmacelles\/portada\/torneig-de-multiplicacions\/","title":{"rendered":"TORNEIG DE MULTIPLICACIONS"},"content":{"rendered":"<p><em><strong>Qui diu que multiplicar \u00e9s avorrit?<\/strong><\/em><\/p>\n<p>Els i les de 4t hem organitzat un torneig de multiplicacions jugant a cartes.<\/p>\n<p>S\u00ed, heu llegit b\u00e9, multiplicar i jugar a cartes en una sola oraci\u00f3!<\/p>\n<p>Es tracta d\u2019un joc per parelles en el qual cadasc\u00fa llen\u00e7a a sobre de la taula una carta numerada de l\u20191 al 9. El o la m\u00e9s r\u00e0pid\/a en resoldre mentalment la multiplicaci\u00f3 s\u2019emporta la parella de cartes que hi ha a sobre de la taula.<\/p>\n<p>Guanya qui m\u00e9s cartes acumula per partida&#8230;<\/p>\n<p><em>Si dubtes de tu mateix&#8230;ja est\u00e0s derrotat!! <\/em><\/p>\n<p>Us animem a entrenar a casa!!<\/p>\n<p>Cliqueu a sobre de la imatge per accedir a l&#8217;\u00e0lbum.<\/p>\n<p><a href=\"https:\/\/photos.app.goo.gl\/Pg1tzdyB4MhRJ54DA\"><img loading=\"lazy\" decoding=\"async\" class=\"alignnone size-large wp-image-20246\" src=\"https:\/\/agora.xtec.cat\/escalmacelles\/wp-content\/uploads\/usu1902\/2020\/11\/torneig-1024x768.jpg\" alt=\"\" width=\"1024\" height=\"768\" srcset=\"https:\/\/agora.xtec.cat\/escalmacelles\/wp-content\/uploads\/usu1902\/2020\/11\/torneig-1024x768.jpg 1024w, https:\/\/agora.xtec.cat\/escalmacelles\/wp-content\/uploads\/usu1902\/2020\/11\/torneig-300x225.jpg 300w, https:\/\/agora.xtec.cat\/escalmacelles\/wp-content\/uploads\/usu1902\/2020\/11\/torneig-768x576.jpg 768w, https:\/\/agora.xtec.cat\/escalmacelles\/wp-content\/uploads\/usu1902\/2020\/11\/torneig-200x150.jpg 200w, https:\/\/agora.xtec.cat\/escalmacelles\/wp-content\/uploads\/usu1902\/2020\/11\/torneig.jpg 1365w\" sizes=\"auto, (max-width: 1024px) 100vw, 1024px\" \/><\/a><\/p>\n","protected":false},"excerpt":{"rendered":"<p>Qui diu que multiplicar \u00e9s avorrit? Els i les de 4t hem organitzat un torneig de multiplicacions jugant a cartes. S\u00ed, heu llegit b\u00e9, multiplicar i jugar a cartes en una sola oraci\u00f3! Es tracta d\u2019un joc per parelles en el qual cadasc\u00fa llen\u00e7a a sobre de la taula una carta numerada de l\u20191 al [&hellip;]<\/p>\n","protected":false},"author":13,"featured_media":0,"comment_status":"closed","ping_status":"closed","sticky":false,"template":"","format":"standard","meta":{"_bbp_topic_count":0,"_bbp_reply_count":0,"_bbp_total_topic_count":0,"_bbp_total_reply_count":0,"_bbp_voice_count":0,"_bbp_anonymous_reply_count":0,"_bbp_topic_count_hidden":0,"_bbp_reply_count_hidden":0,"_bbp_forum_subforum_count":0,"site-sidebar-layout":"default","site-content-layout":"","ast-site-content-layout":"","site-content-style":"default","site-sidebar-style":"default","ast-global-header-display":"","ast-banner-title-visibility":"","ast-main-header-display":"","ast-hfb-above-header-display":"","ast-hfb-below-header-display":"","ast-hfb-mobile-header-display":"","site-post-title":"","ast-breadcrumbs-content":"","ast-featured-img":"","footer-sml-layout":"","theme-transparent-header-meta":"","adv-header-id-meta":"","stick-header-meta":"","header-above-stick-meta":"","header-main-stick-meta":"","header-below-stick-meta":"","astra-migrate-meta-layouts":"default","ast-page-background-enabled":"default","ast-page-background-meta":{"desktop":{"background-color":"var(--ast-global-color-4)","background-image":"","background-repeat":"repeat","background-position":"center center","background-size":"auto","background-attachment":"scroll","background-type":"","background-media":"","overlay-type":"","overlay-color":"","overlay-opacity":"","overlay-gradient":""},"tablet":{"background-color":"","background-image":"","background-repeat":"repeat","background-position":"center center","background-size":"auto","background-attachment":"scroll","background-type":"","background-media":"","overlay-type":"","overlay-color":"","overlay-opacity":"","overlay-gradient":""},"mobile":{"background-color":"","background-image":"","background-repeat":"repeat","background-position":"center center","background-size":"auto","background-attachment":"scroll","background-type":"","background-media":"","overlay-type":"","overlay-color":"","overlay-opacity":"","overlay-gradient":""}},"ast-content-background-meta":{"desktop":{"background-color":"var(--ast-global-color-5)","background-image":"","background-repeat":"repeat","background-position":"center center","background-size":"auto","background-attachment":"scroll","background-type":"","background-media":"","overlay-type":"","overlay-color":"","overlay-opacity":"","overlay-gradient":""},"tablet":{"background-color":"var(--ast-global-color-5)","background-image":"","background-repeat":"repeat","background-position":"center center","background-size":"auto","background-attachment":"scroll","background-type":"","background-media":"","overlay-type":"","overlay-color":"","overlay-opacity":"","overlay-gradient":""},"mobile":{"background-color":"var(--ast-global-color-5)","background-image":"","background-repeat":"repeat","background-position":"center center","background-size":"auto","background-attachment":"scroll","background-type":"","background-media":"","overlay-type":"","overlay-color":"","overlay-opacity":"","overlay-gradient":""}},"footnotes":""},"categories":[13,4,5],"tags":[271,138,269,268,72,73,252,270],"class_list":["post-20245","post","type-post","status-publish","format-standard","hentry","category-4t","category-portada","category-primaria","tag-campionat","tag-ciclemitja","tag-matematiques","tag-multiplicacions","tag-primaria","tag-quart","tag-quarta","tag-torneig"],"post_mailing_queue_ids":[],"_links":{"self":[{"href":"https:\/\/agora.xtec.cat\/escalmacelles\/wp-json\/wp\/v2\/posts\/20245","targetHints":{"allow":["GET"]}}],"collection":[{"href":"https:\/\/agora.xtec.cat\/escalmacelles\/wp-json\/wp\/v2\/posts"}],"about":[{"href":"https:\/\/agora.xtec.cat\/escalmacelles\/wp-json\/wp\/v2\/types\/post"}],"author":[{"embeddable":true,"href":"https:\/\/agora.xtec.cat\/escalmacelles\/wp-json\/wp\/v2\/users\/13"}],"replies":[{"embeddable":true,"href":"https:\/\/agora.xtec.cat\/escalmacelles\/wp-json\/wp\/v2\/comments?post=20245"}],"version-history":[{"count":1,"href":"https:\/\/agora.xtec.cat\/escalmacelles\/wp-json\/wp\/v2\/posts\/20245\/revisions"}],"predecessor-version":[{"id":20247,"href":"https:\/\/agora.xtec.cat\/escalmacelles\/wp-json\/wp\/v2\/posts\/20245\/revisions\/20247"}],"wp:attachment":[{"href":"https:\/\/agora.xtec.cat\/escalmacelles\/wp-json\/wp\/v2\/media?parent=20245"}],"wp:term":[{"taxonomy":"category","embeddable":true,"href":"https:\/\/agora.xtec.cat\/escalmacelles\/wp-json\/wp\/v2\/categories?post=20245"},{"taxonomy":"post_tag","embeddable":true,"href":"https:\/\/agora.xtec.cat\/escalmacelles\/wp-json\/wp\/v2\/tags?post=20245"}],"curies":[{"name":"wp","href":"https:\/\/api.w.org\/{rel}","templated":true}]}}