{"id":20232,"date":"2020-11-18T09:53:14","date_gmt":"2020-11-18T08:53:14","guid":{"rendered":"http:\/\/agora.xtec.cat\/escalmacelles\/?p=20232"},"modified":"2022-10-04T21:30:28","modified_gmt":"2022-10-04T19:30:28","slug":"amb-ulls-dartista-visita-parc-deuropa-6e","status":"publish","type":"post","link":"https:\/\/agora.xtec.cat\/escalmacelles\/portada\/amb-ulls-dartista-visita-parc-deuropa-6e\/","title":{"rendered":"AMB ULLS D&#8217;ARTISTA. VISITA PARC D&#8217;EUROPA. 6\u00e8"},"content":{"rendered":"<p>Seguint amb el nostre projecte, &#8220;Apadrinem un monument&#8221;, els de 6\u00e8 hem tornat al Parc d&#8217;Europa. Ara amb ulls d&#8217;artista. Gr\u00e0cies a l&#8217;extensa i especialitzada explicaci\u00f3 del Sr. Albert Balada, hem pogut con\u00e8ixer m\u00e9s a fons cadascuna de les \u00faltimes escultures incorporades al parc: des del seu creador (artista), tipus,\u00a0 significat, font d&#8217;inspiraci\u00f3, materials,&#8230; Ha estat un mat\u00ed molt enriquidor. Tenim la sort que Almacelles \u00e9s Vila Escult\u00f2rica. <a href=\"https:\/\/photos.app.goo.gl\/yxR2A7iJKkSgadUcA\" target=\"_blank\" rel=\"noopener noreferrer\">FOTOS<\/a><\/p>\n<p><a href=\"https:\/\/photos.app.goo.gl\/yxR2A7iJKkSgadUcA\" target=\"_blank\" rel=\"noopener noreferrer\"><img loading=\"lazy\" decoding=\"async\" class=\"wp-image-20233 aligncenter\" src=\"https:\/\/agora.xtec.cat\/escalmacelles\/wp-content\/uploads\/usu1902\/2020\/11\/IMG_20201117_114302-577x1024.jpg\" alt=\"\" width=\"287\" height=\"509\" srcset=\"https:\/\/agora.xtec.cat\/escalmacelles\/wp-content\/uploads\/usu1902\/2020\/11\/IMG_20201117_114302-577x1024.jpg 577w, https:\/\/agora.xtec.cat\/escalmacelles\/wp-content\/uploads\/usu1902\/2020\/11\/IMG_20201117_114302-169x300.jpg 169w, https:\/\/agora.xtec.cat\/escalmacelles\/wp-content\/uploads\/usu1902\/2020\/11\/IMG_20201117_114302-768x1362.jpg 768w, https:\/\/agora.xtec.cat\/escalmacelles\/wp-content\/uploads\/usu1902\/2020\/11\/IMG_20201117_114302.jpg 1840w\" sizes=\"auto, (max-width: 287px) 100vw, 287px\" \/><\/a><\/p>\n","protected":false},"excerpt":{"rendered":"<p>Seguint amb el nostre projecte, &#8220;Apadrinem un monument&#8221;, els de 6\u00e8 hem tornat al Parc d&#8217;Europa. Ara amb ulls d&#8217;artista. Gr\u00e0cies a l&#8217;extensa i especialitzada explicaci\u00f3 del Sr. Albert Balada, hem pogut con\u00e8ixer m\u00e9s a fons cadascuna de les \u00faltimes escultures incorporades al parc: des del seu creador (artista), tipus,\u00a0 significat, font d&#8217;inspiraci\u00f3, materials,&#8230; Ha [&hellip;]<\/p>\n","protected":false},"author":1,"featured_media":0,"comment_status":"closed","ping_status":"closed","sticky":false,"template":"","format":"standard","meta":{"_bbp_topic_count":0,"_bbp_reply_count":0,"_bbp_total_topic_count":0,"_bbp_total_reply_count":0,"_bbp_voice_count":0,"_bbp_anonymous_reply_count":0,"_bbp_topic_count_hidden":0,"_bbp_reply_count_hidden":0,"_bbp_forum_subforum_count":0,"site-sidebar-layout":"default","site-content-layout":"","ast-site-content-layout":"","site-content-style":"default","site-sidebar-style":"default","ast-global-header-display":"","ast-banner-title-visibility":"","ast-main-header-display":"","ast-hfb-above-header-display":"","ast-hfb-below-header-display":"","ast-hfb-mobile-header-display":"","site-post-title":"","ast-breadcrumbs-content":"","ast-featured-img":"","footer-sml-layout":"","theme-transparent-header-meta":"","adv-header-id-meta":"","stick-header-meta":"","header-above-stick-meta":"","header-main-stick-meta":"","header-below-stick-meta":"","astra-migrate-meta-layouts":"default","ast-page-background-enabled":"default","ast-page-background-meta":{"desktop":{"background-color":"var(--ast-global-color-4)","background-image":"","background-repeat":"repeat","background-position":"center center","background-size":"auto","background-attachment":"scroll","background-type":"","background-media":"","overlay-type":"","overlay-color":"","overlay-opacity":"","overlay-gradient":""},"tablet":{"background-color":"","background-image":"","background-repeat":"repeat","background-position":"center center","background-size":"auto","background-attachment":"scroll","background-type":"","background-media":"","overlay-type":"","overlay-color":"","overlay-opacity":"","overlay-gradient":""},"mobile":{"background-color":"","background-image":"","background-repeat":"repeat","background-position":"center center","background-size":"auto","background-attachment":"scroll","background-type":"","background-media":"","overlay-type":"","overlay-color":"","overlay-opacity":"","overlay-gradient":""}},"ast-content-background-meta":{"desktop":{"background-color":"var(--ast-global-color-5)","background-image":"","background-repeat":"repeat","background-position":"center center","background-size":"auto","background-attachment":"scroll","background-type":"","background-media":"","overlay-type":"","overlay-color":"","overlay-opacity":"","overlay-gradient":""},"tablet":{"background-color":"var(--ast-global-color-5)","background-image":"","background-repeat":"repeat","background-position":"center center","background-size":"auto","background-attachment":"scroll","background-type":"","background-media":"","overlay-type":"","overlay-color":"","overlay-opacity":"","overlay-gradient":""},"mobile":{"background-color":"var(--ast-global-color-5)","background-image":"","background-repeat":"repeat","background-position":"center center","background-size":"auto","background-attachment":"scroll","background-type":"","background-media":"","overlay-type":"","overlay-color":"","overlay-opacity":"","overlay-gradient":""}},"footnotes":""},"categories":[15,4,5],"tags":[],"class_list":["post-20232","post","type-post","status-publish","format-standard","hentry","category-6e","category-portada","category-primaria"],"post_mailing_queue_ids":[],"_links":{"self":[{"href":"https:\/\/agora.xtec.cat\/escalmacelles\/wp-json\/wp\/v2\/posts\/20232","targetHints":{"allow":["GET"]}}],"collection":[{"href":"https:\/\/agora.xtec.cat\/escalmacelles\/wp-json\/wp\/v2\/posts"}],"about":[{"href":"https:\/\/agora.xtec.cat\/escalmacelles\/wp-json\/wp\/v2\/types\/post"}],"author":[{"embeddable":true,"href":"https:\/\/agora.xtec.cat\/escalmacelles\/wp-json\/wp\/v2\/users\/1"}],"replies":[{"embeddable":true,"href":"https:\/\/agora.xtec.cat\/escalmacelles\/wp-json\/wp\/v2\/comments?post=20232"}],"version-history":[{"count":1,"href":"https:\/\/agora.xtec.cat\/escalmacelles\/wp-json\/wp\/v2\/posts\/20232\/revisions"}],"predecessor-version":[{"id":20234,"href":"https:\/\/agora.xtec.cat\/escalmacelles\/wp-json\/wp\/v2\/posts\/20232\/revisions\/20234"}],"wp:attachment":[{"href":"https:\/\/agora.xtec.cat\/escalmacelles\/wp-json\/wp\/v2\/media?parent=20232"}],"wp:term":[{"taxonomy":"category","embeddable":true,"href":"https:\/\/agora.xtec.cat\/escalmacelles\/wp-json\/wp\/v2\/categories?post=20232"},{"taxonomy":"post_tag","embeddable":true,"href":"https:\/\/agora.xtec.cat\/escalmacelles\/wp-json\/wp\/v2\/tags?post=20232"}],"curies":[{"name":"wp","href":"https:\/\/api.w.org\/{rel}","templated":true}]}}