{"id":20174,"date":"2020-11-06T12:44:43","date_gmt":"2020-11-06T11:44:43","guid":{"rendered":"http:\/\/agora.xtec.cat\/escalmacelles\/?p=20174"},"modified":"2022-10-04T22:35:12","modified_gmt":"2022-10-04T20:35:12","slug":"sortida-a-prosmokiwi","status":"publish","type":"post","link":"https:\/\/agora.xtec.cat\/escalmacelles\/portada\/sortida-a-prosmokiwi\/","title":{"rendered":"Sortida a ProsmoKiwi (alumnat de quart)"},"content":{"rendered":"<p>Aquesta setmana hem iniciat el <strong>projecte d\u2019escola<\/strong> d\u2019aquest curs sota la tem\u00e0tica <strong>\u201cFruites i hortalisses\u201d<\/strong>.<\/p>\n<p>El tret de sortida ha estat una visita a la <strong>finca Prosmokiwi<\/strong> de Torrefarrera, on hem pogut veure en directe la plantaci\u00f3 i escoltar de primera m\u00e0 moltes curiositats sobre aquesta planta tan poc coneguda per tots i totes nosaltres. Hem visitat el pant\u00e0 de reg i la c\u00e0mera frigor\u00edfica, hem comprovat el sucre del fruit i hem vist com se\u2019n feia la collita.<\/p>\n<p>Endem\u00e9s, hem aprofitat l\u2019estona de l\u2019esmorzar per posar en com\u00fa tot el que hem apr\u00e9s, escalar i saltar.<\/p>\n<p>Ha estat un mat\u00ed molt divertit i tamb\u00e9 ple de fang!!<\/p>\n<p>Podeu veure les imatges de la sortida clicant a sobre de la seg\u00fcent fotografia.<\/p>\n<p><a href=\"https:\/\/photos.app.goo.gl\/Hw2eRsn72ZTmtR2j6\"><img loading=\"lazy\" decoding=\"async\" class=\"alignnone size-large wp-image-20175\" src=\"https:\/\/agora.xtec.cat\/escalmacelles\/wp-content\/uploads\/usu1902\/2020\/11\/IMG-20201105-WA0066-768x1024.jpg\" alt=\"\" width=\"768\" height=\"1024\" srcset=\"https:\/\/agora.xtec.cat\/escalmacelles\/wp-content\/uploads\/usu1902\/2020\/11\/IMG-20201105-WA0066.jpg 768w, https:\/\/agora.xtec.cat\/escalmacelles\/wp-content\/uploads\/usu1902\/2020\/11\/IMG-20201105-WA0066-225x300.jpg 225w\" sizes=\"auto, (max-width: 768px) 100vw, 768px\" \/><\/a><\/p>\n","protected":false},"excerpt":{"rendered":"<p>Aquesta setmana hem iniciat el projecte d\u2019escola d\u2019aquest curs sota la tem\u00e0tica \u201cFruites i hortalisses\u201d. El tret de sortida ha estat una visita a la finca Prosmokiwi de Torrefarrera, on hem pogut veure en directe la plantaci\u00f3 i escoltar de primera m\u00e0 moltes curiositats sobre aquesta planta tan poc coneguda per tots i totes nosaltres. [&hellip;]<\/p>\n","protected":false},"author":13,"featured_media":0,"comment_status":"closed","ping_status":"closed","sticky":false,"template":"","format":"standard","meta":{"_bbp_topic_count":0,"_bbp_reply_count":0,"_bbp_total_topic_count":0,"_bbp_total_reply_count":0,"_bbp_voice_count":0,"_bbp_anonymous_reply_count":0,"_bbp_topic_count_hidden":0,"_bbp_reply_count_hidden":0,"_bbp_forum_subforum_count":0,"site-sidebar-layout":"default","site-content-layout":"","ast-site-content-layout":"","site-content-style":"default","site-sidebar-style":"default","ast-global-header-display":"","ast-banner-title-visibility":"","ast-main-header-display":"","ast-hfb-above-header-display":"","ast-hfb-below-header-display":"","ast-hfb-mobile-header-display":"","site-post-title":"","ast-breadcrumbs-content":"","ast-featured-img":"","footer-sml-layout":"","theme-transparent-header-meta":"","adv-header-id-meta":"","stick-header-meta":"","header-above-stick-meta":"","header-main-stick-meta":"","header-below-stick-meta":"","astra-migrate-meta-layouts":"default","ast-page-background-enabled":"default","ast-page-background-meta":{"desktop":{"background-color":"var(--ast-global-color-4)","background-image":"","background-repeat":"repeat","background-position":"center center","background-size":"auto","background-attachment":"scroll","background-type":"","background-media":"","overlay-type":"","overlay-color":"","overlay-opacity":"","overlay-gradient":""},"tablet":{"background-color":"","background-image":"","background-repeat":"repeat","background-position":"center center","background-size":"auto","background-attachment":"scroll","background-type":"","background-media":"","overlay-type":"","overlay-color":"","overlay-opacity":"","overlay-gradient":""},"mobile":{"background-color":"","background-image":"","background-repeat":"repeat","background-position":"center center","background-size":"auto","background-attachment":"scroll","background-type":"","background-media":"","overlay-type":"","overlay-color":"","overlay-opacity":"","overlay-gradient":""}},"ast-content-background-meta":{"desktop":{"background-color":"var(--ast-global-color-5)","background-image":"","background-repeat":"repeat","background-position":"center center","background-size":"auto","background-attachment":"scroll","background-type":"","background-media":"","overlay-type":"","overlay-color":"","overlay-opacity":"","overlay-gradient":""},"tablet":{"background-color":"var(--ast-global-color-5)","background-image":"","background-repeat":"repeat","background-position":"center center","background-size":"auto","background-attachment":"scroll","background-type":"","background-media":"","overlay-type":"","overlay-color":"","overlay-opacity":"","overlay-gradient":""},"mobile":{"background-color":"var(--ast-global-color-5)","background-image":"","background-repeat":"repeat","background-position":"center center","background-size":"auto","background-attachment":"scroll","background-type":"","background-media":"","overlay-type":"","overlay-color":"","overlay-opacity":"","overlay-gradient":""}},"footnotes":""},"categories":[13,4,5],"tags":[168,262,260,261,264,263,72,259,257,73,78,258],"class_list":["post-20174","post","type-post","status-publish","format-standard","hentry","category-4t","category-portada","category-primaria","tag-excursio","tag-experimentacio","tag-fruitesihortalisses","tag-kiwi","tag-medinatural","tag-medisocial","tag-primaria","tag-projecte","tag-prosmokiwi","tag-quart","tag-sortida","tag-torrefarrera"],"post_mailing_queue_ids":[],"_links":{"self":[{"href":"https:\/\/agora.xtec.cat\/escalmacelles\/wp-json\/wp\/v2\/posts\/20174","targetHints":{"allow":["GET"]}}],"collection":[{"href":"https:\/\/agora.xtec.cat\/escalmacelles\/wp-json\/wp\/v2\/posts"}],"about":[{"href":"https:\/\/agora.xtec.cat\/escalmacelles\/wp-json\/wp\/v2\/types\/post"}],"author":[{"embeddable":true,"href":"https:\/\/agora.xtec.cat\/escalmacelles\/wp-json\/wp\/v2\/users\/13"}],"replies":[{"embeddable":true,"href":"https:\/\/agora.xtec.cat\/escalmacelles\/wp-json\/wp\/v2\/comments?post=20174"}],"version-history":[{"count":2,"href":"https:\/\/agora.xtec.cat\/escalmacelles\/wp-json\/wp\/v2\/posts\/20174\/revisions"}],"predecessor-version":[{"id":20177,"href":"https:\/\/agora.xtec.cat\/escalmacelles\/wp-json\/wp\/v2\/posts\/20174\/revisions\/20177"}],"wp:attachment":[{"href":"https:\/\/agora.xtec.cat\/escalmacelles\/wp-json\/wp\/v2\/media?parent=20174"}],"wp:term":[{"taxonomy":"category","embeddable":true,"href":"https:\/\/agora.xtec.cat\/escalmacelles\/wp-json\/wp\/v2\/categories?post=20174"},{"taxonomy":"post_tag","embeddable":true,"href":"https:\/\/agora.xtec.cat\/escalmacelles\/wp-json\/wp\/v2\/tags?post=20174"}],"curies":[{"name":"wp","href":"https:\/\/api.w.org\/{rel}","templated":true}]}}