{"id":20166,"date":"2020-11-06T16:54:33","date_gmt":"2020-11-06T15:54:33","guid":{"rendered":"http:\/\/agora.xtec.cat\/escalmacelles\/?p=20166"},"modified":"2022-10-04T22:29:21","modified_gmt":"2022-10-04T20:29:21","slug":"parc-deuropa-observacio-dun-arbre-6e","status":"publish","type":"post","link":"https:\/\/agora.xtec.cat\/escalmacelles\/portada\/parc-deuropa-observacio-dun-arbre-6e\/","title":{"rendered":"PARC D&#8217;EUROPA. OBSERVACI\u00d3 D&#8217;UN ARBRE. 6\u00e8"},"content":{"rendered":"<p>Aquest trimestre, els alumnes de 6\u00e8 hem comen\u00e7at amb el Projecte de Medi &#8220;Parc d&#8217;Europa&#8221;. En aquesta part, hem anat a visitar el Parc tres cops. Hem fet l&#8217;observaci\u00f3 de tots els arbres del Parc i especialment els de la nostra zona. Cada nivell (per la q\u00fcesti\u00f3 del Covid) tenia assignada una zona del parc en concret. Organitzats per grups, hem fet l&#8217;observaci\u00f3 general i concreta d&#8217;un arbre (forma, al\u00e7ada, tronc, fulles, fruits, flors,&#8230;). A m\u00e9s, de buscar el seu nom i m\u00e9s informaci\u00f3 del mateix (proced\u00e8ncia, usos, curiositats,&#8230;). Una vegada reunida tota la informaci\u00f3 en una fitxa, creada entre tots nosaltres,\u00a0 hem elaborat una presentaci\u00f3 i l&#8217;hem presentada davant de la resta de companys. M\u00e9s endavant, estudiarem les escultures i el sistema solar del Parc. El material estar\u00e0 en la classroom de cada nivell. El proper dilluns tornarem a anar al parc a fer la presentaci\u00f3 del nostre arbre a la resta dels companys de sis\u00e8.<\/p>\n<p><a href=\"https:\/\/photos.app.goo.gl\/TPNQzv7zYnucb2AZA\" target=\"_blank\" rel=\"noopener noreferrer\"><img loading=\"lazy\" decoding=\"async\" class=\"wp-image-20189 aligncenter\" src=\"https:\/\/agora.xtec.cat\/escalmacelles\/wp-content\/uploads\/usu1902\/2020\/11\/IMG_20201005_162814-768x1024.jpg\" alt=\"\" width=\"344\" height=\"458\" srcset=\"https:\/\/agora.xtec.cat\/escalmacelles\/wp-content\/uploads\/usu1902\/2020\/11\/IMG_20201005_162814-768x1024.jpg 768w, https:\/\/agora.xtec.cat\/escalmacelles\/wp-content\/uploads\/usu1902\/2020\/11\/IMG_20201005_162814-225x300.jpg 225w, https:\/\/agora.xtec.cat\/escalmacelles\/wp-content\/uploads\/usu1902\/2020\/11\/IMG_20201005_162814.jpg 1944w\" sizes=\"auto, (max-width: 344px) 100vw, 344px\" \/><\/a><\/p>\n","protected":false},"excerpt":{"rendered":"<p>Aquest trimestre, els alumnes de 6\u00e8 hem comen\u00e7at amb el Projecte de Medi &#8220;Parc d&#8217;Europa&#8221;. En aquesta part, hem anat a visitar el Parc tres cops. Hem fet l&#8217;observaci\u00f3 de tots els arbres del Parc i especialment els de la nostra zona. Cada nivell (per la q\u00fcesti\u00f3 del Covid) tenia assignada una zona del parc [&hellip;]<\/p>\n","protected":false},"author":1,"featured_media":0,"comment_status":"closed","ping_status":"closed","sticky":false,"template":"","format":"standard","meta":{"_bbp_topic_count":0,"_bbp_reply_count":0,"_bbp_total_topic_count":0,"_bbp_total_reply_count":0,"_bbp_voice_count":0,"_bbp_anonymous_reply_count":0,"_bbp_topic_count_hidden":0,"_bbp_reply_count_hidden":0,"_bbp_forum_subforum_count":0,"site-sidebar-layout":"default","site-content-layout":"","ast-site-content-layout":"","site-content-style":"default","site-sidebar-style":"default","ast-global-header-display":"","ast-banner-title-visibility":"","ast-main-header-display":"","ast-hfb-above-header-display":"","ast-hfb-below-header-display":"","ast-hfb-mobile-header-display":"","site-post-title":"","ast-breadcrumbs-content":"","ast-featured-img":"","footer-sml-layout":"","theme-transparent-header-meta":"","adv-header-id-meta":"","stick-header-meta":"","header-above-stick-meta":"","header-main-stick-meta":"","header-below-stick-meta":"","astra-migrate-meta-layouts":"default","ast-page-background-enabled":"default","ast-page-background-meta":{"desktop":{"background-color":"var(--ast-global-color-4)","background-image":"","background-repeat":"repeat","background-position":"center center","background-size":"auto","background-attachment":"scroll","background-type":"","background-media":"","overlay-type":"","overlay-color":"","overlay-opacity":"","overlay-gradient":""},"tablet":{"background-color":"","background-image":"","background-repeat":"repeat","background-position":"center center","background-size":"auto","background-attachment":"scroll","background-type":"","background-media":"","overlay-type":"","overlay-color":"","overlay-opacity":"","overlay-gradient":""},"mobile":{"background-color":"","background-image":"","background-repeat":"repeat","background-position":"center center","background-size":"auto","background-attachment":"scroll","background-type":"","background-media":"","overlay-type":"","overlay-color":"","overlay-opacity":"","overlay-gradient":""}},"ast-content-background-meta":{"desktop":{"background-color":"var(--ast-global-color-5)","background-image":"","background-repeat":"repeat","background-position":"center center","background-size":"auto","background-attachment":"scroll","background-type":"","background-media":"","overlay-type":"","overlay-color":"","overlay-opacity":"","overlay-gradient":""},"tablet":{"background-color":"var(--ast-global-color-5)","background-image":"","background-repeat":"repeat","background-position":"center center","background-size":"auto","background-attachment":"scroll","background-type":"","background-media":"","overlay-type":"","overlay-color":"","overlay-opacity":"","overlay-gradient":""},"mobile":{"background-color":"var(--ast-global-color-5)","background-image":"","background-repeat":"repeat","background-position":"center center","background-size":"auto","background-attachment":"scroll","background-type":"","background-media":"","overlay-type":"","overlay-color":"","overlay-opacity":"","overlay-gradient":""}},"footnotes":""},"categories":[15,4,5],"tags":[265],"class_list":["post-20166","post","type-post","status-publish","format-standard","hentry","category-6e","category-portada","category-primaria","tag-medi-natural-cs"],"post_mailing_queue_ids":[],"_links":{"self":[{"href":"https:\/\/agora.xtec.cat\/escalmacelles\/wp-json\/wp\/v2\/posts\/20166","targetHints":{"allow":["GET"]}}],"collection":[{"href":"https:\/\/agora.xtec.cat\/escalmacelles\/wp-json\/wp\/v2\/posts"}],"about":[{"href":"https:\/\/agora.xtec.cat\/escalmacelles\/wp-json\/wp\/v2\/types\/post"}],"author":[{"embeddable":true,"href":"https:\/\/agora.xtec.cat\/escalmacelles\/wp-json\/wp\/v2\/users\/1"}],"replies":[{"embeddable":true,"href":"https:\/\/agora.xtec.cat\/escalmacelles\/wp-json\/wp\/v2\/comments?post=20166"}],"version-history":[{"count":3,"href":"https:\/\/agora.xtec.cat\/escalmacelles\/wp-json\/wp\/v2\/posts\/20166\/revisions"}],"predecessor-version":[{"id":20191,"href":"https:\/\/agora.xtec.cat\/escalmacelles\/wp-json\/wp\/v2\/posts\/20166\/revisions\/20191"}],"wp:attachment":[{"href":"https:\/\/agora.xtec.cat\/escalmacelles\/wp-json\/wp\/v2\/media?parent=20166"}],"wp:term":[{"taxonomy":"category","embeddable":true,"href":"https:\/\/agora.xtec.cat\/escalmacelles\/wp-json\/wp\/v2\/categories?post=20166"},{"taxonomy":"post_tag","embeddable":true,"href":"https:\/\/agora.xtec.cat\/escalmacelles\/wp-json\/wp\/v2\/tags?post=20166"}],"curies":[{"name":"wp","href":"https:\/\/api.w.org\/{rel}","templated":true}]}}