{"id":20160,"date":"2020-11-29T18:59:38","date_gmt":"2020-11-29T17:59:38","guid":{"rendered":"http:\/\/agora.xtec.cat\/escalmacelles\/?p=20160"},"modified":"2022-10-04T21:35:13","modified_gmt":"2022-10-04T19:35:13","slug":"castanyada-al-cicle-inicial","status":"publish","type":"post","link":"https:\/\/agora.xtec.cat\/escalmacelles\/portada\/castanyada-al-cicle-inicial\/","title":{"rendered":"CASTANYADA AL CICLE INICIAL"},"content":{"rendered":"<p>El dia 30 d&#8217;octubre tot l&#8217;alumnat de Cicle Inicial vam celebrar la festa de la Castanyada al pati de l&#8217;escola. Va ser una celebraci\u00f3 una mica diferent dels altres anys, tot i aix\u00ed vam poder gaudir d&#8217;aquesta festa. Tots i totes vam venir vestits de castanyers i castanyeres i aix\u00ed de &#8220;guapos i guapes&#8221; vam passar una bona estona ballant can\u00e7ons amb els companys i companyes.<\/p>\n<p>&nbsp;<\/p>\n<p><a href=\"https:\/\/photos.app.goo.gl\/5SzWunZVnfTGyuTn9\"><img loading=\"lazy\" decoding=\"async\" class=\"wp-image-20161 aligncenter\" src=\"https:\/\/agora.xtec.cat\/escalmacelles\/wp-content\/uploads\/usu1902\/2020\/11\/IMG-20201102-WA0021-1024x768.jpg\" alt=\"\" width=\"482\" height=\"361\" srcset=\"https:\/\/agora.xtec.cat\/escalmacelles\/wp-content\/uploads\/usu1902\/2020\/11\/IMG-20201102-WA0021.jpg 1024w, https:\/\/agora.xtec.cat\/escalmacelles\/wp-content\/uploads\/usu1902\/2020\/11\/IMG-20201102-WA0021-300x225.jpg 300w, https:\/\/agora.xtec.cat\/escalmacelles\/wp-content\/uploads\/usu1902\/2020\/11\/IMG-20201102-WA0021-768x576.jpg 768w, https:\/\/agora.xtec.cat\/escalmacelles\/wp-content\/uploads\/usu1902\/2020\/11\/IMG-20201102-WA0021-200x150.jpg 200w\" sizes=\"auto, (max-width: 482px) 100vw, 482px\" \/><\/a><\/p>\n","protected":false},"excerpt":{"rendered":"<p>El dia 30 d&#8217;octubre tot l&#8217;alumnat de Cicle Inicial vam celebrar la festa de la Castanyada al pati de l&#8217;escola. Va ser una celebraci\u00f3 una mica diferent dels altres anys, tot i aix\u00ed vam poder gaudir d&#8217;aquesta festa. Tots i totes vam venir vestits de castanyers i castanyeres i aix\u00ed de &#8220;guapos i guapes&#8221; vam [&hellip;]<\/p>\n","protected":false},"author":4,"featured_media":0,"comment_status":"closed","ping_status":"closed","sticky":false,"template":"","format":"standard","meta":{"_bbp_topic_count":0,"_bbp_reply_count":0,"_bbp_total_topic_count":0,"_bbp_total_reply_count":0,"_bbp_voice_count":0,"_bbp_anonymous_reply_count":0,"_bbp_topic_count_hidden":0,"_bbp_reply_count_hidden":0,"_bbp_forum_subforum_count":0,"site-sidebar-layout":"default","site-content-layout":"","ast-site-content-layout":"","site-content-style":"default","site-sidebar-style":"default","ast-global-header-display":"","ast-banner-title-visibility":"","ast-main-header-display":"","ast-hfb-above-header-display":"","ast-hfb-below-header-display":"","ast-hfb-mobile-header-display":"","site-post-title":"","ast-breadcrumbs-content":"","ast-featured-img":"","footer-sml-layout":"","theme-transparent-header-meta":"","adv-header-id-meta":"","stick-header-meta":"","header-above-stick-meta":"","header-main-stick-meta":"","header-below-stick-meta":"","astra-migrate-meta-layouts":"default","ast-page-background-enabled":"default","ast-page-background-meta":{"desktop":{"background-color":"var(--ast-global-color-4)","background-image":"","background-repeat":"repeat","background-position":"center center","background-size":"auto","background-attachment":"scroll","background-type":"","background-media":"","overlay-type":"","overlay-color":"","overlay-opacity":"","overlay-gradient":""},"tablet":{"background-color":"","background-image":"","background-repeat":"repeat","background-position":"center center","background-size":"auto","background-attachment":"scroll","background-type":"","background-media":"","overlay-type":"","overlay-color":"","overlay-opacity":"","overlay-gradient":""},"mobile":{"background-color":"","background-image":"","background-repeat":"repeat","background-position":"center center","background-size":"auto","background-attachment":"scroll","background-type":"","background-media":"","overlay-type":"","overlay-color":"","overlay-opacity":"","overlay-gradient":""}},"ast-content-background-meta":{"desktop":{"background-color":"var(--ast-global-color-5)","background-image":"","background-repeat":"repeat","background-position":"center center","background-size":"auto","background-attachment":"scroll","background-type":"","background-media":"","overlay-type":"","overlay-color":"","overlay-opacity":"","overlay-gradient":""},"tablet":{"background-color":"var(--ast-global-color-5)","background-image":"","background-repeat":"repeat","background-position":"center center","background-size":"auto","background-attachment":"scroll","background-type":"","background-media":"","overlay-type":"","overlay-color":"","overlay-opacity":"","overlay-gradient":""},"mobile":{"background-color":"var(--ast-global-color-5)","background-image":"","background-repeat":"repeat","background-position":"center center","background-size":"auto","background-attachment":"scroll","background-type":"","background-media":"","overlay-type":"","overlay-color":"","overlay-opacity":"","overlay-gradient":""}},"footnotes":""},"categories":[10,11,4,5],"tags":[],"class_list":["post-20160","post","type-post","status-publish","format-standard","hentry","category-1r","category-2n","category-portada","category-primaria"],"post_mailing_queue_ids":[],"_links":{"self":[{"href":"https:\/\/agora.xtec.cat\/escalmacelles\/wp-json\/wp\/v2\/posts\/20160","targetHints":{"allow":["GET"]}}],"collection":[{"href":"https:\/\/agora.xtec.cat\/escalmacelles\/wp-json\/wp\/v2\/posts"}],"about":[{"href":"https:\/\/agora.xtec.cat\/escalmacelles\/wp-json\/wp\/v2\/types\/post"}],"author":[{"embeddable":true,"href":"https:\/\/agora.xtec.cat\/escalmacelles\/wp-json\/wp\/v2\/users\/4"}],"replies":[{"embeddable":true,"href":"https:\/\/agora.xtec.cat\/escalmacelles\/wp-json\/wp\/v2\/comments?post=20160"}],"version-history":[{"count":3,"href":"https:\/\/agora.xtec.cat\/escalmacelles\/wp-json\/wp\/v2\/posts\/20160\/revisions"}],"predecessor-version":[{"id":20249,"href":"https:\/\/agora.xtec.cat\/escalmacelles\/wp-json\/wp\/v2\/posts\/20160\/revisions\/20249"}],"wp:attachment":[{"href":"https:\/\/agora.xtec.cat\/escalmacelles\/wp-json\/wp\/v2\/media?parent=20160"}],"wp:term":[{"taxonomy":"category","embeddable":true,"href":"https:\/\/agora.xtec.cat\/escalmacelles\/wp-json\/wp\/v2\/categories?post=20160"},{"taxonomy":"post_tag","embeddable":true,"href":"https:\/\/agora.xtec.cat\/escalmacelles\/wp-json\/wp\/v2\/tags?post=20160"}],"curies":[{"name":"wp","href":"https:\/\/api.w.org\/{rel}","templated":true}]}}