{"id":20093,"date":"2020-10-19T15:40:36","date_gmt":"2020-10-19T13:40:36","guid":{"rendered":"http:\/\/agora.xtec.cat\/escalmacelles\/?p=20093"},"modified":"2022-10-04T22:34:33","modified_gmt":"2022-10-04T20:34:33","slug":"sortida-dels-arbres-al-parc-de-laigua","status":"publish","type":"post","link":"https:\/\/agora.xtec.cat\/escalmacelles\/portada\/sortida-dels-arbres-al-parc-de-laigua\/","title":{"rendered":"Sortida dels arbres al Parc de l&#8217;aigua"},"content":{"rendered":"<p>Els i les alumnes de 4t estem estudiant <strong>els arbres del Parc de l&#8217;aigua<\/strong> d&#8217;Almacelles.<\/p>\n<p>Hem passat un mat\u00ed d&#8217;all\u00f2 m\u00e9s entretingut treballant amb els arbres del parc.<\/p>\n<p>Hem descobert que hi ha oliveres, xiprers, liquid\u00e0mbars, plataners, erables, cedres, lledoners, oms, viburns, troanes, sabines i bamb\u00fas.<\/p>\n<p>Tamb\u00e9 hem aprofitat el bon temps per anar a esmorzar al Parc d&#8217;Europa.<\/p>\n<p>Ha estat una jornada de conviv\u00e8ncia i coneixement de l&#8217;entorn molt enriquidora!<\/p>\n<p>Si cliqueu damunt la imatge podreu accedir a l&#8217;\u00e0lbum de totes les classes de 4t.<\/p>\n<p><a href=\"https:\/\/photos.app.goo.gl\/2Rhsg8tKGkMZhUw77\"><img loading=\"lazy\" decoding=\"async\" class=\"alignnone size-large wp-image-20094\" src=\"https:\/\/agora.xtec.cat\/escalmacelles\/wp-content\/uploads\/usu1902\/2020\/10\/sortida-4t-1024x768.jpg\" alt=\"\" width=\"1024\" height=\"768\" srcset=\"https:\/\/agora.xtec.cat\/escalmacelles\/wp-content\/uploads\/usu1902\/2020\/10\/sortida-4t.jpg 1024w, https:\/\/agora.xtec.cat\/escalmacelles\/wp-content\/uploads\/usu1902\/2020\/10\/sortida-4t-300x225.jpg 300w, https:\/\/agora.xtec.cat\/escalmacelles\/wp-content\/uploads\/usu1902\/2020\/10\/sortida-4t-768x576.jpg 768w, https:\/\/agora.xtec.cat\/escalmacelles\/wp-content\/uploads\/usu1902\/2020\/10\/sortida-4t-200x150.jpg 200w\" sizes=\"auto, (max-width: 1024px) 100vw, 1024px\" \/><\/a><\/p>\n","protected":false},"excerpt":{"rendered":"<p>Els i les alumnes de 4t estem estudiant els arbres del Parc de l&#8217;aigua d&#8217;Almacelles. Hem passat un mat\u00ed d&#8217;all\u00f2 m\u00e9s entretingut treballant amb els arbres del parc. Hem descobert que hi ha oliveres, xiprers, liquid\u00e0mbars, plataners, erables, cedres, lledoners, oms, viburns, troanes, sabines i bamb\u00fas. Tamb\u00e9 hem aprofitat el bon temps per anar a [&hellip;]<\/p>\n","protected":false},"author":13,"featured_media":0,"comment_status":"closed","ping_status":"closed","sticky":false,"template":"","format":"standard","meta":{"_bbp_topic_count":0,"_bbp_reply_count":0,"_bbp_total_topic_count":0,"_bbp_total_reply_count":0,"_bbp_voice_count":0,"_bbp_anonymous_reply_count":0,"_bbp_topic_count_hidden":0,"_bbp_reply_count_hidden":0,"_bbp_forum_subforum_count":0,"site-sidebar-layout":"default","site-content-layout":"","ast-site-content-layout":"","site-content-style":"default","site-sidebar-style":"default","ast-global-header-display":"","ast-banner-title-visibility":"","ast-main-header-display":"","ast-hfb-above-header-display":"","ast-hfb-below-header-display":"","ast-hfb-mobile-header-display":"","site-post-title":"","ast-breadcrumbs-content":"","ast-featured-img":"","footer-sml-layout":"","theme-transparent-header-meta":"","adv-header-id-meta":"","stick-header-meta":"","header-above-stick-meta":"","header-main-stick-meta":"","header-below-stick-meta":"","astra-migrate-meta-layouts":"default","ast-page-background-enabled":"default","ast-page-background-meta":{"desktop":{"background-color":"var(--ast-global-color-4)","background-image":"","background-repeat":"repeat","background-position":"center center","background-size":"auto","background-attachment":"scroll","background-type":"","background-media":"","overlay-type":"","overlay-color":"","overlay-opacity":"","overlay-gradient":""},"tablet":{"background-color":"","background-image":"","background-repeat":"repeat","background-position":"center center","background-size":"auto","background-attachment":"scroll","background-type":"","background-media":"","overlay-type":"","overlay-color":"","overlay-opacity":"","overlay-gradient":""},"mobile":{"background-color":"","background-image":"","background-repeat":"repeat","background-position":"center center","background-size":"auto","background-attachment":"scroll","background-type":"","background-media":"","overlay-type":"","overlay-color":"","overlay-opacity":"","overlay-gradient":""}},"ast-content-background-meta":{"desktop":{"background-color":"var(--ast-global-color-5)","background-image":"","background-repeat":"repeat","background-position":"center center","background-size":"auto","background-attachment":"scroll","background-type":"","background-media":"","overlay-type":"","overlay-color":"","overlay-opacity":"","overlay-gradient":""},"tablet":{"background-color":"var(--ast-global-color-5)","background-image":"","background-repeat":"repeat","background-position":"center center","background-size":"auto","background-attachment":"scroll","background-type":"","background-media":"","overlay-type":"","overlay-color":"","overlay-opacity":"","overlay-gradient":""},"mobile":{"background-color":"var(--ast-global-color-5)","background-image":"","background-repeat":"repeat","background-position":"center center","background-size":"auto","background-attachment":"scroll","background-type":"","background-media":"","overlay-type":"","overlay-color":"","overlay-opacity":"","overlay-gradient":""}},"footnotes":""},"categories":[13,4,5],"tags":[76,71,254,163,255,253,72,73,252],"class_list":["post-20093","post","type-post","status-publish","format-standard","hentry","category-4t","category-portada","category-primaria","tag-almacelles","tag-arbres","tag-coneixement","tag-convivencia","tag-entorn","tag-parcdelaigua","tag-primaria","tag-quart","tag-quarta"],"post_mailing_queue_ids":[],"_links":{"self":[{"href":"https:\/\/agora.xtec.cat\/escalmacelles\/wp-json\/wp\/v2\/posts\/20093","targetHints":{"allow":["GET"]}}],"collection":[{"href":"https:\/\/agora.xtec.cat\/escalmacelles\/wp-json\/wp\/v2\/posts"}],"about":[{"href":"https:\/\/agora.xtec.cat\/escalmacelles\/wp-json\/wp\/v2\/types\/post"}],"author":[{"embeddable":true,"href":"https:\/\/agora.xtec.cat\/escalmacelles\/wp-json\/wp\/v2\/users\/13"}],"replies":[{"embeddable":true,"href":"https:\/\/agora.xtec.cat\/escalmacelles\/wp-json\/wp\/v2\/comments?post=20093"}],"version-history":[{"count":3,"href":"https:\/\/agora.xtec.cat\/escalmacelles\/wp-json\/wp\/v2\/posts\/20093\/revisions"}],"predecessor-version":[{"id":20152,"href":"https:\/\/agora.xtec.cat\/escalmacelles\/wp-json\/wp\/v2\/posts\/20093\/revisions\/20152"}],"wp:attachment":[{"href":"https:\/\/agora.xtec.cat\/escalmacelles\/wp-json\/wp\/v2\/media?parent=20093"}],"wp:term":[{"taxonomy":"category","embeddable":true,"href":"https:\/\/agora.xtec.cat\/escalmacelles\/wp-json\/wp\/v2\/categories?post=20093"},{"taxonomy":"post_tag","embeddable":true,"href":"https:\/\/agora.xtec.cat\/escalmacelles\/wp-json\/wp\/v2\/tags?post=20093"}],"curies":[{"name":"wp","href":"https:\/\/api.w.org\/{rel}","templated":true}]}}