{"id":19737,"date":"2020-04-22T22:16:16","date_gmt":"2020-04-22T20:16:16","guid":{"rendered":"http:\/\/agora.xtec.cat\/escalmacelles\/?p=19737"},"modified":"2022-10-04T21:22:27","modified_gmt":"2022-10-04T19:22:27","slug":"un-sant-jordi-diferent","status":"publish","type":"post","link":"https:\/\/agora.xtec.cat\/escalmacelles\/infantil\/un-sant-jordi-diferent\/","title":{"rendered":"UN SANT JORDI DIFERENT"},"content":{"rendered":"<p>&nbsp;<\/p>\n<p><a href=\"https:\/\/agora.xtec.cat\/escalmacelles\/wp-content\/uploads\/usu1902\/2020\/04\/sant-jordi-confinat-2.jpg\"><img loading=\"lazy\" decoding=\"async\" class=\"alignnone size-full wp-image-19741\" src=\"https:\/\/agora.xtec.cat\/escalmacelles\/wp-content\/uploads\/usu1902\/2020\/04\/sant-jordi-confinat-2.jpg\" alt=\"\" width=\"492\" height=\"399\" srcset=\"https:\/\/agora.xtec.cat\/escalmacelles\/wp-content\/uploads\/usu1902\/2020\/04\/sant-jordi-confinat-2.jpg 492w, https:\/\/agora.xtec.cat\/escalmacelles\/wp-content\/uploads\/usu1902\/2020\/04\/sant-jordi-confinat-2-300x243.jpg 300w\" sizes=\"auto, (max-width: 492px) 100vw, 492px\" \/><\/a><\/p>\n<p>Des de la biblioteca de l\u2019escola, us volem ajudar a celebrar aquesta festa del llibre i la rosa, encara que estiguem confinats. A part del llibre en paper, teniu l\u2019opci\u00f3 dels llibres digitals, amb diferents opcions per poder accedir-hi.<\/p>\n<p>Us deixem algunes recomanacions per a poder triar i que ning\u00fa es quedi sense lectura.<\/p>\n<h3><b>Bon Sant Jordi 2020!<\/b><\/h3>\n<p><span style=\"font-weight: 400;\">LLIBRES RECOMANATS PER A INFANTS DE 3 A 12 ANYS<\/span><\/p>\n<p><a href=\"https:\/\/www.timeout.cat\/barcelona\/ca\/nens\/llibres-infantils-recomanats\"><span style=\"font-weight: 400;\">https:\/\/www.timeout.cat\/barcelona\/ca\/nens\/llibres-infantils-recomanats<\/span><\/a><\/p>\n<p><a href=\"https:\/\/www.sortirambnens.com\/per-fer-a-casa\/llibres-per-a-nens\/a-partir-3-anys\/\"><span style=\"font-weight: 400;\">https:\/\/www.sortirambnens.com\/per-fer-a-casa\/llibres-per-a-nens\/a-partir-3-anys\/<\/span><\/a><\/p>\n<p>ENLLA\u00c7OS PER DESCARREGAR I LLEGIR LLIBRES:<\/p>\n<p><a href=\"https:\/\/www.anayainfantilyjuvenil.com\/noticia\/cinco-titulos-para-leer-gratis-desde-casa\/\"><span style=\"font-weight: 400;\">https:\/\/www.anayainfantilyjuvenil.com\/noticia\/cinco-titulos-para-leer-gratis-desde-casa\/<\/span><\/a><\/p>\n<p><a href=\"https:\/\/blog.barcanovainfantilijuvenil.cat\/?p=2671\"><span style=\"font-weight: 400;\">https:\/\/blog.barcanovainfantilijuvenil.cat\/?p=2671<\/span><\/a><\/p>\n<p><a href=\"https:\/\/keepreadingencasa.planetadelibros.com\/\"><span style=\"font-weight: 400;\">https:\/\/keepreadingencasa.planetadelibros.com<\/span><\/a><\/p>\n<p><span style=\"font-weight: 400;\">\u00a0<\/span><a href=\"https:\/\/keepreadingacasa.grup62.cat\/\"><span style=\"font-weight: 400;\">https:\/\/keepreadingacasa.grup62.cat\/<\/span><\/a><\/p>\n<p><span style=\"font-weight: 400;\">Tatum, plataforma per al foment de la lectura de l\u2019editorial Baula (acc\u00e9s gratu\u00eft fins al juliol): <\/span><a href=\"https:\/\/ta-tum.com\/\"><span style=\"font-weight: 400;\">https:\/\/ta-tum.com\/<\/span><\/a><\/p>\n<p><span style=\"font-weight: 400;\"> APLICACIONS GRATU\u00cfTES PER DESCARREGAR LLIBRES DIGITALS:<\/span><\/p>\n<p><a href=\"https:\/\/www.educaciontrespuntocero.com\/libros\/descargar-libros-gratis\/\"><span style=\"font-weight: 400;\">https:\/\/www.educaciontrespuntocero.com\/libros\/descargar-libros-gratis\/<\/span><\/a><\/p>\n<p>&nbsp;<\/p>\n<p><a href=\"https:\/\/catalunya.ebiblio.es\/opac\/?locale=#index\"><img loading=\"lazy\" decoding=\"async\" class=\"size-full wp-image-19738 alignleft\" src=\"https:\/\/agora.xtec.cat\/escalmacelles\/wp-content\/uploads\/usu1902\/2020\/04\/ebiblio-e1587585368777.png\" alt=\"\" width=\"282\" height=\"121\" \/><\/a><\/p>\n<p>L\u2019#eBiblioCat \u00e9s la plataforma que dona un servei de pr\u00e9stec de llibres electr\u00f2nics, de revistes, de pel\u00b7l\u00edcules, desc\u00e0rrega d\u2019audiollibres i acc\u00e9s a documentals, m\u00fasica, a enciclop\u00e8dies, i a idiomes, als usuaris de les biblioteques p\u00fabliques de Catalunya. Un cop descarregada l\u2019APP, trieu l&#8217;\u00e0mbit \u201cCatalunya\u201d i valideu-vos amb les\u00a0vostres claus d\u2019acc\u00e9s habituals (n\u00famero de carnet d\u2019usuari de la biblioteca i PIN).<\/p>\n<p>&nbsp;<\/p>\n","protected":false},"excerpt":{"rendered":"<p>Us deixem algunes recomanacions per a poder triar i que ning\u00fa es quedi sense lectura.<\/p>\n","protected":false},"author":1,"featured_media":19741,"comment_status":"closed","ping_status":"closed","sticky":false,"template":"","format":"standard","meta":{"_bbp_topic_count":0,"_bbp_reply_count":0,"_bbp_total_topic_count":0,"_bbp_total_reply_count":0,"_bbp_voice_count":0,"_bbp_anonymous_reply_count":0,"_bbp_topic_count_hidden":0,"_bbp_reply_count_hidden":0,"_bbp_forum_subforum_count":0,"site-sidebar-layout":"default","site-content-layout":"","ast-site-content-layout":"","site-content-style":"default","site-sidebar-style":"default","ast-global-header-display":"","ast-banner-title-visibility":"","ast-main-header-display":"","ast-hfb-above-header-display":"","ast-hfb-below-header-display":"","ast-hfb-mobile-header-display":"","site-post-title":"","ast-breadcrumbs-content":"","ast-featured-img":"","footer-sml-layout":"","theme-transparent-header-meta":"","adv-header-id-meta":"","stick-header-meta":"","header-above-stick-meta":"","header-main-stick-meta":"","header-below-stick-meta":"","astra-migrate-meta-layouts":"default","ast-page-background-enabled":"default","ast-page-background-meta":{"desktop":{"background-color":"var(--ast-global-color-4)","background-image":"","background-repeat":"repeat","background-position":"center center","background-size":"auto","background-attachment":"scroll","background-type":"","background-media":"","overlay-type":"","overlay-color":"","overlay-opacity":"","overlay-gradient":""},"tablet":{"background-color":"","background-image":"","background-repeat":"repeat","background-position":"center center","background-size":"auto","background-attachment":"scroll","background-type":"","background-media":"","overlay-type":"","overlay-color":"","overlay-opacity":"","overlay-gradient":""},"mobile":{"background-color":"","background-image":"","background-repeat":"repeat","background-position":"center center","background-size":"auto","background-attachment":"scroll","background-type":"","background-media":"","overlay-type":"","overlay-color":"","overlay-opacity":"","overlay-gradient":""}},"ast-content-background-meta":{"desktop":{"background-color":"var(--ast-global-color-5)","background-image":"","background-repeat":"repeat","background-position":"center center","background-size":"auto","background-attachment":"scroll","background-type":"","background-media":"","overlay-type":"","overlay-color":"","overlay-opacity":"","overlay-gradient":""},"tablet":{"background-color":"var(--ast-global-color-5)","background-image":"","background-repeat":"repeat","background-position":"center center","background-size":"auto","background-attachment":"scroll","background-type":"","background-media":"","overlay-type":"","overlay-color":"","overlay-opacity":"","overlay-gradient":""},"mobile":{"background-color":"var(--ast-global-color-5)","background-image":"","background-repeat":"repeat","background-position":"center center","background-size":"auto","background-attachment":"scroll","background-type":"","background-media":"","overlay-type":"","overlay-color":"","overlay-opacity":"","overlay-gradient":""}},"footnotes":""},"categories":[93,94,95,2,4,5],"tags":[],"class_list":["post-19737","post","type-post","status-publish","format-standard","has-post-thumbnail","hentry","category-biblioteca","category-biblioteca-infantil","category-biblioteca-primaria","category-infantil","category-portada","category-primaria"],"post_mailing_queue_ids":[],"_links":{"self":[{"href":"https:\/\/agora.xtec.cat\/escalmacelles\/wp-json\/wp\/v2\/posts\/19737","targetHints":{"allow":["GET"]}}],"collection":[{"href":"https:\/\/agora.xtec.cat\/escalmacelles\/wp-json\/wp\/v2\/posts"}],"about":[{"href":"https:\/\/agora.xtec.cat\/escalmacelles\/wp-json\/wp\/v2\/types\/post"}],"author":[{"embeddable":true,"href":"https:\/\/agora.xtec.cat\/escalmacelles\/wp-json\/wp\/v2\/users\/1"}],"replies":[{"embeddable":true,"href":"https:\/\/agora.xtec.cat\/escalmacelles\/wp-json\/wp\/v2\/comments?post=19737"}],"version-history":[{"count":3,"href":"https:\/\/agora.xtec.cat\/escalmacelles\/wp-json\/wp\/v2\/posts\/19737\/revisions"}],"predecessor-version":[{"id":19804,"href":"https:\/\/agora.xtec.cat\/escalmacelles\/wp-json\/wp\/v2\/posts\/19737\/revisions\/19804"}],"wp:featuredmedia":[{"embeddable":true,"href":"https:\/\/agora.xtec.cat\/escalmacelles\/wp-json\/wp\/v2\/media\/19741"}],"wp:attachment":[{"href":"https:\/\/agora.xtec.cat\/escalmacelles\/wp-json\/wp\/v2\/media?parent=19737"}],"wp:term":[{"taxonomy":"category","embeddable":true,"href":"https:\/\/agora.xtec.cat\/escalmacelles\/wp-json\/wp\/v2\/categories?post=19737"},{"taxonomy":"post_tag","embeddable":true,"href":"https:\/\/agora.xtec.cat\/escalmacelles\/wp-json\/wp\/v2\/tags?post=19737"}],"curies":[{"name":"wp","href":"https:\/\/api.w.org\/{rel}","templated":true}]}}