{"id":19515,"date":"2020-03-18T19:38:56","date_gmt":"2020-03-18T18:38:56","guid":{"rendered":"http:\/\/agora.xtec.cat\/escalmacelles\/?p=19515"},"modified":"2022-10-04T19:55:24","modified_gmt":"2022-10-04T17:55:24","slug":"lalumnat-de-1r-treballem-els-plastics","status":"publish","type":"post","link":"https:\/\/agora.xtec.cat\/escalmacelles\/portada\/lalumnat-de-1r-treballem-els-plastics\/","title":{"rendered":"L&#8217;ALUMNAT DE 1r TREBALLEM &#8220;ELS PL\u00c0STICS&#8221;"},"content":{"rendered":"<p>Durant aquest 2n trimestre tota l&#8217;escola hem fet un projecte com\u00fa, &#8220;ELS PL\u00c0STICS&#8221;, per treballar i tractar aquesta problem\u00e0tica que afecta a tot el nostre planeta.<\/p>\n<p>L&#8217;alumnat de Cicle Inicial vam iniciar el nostre projecte amb un taller. Ens van donar molta informaci\u00f3 sobre el tema i vam observar imatges sobre l&#8217;impacte dels pl\u00e0stics en el medi ambient.<\/p>\n<p><a href=\"https:\/\/photos.app.goo.gl\/poVk2Uy7mEDFJauw7\"><img loading=\"lazy\" decoding=\"async\" class=\"wp-image-19516 aligncenter\" src=\"https:\/\/agora.xtec.cat\/escalmacelles\/wp-content\/uploads\/usu1902\/2020\/03\/taller-plastics-1024x768.jpg\" alt=\"\" width=\"450\" height=\"337\" srcset=\"https:\/\/agora.xtec.cat\/escalmacelles\/wp-content\/uploads\/usu1902\/2020\/03\/taller-plastics.jpg 1024w, https:\/\/agora.xtec.cat\/escalmacelles\/wp-content\/uploads\/usu1902\/2020\/03\/taller-plastics-300x225.jpg 300w, https:\/\/agora.xtec.cat\/escalmacelles\/wp-content\/uploads\/usu1902\/2020\/03\/taller-plastics-768x576.jpg 768w, https:\/\/agora.xtec.cat\/escalmacelles\/wp-content\/uploads\/usu1902\/2020\/03\/taller-plastics-200x150.jpg 200w\" sizes=\"auto, (max-width: 450px) 100vw, 450px\" \/><\/a><\/p>\n<p>&nbsp;<\/p>\n<p>On pod\u00edem anar per saber qu\u00e8 fer amb els pl\u00e0stics? Tot l&#8217;alumnat de Cicle Inicial vam anar a visitar la planta de reciclatge Gri\u00f1\u00f3 i l&#8217;abocador de residus de Montoliu de Lleida. Vam veure en directe com se seleccionen els diferents tipus de pl\u00e0stic, que nosaltres reciclem, per poder recuperar-lo i fabricar un altre tipus de material: fil, roba, joguines,&#8230; Tamb\u00e9 vam observar la quantitat de residus que les persones generem i que va a parar a l&#8217;abocador.<\/p>\n<p>Ens va impactar molt\u00edssim!!!<\/p>\n<p><a href=\"https:\/\/photos.app.goo.gl\/f3ignd1spTxPnkKF8\"><img loading=\"lazy\" decoding=\"async\" class=\"wp-image-19517 aligncenter\" src=\"https:\/\/agora.xtec.cat\/escalmacelles\/wp-content\/uploads\/usu1902\/2020\/03\/gri\u00f1o-1024x768.jpg\" alt=\"\" width=\"450\" height=\"338\" srcset=\"https:\/\/agora.xtec.cat\/escalmacelles\/wp-content\/uploads\/usu1902\/2020\/03\/gri\u00f1o.jpg 1024w, https:\/\/agora.xtec.cat\/escalmacelles\/wp-content\/uploads\/usu1902\/2020\/03\/gri\u00f1o-300x225.jpg 300w, https:\/\/agora.xtec.cat\/escalmacelles\/wp-content\/uploads\/usu1902\/2020\/03\/gri\u00f1o-768x576.jpg 768w, https:\/\/agora.xtec.cat\/escalmacelles\/wp-content\/uploads\/usu1902\/2020\/03\/gri\u00f1o-200x150.jpg 200w\" sizes=\"auto, (max-width: 450px) 100vw, 450px\" \/><\/a><\/p>\n<p>&nbsp;<\/p>\n<p>Aix\u00ed que l&#8217;alumnat de 1r ens vam ficar mans a l&#8217;obra! Despr\u00e9s d&#8217;una pluja d&#8217;idees, vam decidir portar pl\u00e0stics de casa i treballar en grups. Cada grup va ficar-se un nom i va seleccionar objectes de pl\u00e0stic. Es tractava de con\u00e8ixer les 4 erres (Reciclar, Reduir, Reutilitzar i Recuperar) i aplicar-les a tots els objectes de pl\u00e0stic que hem portat de casa.<\/p>\n<p>Ha estat un treball molt intens que ens ha perm\u00e8s prendre consci\u00e8ncia sobre els nostres actes. Totes les activitats han quedat recollides en un dossier de treball: escriptura de llistats, resoluci\u00f3 de problemes matem\u00e0tiques, notes informatives a les fam\u00edlies, escriptura de textos explicant les nostres tasques i recollint les nostres idees, invenci\u00f3 d&#8217;escultures de pl\u00e0stic i dibuix d&#8217;aquestes, creaci\u00f3 de testos i joguines amb ampolles de pl\u00e0stic, b\u00fasqueda\u00a0 d&#8217;imatges a les tauletes, aprendre i cantar la can\u00e7\u00f3 de les tres erres. Tamb\u00e9 els nostres companys\/es de 2n ens van donar molta informaci\u00f3 sobre els pl\u00e0stics: tipus, caracter\u00edstiques, utilitats,&#8230; Van fer una presentaci\u00f3 del seu treball molt interessant. Gr\u00e0cies!!!<\/p>\n<p>Uff!!! Hem treballat molt.<\/p>\n<p><a href=\"https:\/\/photos.app.goo.gl\/W4N7PbkAHYKrpYBW6\"><img loading=\"lazy\" decoding=\"async\" class=\"wp-image-19518 aligncenter\" src=\"https:\/\/agora.xtec.cat\/escalmacelles\/wp-content\/uploads\/usu1902\/2020\/03\/plastics-de-casa-1024x768.jpg\" alt=\"\" width=\"451\" height=\"338\" srcset=\"https:\/\/agora.xtec.cat\/escalmacelles\/wp-content\/uploads\/usu1902\/2020\/03\/plastics-de-casa.jpg 1024w, https:\/\/agora.xtec.cat\/escalmacelles\/wp-content\/uploads\/usu1902\/2020\/03\/plastics-de-casa-300x225.jpg 300w, https:\/\/agora.xtec.cat\/escalmacelles\/wp-content\/uploads\/usu1902\/2020\/03\/plastics-de-casa-768x576.jpg 768w, https:\/\/agora.xtec.cat\/escalmacelles\/wp-content\/uploads\/usu1902\/2020\/03\/plastics-de-casa-200x150.jpg 200w\" sizes=\"auto, (max-width: 451px) 100vw, 451px\" \/><\/a><\/p>\n<p>&nbsp;<\/p>\n<p>Per \u00faltim, el producte final del nostre projecte d&#8217;escola sempre \u00e9s una exposici\u00f3 al Casal d&#8217;Almacelles. Aix\u00ed que vam dissenyar i fer un mural per representar el treball de les 4 erres. Tamb\u00e9 vam preparar una can\u00e7\u00f3 amb coreografia pel dia de la inauguraci\u00f3 de l&#8217;exposici\u00f3. Ho vam fer molt b\u00e9 i la inauguraci\u00f3 i l&#8217;exposici\u00f3 van ser tot un \u00e8xit.<\/p>\n<p><a href=\"https:\/\/photos.app.goo.gl\/zJjM1zLc9iXndfxp8\"><img loading=\"lazy\" decoding=\"async\" class=\"wp-image-19525 aligncenter\" src=\"https:\/\/agora.xtec.cat\/escalmacelles\/wp-content\/uploads\/usu1902\/2020\/03\/expo-casal-1024x768.jpg\" alt=\"\" width=\"451\" height=\"338\" srcset=\"https:\/\/agora.xtec.cat\/escalmacelles\/wp-content\/uploads\/usu1902\/2020\/03\/expo-casal.jpg 1024w, https:\/\/agora.xtec.cat\/escalmacelles\/wp-content\/uploads\/usu1902\/2020\/03\/expo-casal-300x225.jpg 300w, https:\/\/agora.xtec.cat\/escalmacelles\/wp-content\/uploads\/usu1902\/2020\/03\/expo-casal-768x576.jpg 768w, https:\/\/agora.xtec.cat\/escalmacelles\/wp-content\/uploads\/usu1902\/2020\/03\/expo-casal-200x150.jpg 200w\" sizes=\"auto, (max-width: 451px) 100vw, 451px\" \/><\/a><\/p>\n<p>&nbsp;<\/p>\n<p>HA ESTAT UN PROJECTE MOLT INTERESSANT QUE BEN SEGUR ENS FAR\u00c0 RESPECTAR MOLT M\u00c9S EL NOSTRE PLANETA!!!<\/p>\n<p>&nbsp;<\/p>\n","protected":false},"excerpt":{"rendered":"<p>Durant aquest 2n trimestre tota l&#8217;escola hem fet un projecte com\u00fa, &#8220;ELS PL\u00c0STICS&#8221;, per treballar i tractar aquesta problem\u00e0tica que afecta a tot el nostre planeta. L&#8217;alumnat de Cicle Inicial vam iniciar el nostre projecte amb un taller. Ens van donar molta informaci\u00f3 sobre el tema i vam observar imatges sobre l&#8217;impacte dels pl\u00e0stics en [&hellip;]<\/p>\n","protected":false},"author":4,"featured_media":0,"comment_status":"closed","ping_status":"closed","sticky":false,"template":"","format":"standard","meta":{"_bbp_topic_count":0,"_bbp_reply_count":0,"_bbp_total_topic_count":0,"_bbp_total_reply_count":0,"_bbp_voice_count":0,"_bbp_anonymous_reply_count":0,"_bbp_topic_count_hidden":0,"_bbp_reply_count_hidden":0,"_bbp_forum_subforum_count":0,"site-sidebar-layout":"default","site-content-layout":"","ast-site-content-layout":"","site-content-style":"default","site-sidebar-style":"default","ast-global-header-display":"","ast-banner-title-visibility":"","ast-main-header-display":"","ast-hfb-above-header-display":"","ast-hfb-below-header-display":"","ast-hfb-mobile-header-display":"","site-post-title":"","ast-breadcrumbs-content":"","ast-featured-img":"","footer-sml-layout":"","theme-transparent-header-meta":"","adv-header-id-meta":"","stick-header-meta":"","header-above-stick-meta":"","header-main-stick-meta":"","header-below-stick-meta":"","astra-migrate-meta-layouts":"default","ast-page-background-enabled":"default","ast-page-background-meta":{"desktop":{"background-color":"var(--ast-global-color-4)","background-image":"","background-repeat":"repeat","background-position":"center center","background-size":"auto","background-attachment":"scroll","background-type":"","background-media":"","overlay-type":"","overlay-color":"","overlay-opacity":"","overlay-gradient":""},"tablet":{"background-color":"","background-image":"","background-repeat":"repeat","background-position":"center center","background-size":"auto","background-attachment":"scroll","background-type":"","background-media":"","overlay-type":"","overlay-color":"","overlay-opacity":"","overlay-gradient":""},"mobile":{"background-color":"","background-image":"","background-repeat":"repeat","background-position":"center center","background-size":"auto","background-attachment":"scroll","background-type":"","background-media":"","overlay-type":"","overlay-color":"","overlay-opacity":"","overlay-gradient":""}},"ast-content-background-meta":{"desktop":{"background-color":"var(--ast-global-color-5)","background-image":"","background-repeat":"repeat","background-position":"center center","background-size":"auto","background-attachment":"scroll","background-type":"","background-media":"","overlay-type":"","overlay-color":"","overlay-opacity":"","overlay-gradient":""},"tablet":{"background-color":"var(--ast-global-color-5)","background-image":"","background-repeat":"repeat","background-position":"center center","background-size":"auto","background-attachment":"scroll","background-type":"","background-media":"","overlay-type":"","overlay-color":"","overlay-opacity":"","overlay-gradient":""},"mobile":{"background-color":"var(--ast-global-color-5)","background-image":"","background-repeat":"repeat","background-position":"center center","background-size":"auto","background-attachment":"scroll","background-type":"","background-media":"","overlay-type":"","overlay-color":"","overlay-opacity":"","overlay-gradient":""}},"footnotes":""},"categories":[10,11,4,5],"tags":[],"class_list":["post-19515","post","type-post","status-publish","format-standard","hentry","category-1r","category-2n","category-portada","category-primaria"],"post_mailing_queue_ids":[],"_links":{"self":[{"href":"https:\/\/agora.xtec.cat\/escalmacelles\/wp-json\/wp\/v2\/posts\/19515","targetHints":{"allow":["GET"]}}],"collection":[{"href":"https:\/\/agora.xtec.cat\/escalmacelles\/wp-json\/wp\/v2\/posts"}],"about":[{"href":"https:\/\/agora.xtec.cat\/escalmacelles\/wp-json\/wp\/v2\/types\/post"}],"author":[{"embeddable":true,"href":"https:\/\/agora.xtec.cat\/escalmacelles\/wp-json\/wp\/v2\/users\/4"}],"replies":[{"embeddable":true,"href":"https:\/\/agora.xtec.cat\/escalmacelles\/wp-json\/wp\/v2\/comments?post=19515"}],"version-history":[{"count":3,"href":"https:\/\/agora.xtec.cat\/escalmacelles\/wp-json\/wp\/v2\/posts\/19515\/revisions"}],"predecessor-version":[{"id":19540,"href":"https:\/\/agora.xtec.cat\/escalmacelles\/wp-json\/wp\/v2\/posts\/19515\/revisions\/19540"}],"wp:attachment":[{"href":"https:\/\/agora.xtec.cat\/escalmacelles\/wp-json\/wp\/v2\/media?parent=19515"}],"wp:term":[{"taxonomy":"category","embeddable":true,"href":"https:\/\/agora.xtec.cat\/escalmacelles\/wp-json\/wp\/v2\/categories?post=19515"},{"taxonomy":"post_tag","embeddable":true,"href":"https:\/\/agora.xtec.cat\/escalmacelles\/wp-json\/wp\/v2\/tags?post=19515"}],"curies":[{"name":"wp","href":"https:\/\/api.w.org\/{rel}","templated":true}]}}