{"id":19473,"date":"2020-02-19T11:42:11","date_gmt":"2020-02-19T10:42:11","guid":{"rendered":"http:\/\/agora.xtec.cat\/escalmacelles\/?p=19473"},"modified":"2020-02-24T12:23:29","modified_gmt":"2020-02-24T11:23:29","slug":"inauguracio-de-lexposicio-els-plastics","status":"publish","type":"post","link":"https:\/\/agora.xtec.cat\/escalmacelles\/general\/inauguracio-de-lexposicio-els-plastics\/","title":{"rendered":"Inauguraci\u00f3 de l&#8217;exposici\u00f3 ELS PL\u00c0STICS"},"content":{"rendered":"<p>El passat divendres 14 de febrer vam inaugurar l\u2019exposici\u00f3 d\u2019aquest any sobre l\u2019\u00fas i ab\u00fas que fem dels pl\u00e0stics. Ho vam fer a la Sala Polivalent, amb l\u2019expressi\u00f3 corporal i les can\u00e7ons com a fil conductor de les presentacions.<\/p>\n<p>L\u2019exposici\u00f3 d\u2019enguany vol ser un punt de partida per conscienciar-nos sobre l\u2019\u00fas que fem del pl\u00e0stic i les seves conseq\u00fc\u00e8ncies per al nostre planeta. Us animem a visitar-la i esperem que us agradi!!<\/p>\n<p>Cliqueu a la imatge per accedir al recull fotogr\u00e0fic.<\/p>\n<p><a href=\"https:\/\/photos.app.goo.gl\/wEboXGvjuXPZFm2W6\"><img loading=\"lazy\" decoding=\"async\" class=\"alignnone size-large wp-image-19474\" src=\"https:\/\/agora.xtec.cat\/escalmacelles\/wp-content\/uploads\/usu1902\/2020\/02\/Expo2020-1024x682.jpg\" alt=\"\" width=\"1024\" height=\"682\" srcset=\"https:\/\/agora.xtec.cat\/escalmacelles\/wp-content\/uploads\/usu1902\/2020\/02\/Expo2020.jpg 1024w, https:\/\/agora.xtec.cat\/escalmacelles\/wp-content\/uploads\/usu1902\/2020\/02\/Expo2020-300x200.jpg 300w, https:\/\/agora.xtec.cat\/escalmacelles\/wp-content\/uploads\/usu1902\/2020\/02\/Expo2020-768x512.jpg 768w\" sizes=\"auto, (max-width: 1024px) 100vw, 1024px\" \/><\/a><\/p>\n<p>Pots visualitzar, tamb\u00e9, el video:<\/p>\n<div class=\"ast-oembed-container \" style=\"height: 100%;\"><iframe loading=\"lazy\" title=\"Presentaci\u00f3 de l&#039;Exposici\u00f3 2020: ELS PL\u00c0STICS\" width=\"500\" height=\"281\" src=\"https:\/\/www.youtube.com\/embed\/HJ4OshSG7cg?feature=oembed\" frameborder=\"0\" allow=\"accelerometer; autoplay; clipboard-write; encrypted-media; gyroscope; picture-in-picture; web-share\" referrerpolicy=\"strict-origin-when-cross-origin\" allowfullscreen><\/iframe><\/div>\n<p>&nbsp;<\/p>\n","protected":false},"excerpt":{"rendered":"<p>El passat divendres 14 de febrer vam inaugurar l\u2019exposici\u00f3 d\u2019aquest any sobre l\u2019\u00fas i ab\u00fas que fem dels pl\u00e0stics. Ho vam fer a la Sala Polivalent, amb l\u2019expressi\u00f3 corporal i les can\u00e7ons com a fil conductor de les presentacions. L\u2019exposici\u00f3 d\u2019enguany vol ser un punt de partida per conscienciar-nos sobre l\u2019\u00fas que fem del pl\u00e0stic [&hellip;]<\/p>\n","protected":false},"author":1,"featured_media":0,"comment_status":"closed","ping_status":"closed","sticky":false,"template":"","format":"standard","meta":{"_bbp_topic_count":0,"_bbp_reply_count":0,"_bbp_total_topic_count":0,"_bbp_total_reply_count":0,"_bbp_voice_count":0,"_bbp_anonymous_reply_count":0,"_bbp_topic_count_hidden":0,"_bbp_reply_count_hidden":0,"_bbp_forum_subforum_count":0,"site-sidebar-layout":"default","site-content-layout":"","ast-site-content-layout":"","site-content-style":"default","site-sidebar-style":"default","ast-global-header-display":"","ast-banner-title-visibility":"","ast-main-header-display":"","ast-hfb-above-header-display":"","ast-hfb-below-header-display":"","ast-hfb-mobile-header-display":"","site-post-title":"","ast-breadcrumbs-content":"","ast-featured-img":"","footer-sml-layout":"","theme-transparent-header-meta":"","adv-header-id-meta":"","stick-header-meta":"","header-above-stick-meta":"","header-main-stick-meta":"","header-below-stick-meta":"","astra-migrate-meta-layouts":"default","ast-page-background-enabled":"default","ast-page-background-meta":{"desktop":{"background-color":"var(--ast-global-color-4)","background-image":"","background-repeat":"repeat","background-position":"center center","background-size":"auto","background-attachment":"scroll","background-type":"","background-media":"","overlay-type":"","overlay-color":"","overlay-opacity":"","overlay-gradient":""},"tablet":{"background-color":"","background-image":"","background-repeat":"repeat","background-position":"center center","background-size":"auto","background-attachment":"scroll","background-type":"","background-media":"","overlay-type":"","overlay-color":"","overlay-opacity":"","overlay-gradient":""},"mobile":{"background-color":"","background-image":"","background-repeat":"repeat","background-position":"center center","background-size":"auto","background-attachment":"scroll","background-type":"","background-media":"","overlay-type":"","overlay-color":"","overlay-opacity":"","overlay-gradient":""}},"ast-content-background-meta":{"desktop":{"background-color":"var(--ast-global-color-5)","background-image":"","background-repeat":"repeat","background-position":"center center","background-size":"auto","background-attachment":"scroll","background-type":"","background-media":"","overlay-type":"","overlay-color":"","overlay-opacity":"","overlay-gradient":""},"tablet":{"background-color":"var(--ast-global-color-5)","background-image":"","background-repeat":"repeat","background-position":"center center","background-size":"auto","background-attachment":"scroll","background-type":"","background-media":"","overlay-type":"","overlay-color":"","overlay-opacity":"","overlay-gradient":""},"mobile":{"background-color":"var(--ast-global-color-5)","background-image":"","background-repeat":"repeat","background-position":"center center","background-size":"auto","background-attachment":"scroll","background-type":"","background-media":"","overlay-type":"","overlay-color":"","overlay-opacity":"","overlay-gradient":""}},"footnotes":""},"categories":[1,4,5],"tags":[],"class_list":["post-19473","post","type-post","status-publish","format-standard","hentry","category-general","category-portada","category-primaria"],"post_mailing_queue_ids":[],"_links":{"self":[{"href":"https:\/\/agora.xtec.cat\/escalmacelles\/wp-json\/wp\/v2\/posts\/19473","targetHints":{"allow":["GET"]}}],"collection":[{"href":"https:\/\/agora.xtec.cat\/escalmacelles\/wp-json\/wp\/v2\/posts"}],"about":[{"href":"https:\/\/agora.xtec.cat\/escalmacelles\/wp-json\/wp\/v2\/types\/post"}],"author":[{"embeddable":true,"href":"https:\/\/agora.xtec.cat\/escalmacelles\/wp-json\/wp\/v2\/users\/1"}],"replies":[{"embeddable":true,"href":"https:\/\/agora.xtec.cat\/escalmacelles\/wp-json\/wp\/v2\/comments?post=19473"}],"version-history":[{"count":2,"href":"https:\/\/agora.xtec.cat\/escalmacelles\/wp-json\/wp\/v2\/posts\/19473\/revisions"}],"predecessor-version":[{"id":19481,"href":"https:\/\/agora.xtec.cat\/escalmacelles\/wp-json\/wp\/v2\/posts\/19473\/revisions\/19481"}],"wp:attachment":[{"href":"https:\/\/agora.xtec.cat\/escalmacelles\/wp-json\/wp\/v2\/media?parent=19473"}],"wp:term":[{"taxonomy":"category","embeddable":true,"href":"https:\/\/agora.xtec.cat\/escalmacelles\/wp-json\/wp\/v2\/categories?post=19473"},{"taxonomy":"post_tag","embeddable":true,"href":"https:\/\/agora.xtec.cat\/escalmacelles\/wp-json\/wp\/v2\/tags?post=19473"}],"curies":[{"name":"wp","href":"https:\/\/api.w.org\/{rel}","templated":true}]}}