{"id":19470,"date":"2020-02-18T16:49:43","date_gmt":"2020-02-18T15:49:43","guid":{"rendered":"http:\/\/agora.xtec.cat\/escalmacelles\/?p=19470"},"modified":"2022-10-04T19:53:12","modified_gmt":"2022-10-04T17:53:12","slug":"dia-internacional-de-les-dones-a-la-ciencia","status":"publish","type":"post","link":"https:\/\/agora.xtec.cat\/escalmacelles\/portada\/dia-internacional-de-les-dones-a-la-ciencia\/","title":{"rendered":"Dia internacional de les dones a la ci\u00e8ncia"},"content":{"rendered":"<p>El dia 11 de febrer se celebra el Dia Internacional de les Dones i les Nenes en la Ci\u00e8ncia. Aquest dia va ser establert l\u2019any 2015 per l\u2019ONU amb l\u2019objectiu de promoure la participaci\u00f3 plena i en condicions d&#8217;igualtat de les dones i les nenes en l&#8217;educaci\u00f3, la capacitaci\u00f3, l&#8217;ocupaci\u00f3 i els processos d&#8217;adopci\u00f3 de decisions en la ci\u00e8ncia, i eliminar tota mena de discriminaci\u00f3 contra les dones en les esferes de l&#8217;educaci\u00f3 i l&#8217;ocupaci\u00f3, tot trencant les barreres jur\u00eddiques, econ\u00f2miques, socials i culturals mitjan\u00e7ant pol\u00edtiques i plans d&#8217;estudi en el camp de la ci\u00e8ncia que fomentin una major participaci\u00f3 de les dones i les nenes i en reconeguin les seves contribucions.<\/p>\n<p>Una de les iniciatives que s\u2019ha impulsat\u00a0 des de la Fundaci\u00f3 Catalana per a la Recerca i la Innovaci\u00f3 i el Barcelona Institute for Science and Technology, amb la col\u00b7laboraci\u00f3 del Departament d\u2019Educaci\u00f3, per a celebrar aquest dia ha estat \u201c100t\u00edfiques\u201d.<\/p>\n<p>La nostra escola, compromesa amb la coeducaci\u00f3 i amb la ci\u00e8ncia, ha volgut participar i hem pogut gaudir d\u2019una confer\u00e8ncia de la Doctora Georgina Alins sobre la import\u00e0ncia dels insectes per a la vida. La sra Georgina Alins treballa com a investigadora a l\u2019IRTA i ens va explicar experi\u00e8ncies seves i va respondre molt amablement a totes les preguntes.<\/p>\n<p>Cliqueu a la imatge per veure les fotografies<\/p>\n<p><a href=\"https:\/\/photos.app.goo.gl\/zAVC1UDExVqjQenv6\"><img loading=\"lazy\" decoding=\"async\" class=\"alignnone size-large wp-image-19471\" src=\"https:\/\/agora.xtec.cat\/escalmacelles\/wp-content\/uploads\/usu1902\/2020\/02\/100tifiques-1024x768.jpg\" alt=\"\" width=\"1024\" height=\"768\" srcset=\"https:\/\/agora.xtec.cat\/escalmacelles\/wp-content\/uploads\/usu1902\/2020\/02\/100tifiques.jpg 1024w, https:\/\/agora.xtec.cat\/escalmacelles\/wp-content\/uploads\/usu1902\/2020\/02\/100tifiques-300x225.jpg 300w, https:\/\/agora.xtec.cat\/escalmacelles\/wp-content\/uploads\/usu1902\/2020\/02\/100tifiques-768x576.jpg 768w, https:\/\/agora.xtec.cat\/escalmacelles\/wp-content\/uploads\/usu1902\/2020\/02\/100tifiques-200x150.jpg 200w\" sizes=\"auto, (max-width: 1024px) 100vw, 1024px\" \/><\/a><\/p>\n","protected":false},"excerpt":{"rendered":"<p>El dia 11 de febrer se celebra el Dia Internacional de les Dones i les Nenes en la Ci\u00e8ncia. Aquest dia va ser establert l\u2019any 2015 per l\u2019ONU amb l\u2019objectiu de promoure la participaci\u00f3 plena i en condicions d&#8217;igualtat de les dones i les nenes en l&#8217;educaci\u00f3, la capacitaci\u00f3, l&#8217;ocupaci\u00f3 i els processos d&#8217;adopci\u00f3 de [&hellip;]<\/p>\n","protected":false},"author":1,"featured_media":0,"comment_status":"closed","ping_status":"closed","sticky":false,"template":"","format":"standard","meta":{"_bbp_topic_count":0,"_bbp_reply_count":0,"_bbp_total_topic_count":0,"_bbp_total_reply_count":0,"_bbp_voice_count":0,"_bbp_anonymous_reply_count":0,"_bbp_topic_count_hidden":0,"_bbp_reply_count_hidden":0,"_bbp_forum_subforum_count":0,"site-sidebar-layout":"default","site-content-layout":"","ast-site-content-layout":"","site-content-style":"default","site-sidebar-style":"default","ast-global-header-display":"","ast-banner-title-visibility":"","ast-main-header-display":"","ast-hfb-above-header-display":"","ast-hfb-below-header-display":"","ast-hfb-mobile-header-display":"","site-post-title":"","ast-breadcrumbs-content":"","ast-featured-img":"","footer-sml-layout":"","theme-transparent-header-meta":"","adv-header-id-meta":"","stick-header-meta":"","header-above-stick-meta":"","header-main-stick-meta":"","header-below-stick-meta":"","astra-migrate-meta-layouts":"default","ast-page-background-enabled":"default","ast-page-background-meta":{"desktop":{"background-color":"var(--ast-global-color-4)","background-image":"","background-repeat":"repeat","background-position":"center center","background-size":"auto","background-attachment":"scroll","background-type":"","background-media":"","overlay-type":"","overlay-color":"","overlay-opacity":"","overlay-gradient":""},"tablet":{"background-color":"","background-image":"","background-repeat":"repeat","background-position":"center center","background-size":"auto","background-attachment":"scroll","background-type":"","background-media":"","overlay-type":"","overlay-color":"","overlay-opacity":"","overlay-gradient":""},"mobile":{"background-color":"","background-image":"","background-repeat":"repeat","background-position":"center center","background-size":"auto","background-attachment":"scroll","background-type":"","background-media":"","overlay-type":"","overlay-color":"","overlay-opacity":"","overlay-gradient":""}},"ast-content-background-meta":{"desktop":{"background-color":"var(--ast-global-color-5)","background-image":"","background-repeat":"repeat","background-position":"center center","background-size":"auto","background-attachment":"scroll","background-type":"","background-media":"","overlay-type":"","overlay-color":"","overlay-opacity":"","overlay-gradient":""},"tablet":{"background-color":"var(--ast-global-color-5)","background-image":"","background-repeat":"repeat","background-position":"center center","background-size":"auto","background-attachment":"scroll","background-type":"","background-media":"","overlay-type":"","overlay-color":"","overlay-opacity":"","overlay-gradient":""},"mobile":{"background-color":"var(--ast-global-color-5)","background-image":"","background-repeat":"repeat","background-position":"center center","background-size":"auto","background-attachment":"scroll","background-type":"","background-media":"","overlay-type":"","overlay-color":"","overlay-opacity":"","overlay-gradient":""}},"footnotes":""},"categories":[4,5],"tags":[],"class_list":["post-19470","post","type-post","status-publish","format-standard","hentry","category-portada","category-primaria"],"post_mailing_queue_ids":[],"_links":{"self":[{"href":"https:\/\/agora.xtec.cat\/escalmacelles\/wp-json\/wp\/v2\/posts\/19470","targetHints":{"allow":["GET"]}}],"collection":[{"href":"https:\/\/agora.xtec.cat\/escalmacelles\/wp-json\/wp\/v2\/posts"}],"about":[{"href":"https:\/\/agora.xtec.cat\/escalmacelles\/wp-json\/wp\/v2\/types\/post"}],"author":[{"embeddable":true,"href":"https:\/\/agora.xtec.cat\/escalmacelles\/wp-json\/wp\/v2\/users\/1"}],"replies":[{"embeddable":true,"href":"https:\/\/agora.xtec.cat\/escalmacelles\/wp-json\/wp\/v2\/comments?post=19470"}],"version-history":[{"count":1,"href":"https:\/\/agora.xtec.cat\/escalmacelles\/wp-json\/wp\/v2\/posts\/19470\/revisions"}],"predecessor-version":[{"id":19472,"href":"https:\/\/agora.xtec.cat\/escalmacelles\/wp-json\/wp\/v2\/posts\/19470\/revisions\/19472"}],"wp:attachment":[{"href":"https:\/\/agora.xtec.cat\/escalmacelles\/wp-json\/wp\/v2\/media?parent=19470"}],"wp:term":[{"taxonomy":"category","embeddable":true,"href":"https:\/\/agora.xtec.cat\/escalmacelles\/wp-json\/wp\/v2\/categories?post=19470"},{"taxonomy":"post_tag","embeddable":true,"href":"https:\/\/agora.xtec.cat\/escalmacelles\/wp-json\/wp\/v2\/tags?post=19470"}],"curies":[{"name":"wp","href":"https:\/\/api.w.org\/{rel}","templated":true}]}}