{"id":19449,"date":"2019-12-18T12:03:41","date_gmt":"2019-12-18T11:03:41","guid":{"rendered":"http:\/\/agora.xtec.cat\/escalmacelles\/?p=19449"},"modified":"2022-10-04T19:49:00","modified_gmt":"2022-10-04T17:49:00","slug":"colonies-al-camp-daprenentatge-pau-casals","status":"publish","type":"post","link":"https:\/\/agora.xtec.cat\/escalmacelles\/portada\/colonies-al-camp-daprenentatge-pau-casals\/","title":{"rendered":"Col\u00f2nies al Camp d&#8217;Aprenentatge Pau Casals"},"content":{"rendered":"<p>El dilluns 28 d\u2019octubre l\u2019alumnat de 6\u00e8 vam marxar de col\u00f2nies a Coma-ruga, al camp d\u2019aprenentatge de Pau Casals. Hi vam estar tres dies!<\/p>\n<p>Quan vam arribar, ens van dividir en 3 grups per fer diferents activitats: la gravaci\u00f3 de dues can\u00e7ons que hav\u00edem preparat amb l\u2019Anna; el treball de les emocions relacionades amb les textures i els colors, que ens va ajudar a dissenyar les portades del disc; i experiments sobre el so.<\/p>\n<p>Per la tarda, despr\u00e9s de berenar, vam anar a donar un tom per la platja i ens vam remullar els peus. Despr\u00e9s de dutxar-nos, per treure\u2019ns la sorra, uns quants vam muntar unes perruqueries improvisades per pentinar-nos entre nosaltres. Est\u00e0vem tots molt guapos i guapes!<\/p>\n<p>Quan vam estar preparats, vam baixar a sopar (p\u00e8sols, truita de patata, croquetes i iogurt). Ho tenien molt ben organitzat, ja que primer passaven els que tenien men\u00fa adaptat i despr\u00e9s els altres.<\/p>\n<p>El dia seg\u00fcent va ser molt intens! Tocava treballar el ROCK:\u00a0 vam fer un Kahoot sobre la hist\u00f2ria del rock, vam aprendre alguns passos per poder ballar amb parelles i vam anar a l\u2019Auditori de Pau Casals per escoltar un concert de rock en directe! El Marc Gasset i el Mario Lagunas van tocar una can\u00e7\u00f3 cadasc\u00fa i ho van fer molt b\u00e9! En arribar a l\u2019alberg ens vam posar el banyador i ens vam preparar les bosses amb la tovallola i les xancles perqu\u00e8 despr\u00e9s de dinar vam anar a banyar-nos a la platja. L\u2019aigua estava gla\u00e7ada, per\u00f2 va ser genial! A continuaci\u00f3, un cop ja est\u00e0vem secs i canviats, vam visitar la casa de Pau Casals, que ara \u00e9s un museu on hi ha un recull de fotografies, escultures, partitures, instruments i altres objectes del m\u00fasic. Fins i tot vam poder veure un v\u00eddeo on es veu Pau Casals fent el discurs de les Nacions Unides, el 24 d\u2019octubre de 1971 amb el motiu de l\u2019estrena de l\u2019Himne de les Nacions Unides que ell mateix havia compost i vam sentir \u201cEl Cant dels Ocells\u201d.<\/p>\n<p>A la nit tots i totes ens vam caracteritzar de rockers i rockeres i en baixar al menjador tothom se\u2019ns va quedar mirant. Despr\u00e9s de sopar vam ballar, menjar, vam fer nens vs nenes en una \u201cbatalla\u201d de ball que per cert, van guanyar les nenes i vam celebrar l\u2019aniversari de l\u2019Anna, la mestra de m\u00fasica de l\u2019escola.<\/p>\n<p>L\u2019\u00faltim dia, despr\u00e9s de preparar les maletes i endre\u00e7ar les habitacions, vam fer un scape room sobre la hist\u00f2ria del rock. Va ser molt divertit, interessant i emocionant. Despr\u00e9s de dinar ens vam dirigir cap a l\u2019Espluga de Francol\u00ed, al Museu de la Vida Rural, on hi havia una exposici\u00f3 sobre el pl\u00e0stic. Vam aprendre que hi ha molta varietat de pl\u00e0stics; que n\u2019hem de fer un \u00fas responsable; avui en dia gaireb\u00e9 tot o en porta o est\u00e0 fet de pl\u00e0stic&#8230;<\/p>\n<p>En resum, que han estat unes col\u00f2nies espectaculars i \u00faniques.<\/p>\n<p><a href=\"https:\/\/photos.app.goo.gl\/CS8Jejf9YFyoqX6KA\"><img loading=\"lazy\" decoding=\"async\" class=\"alignnone size-full wp-image-19450\" src=\"https:\/\/agora.xtec.cat\/escalmacelles\/wp-content\/uploads\/usu1902\/2019\/12\/FotoColonies.jpg\" alt=\"\" width=\"709\" height=\"399\" srcset=\"https:\/\/agora.xtec.cat\/escalmacelles\/wp-content\/uploads\/usu1902\/2019\/12\/FotoColonies.jpg 709w, https:\/\/agora.xtec.cat\/escalmacelles\/wp-content\/uploads\/usu1902\/2019\/12\/FotoColonies-300x169.jpg 300w\" sizes=\"auto, (max-width: 709px) 100vw, 709px\" \/><\/a><\/p>\n<p>&nbsp;<\/p>\n<p>&nbsp;<\/p>\n","protected":false},"excerpt":{"rendered":"<p>El dilluns 28 d\u2019octubre l\u2019alumnat de 6\u00e8 vam marxar de col\u00f2nies a Coma-ruga, al camp d\u2019aprenentatge de Pau Casals. Hi vam estar tres dies! Quan vam arribar, ens van dividir en 3 grups per fer diferents activitats: la gravaci\u00f3 de dues can\u00e7ons que hav\u00edem preparat amb l\u2019Anna; el treball de les emocions relacionades amb les [&hellip;]<\/p>\n","protected":false},"author":1,"featured_media":0,"comment_status":"closed","ping_status":"closed","sticky":false,"template":"","format":"standard","meta":{"_bbp_topic_count":0,"_bbp_reply_count":0,"_bbp_total_topic_count":0,"_bbp_total_reply_count":0,"_bbp_voice_count":0,"_bbp_anonymous_reply_count":0,"_bbp_topic_count_hidden":0,"_bbp_reply_count_hidden":0,"_bbp_forum_subforum_count":0,"site-sidebar-layout":"default","site-content-layout":"","ast-site-content-layout":"","site-content-style":"default","site-sidebar-style":"default","ast-global-header-display":"","ast-banner-title-visibility":"","ast-main-header-display":"","ast-hfb-above-header-display":"","ast-hfb-below-header-display":"","ast-hfb-mobile-header-display":"","site-post-title":"","ast-breadcrumbs-content":"","ast-featured-img":"","footer-sml-layout":"","theme-transparent-header-meta":"","adv-header-id-meta":"","stick-header-meta":"","header-above-stick-meta":"","header-main-stick-meta":"","header-below-stick-meta":"","astra-migrate-meta-layouts":"default","ast-page-background-enabled":"default","ast-page-background-meta":{"desktop":{"background-color":"var(--ast-global-color-4)","background-image":"","background-repeat":"repeat","background-position":"center center","background-size":"auto","background-attachment":"scroll","background-type":"","background-media":"","overlay-type":"","overlay-color":"","overlay-opacity":"","overlay-gradient":""},"tablet":{"background-color":"","background-image":"","background-repeat":"repeat","background-position":"center center","background-size":"auto","background-attachment":"scroll","background-type":"","background-media":"","overlay-type":"","overlay-color":"","overlay-opacity":"","overlay-gradient":""},"mobile":{"background-color":"","background-image":"","background-repeat":"repeat","background-position":"center center","background-size":"auto","background-attachment":"scroll","background-type":"","background-media":"","overlay-type":"","overlay-color":"","overlay-opacity":"","overlay-gradient":""}},"ast-content-background-meta":{"desktop":{"background-color":"var(--ast-global-color-5)","background-image":"","background-repeat":"repeat","background-position":"center center","background-size":"auto","background-attachment":"scroll","background-type":"","background-media":"","overlay-type":"","overlay-color":"","overlay-opacity":"","overlay-gradient":""},"tablet":{"background-color":"var(--ast-global-color-5)","background-image":"","background-repeat":"repeat","background-position":"center center","background-size":"auto","background-attachment":"scroll","background-type":"","background-media":"","overlay-type":"","overlay-color":"","overlay-opacity":"","overlay-gradient":""},"mobile":{"background-color":"var(--ast-global-color-5)","background-image":"","background-repeat":"repeat","background-position":"center center","background-size":"auto","background-attachment":"scroll","background-type":"","background-media":"","overlay-type":"","overlay-color":"","overlay-opacity":"","overlay-gradient":""}},"footnotes":""},"categories":[15,65,4,5],"tags":[],"class_list":["post-19449","post","type-post","status-publish","format-standard","hentry","category-6e","category-musica","category-portada","category-primaria"],"post_mailing_queue_ids":[],"_links":{"self":[{"href":"https:\/\/agora.xtec.cat\/escalmacelles\/wp-json\/wp\/v2\/posts\/19449","targetHints":{"allow":["GET"]}}],"collection":[{"href":"https:\/\/agora.xtec.cat\/escalmacelles\/wp-json\/wp\/v2\/posts"}],"about":[{"href":"https:\/\/agora.xtec.cat\/escalmacelles\/wp-json\/wp\/v2\/types\/post"}],"author":[{"embeddable":true,"href":"https:\/\/agora.xtec.cat\/escalmacelles\/wp-json\/wp\/v2\/users\/1"}],"replies":[{"embeddable":true,"href":"https:\/\/agora.xtec.cat\/escalmacelles\/wp-json\/wp\/v2\/comments?post=19449"}],"version-history":[{"count":1,"href":"https:\/\/agora.xtec.cat\/escalmacelles\/wp-json\/wp\/v2\/posts\/19449\/revisions"}],"predecessor-version":[{"id":19451,"href":"https:\/\/agora.xtec.cat\/escalmacelles\/wp-json\/wp\/v2\/posts\/19449\/revisions\/19451"}],"wp:attachment":[{"href":"https:\/\/agora.xtec.cat\/escalmacelles\/wp-json\/wp\/v2\/media?parent=19449"}],"wp:term":[{"taxonomy":"category","embeddable":true,"href":"https:\/\/agora.xtec.cat\/escalmacelles\/wp-json\/wp\/v2\/categories?post=19449"},{"taxonomy":"post_tag","embeddable":true,"href":"https:\/\/agora.xtec.cat\/escalmacelles\/wp-json\/wp\/v2\/tags?post=19449"}],"curies":[{"name":"wp","href":"https:\/\/api.w.org\/{rel}","templated":true}]}}