{"id":19404,"date":"2019-11-21T22:40:28","date_gmt":"2019-11-21T21:40:28","guid":{"rendered":"http:\/\/agora.xtec.cat\/escalmacelles\/?p=19404"},"modified":"2022-10-04T19:46:31","modified_gmt":"2022-10-04T17:46:31","slug":"bibliomaletes-i-novetats-de-la-biblioteca","status":"publish","type":"post","link":"https:\/\/agora.xtec.cat\/escalmacelles\/portada\/bibliomaletes-i-novetats-de-la-biblioteca\/","title":{"rendered":"BIBLIOMALETES I NOVETATS DE LA BIBLIOTECA"},"content":{"rendered":"<p>Com ja vam fer el curs passat, l&#8217;escola d&#8217;Almacelles ens hem acollit al servei de pr\u00e9stec que ofereix la Biblioteca Sant Bartomeu d&#8217;Alpicat.\u00a0 Aquest servei consisteix en dues maletes, una per Infantil i una altra per Prim\u00e0ria, plenes de llibres i contes. La tem\u00e0tica d&#8217;aquest material gira al voltant dels pl\u00e0stics (tema escollit per treballar el projecte interdisciplinar de tota l&#8217;escola), tamb\u00e9 del medi ambient i del reciclatge.<\/p>\n<p><a href=\"https:\/\/photos.app.goo.gl\/ACjjoTjGS2gCJk5U7\"><img loading=\"lazy\" decoding=\"async\" class=\"alignnone size-large wp-image-19406\" src=\"https:\/\/agora.xtec.cat\/escalmacelles\/wp-content\/uploads\/usu1902\/2019\/11\/bibliomaletes-767x1024.jpg\" alt=\"\" width=\"767\" height=\"1024\" srcset=\"https:\/\/agora.xtec.cat\/escalmacelles\/wp-content\/uploads\/usu1902\/2019\/11\/bibliomaletes-767x1024.jpg 767w, https:\/\/agora.xtec.cat\/escalmacelles\/wp-content\/uploads\/usu1902\/2019\/11\/bibliomaletes-225x300.jpg 225w, https:\/\/agora.xtec.cat\/escalmacelles\/wp-content\/uploads\/usu1902\/2019\/11\/bibliomaletes.jpg 768w\" sizes=\"auto, (max-width: 767px) 100vw, 767px\" \/><\/a><\/p>\n<p>La Neli Peirau, en representaci\u00f3 de les encarregades de la biblioteca d&#8217;Alpicat, va venir a la inauguraci\u00f3 de la nostra biblioteca escolar. Totes elles ens han ajudat i assessorat en la remodelaci\u00f3 de l&#8217;espai. Moltes gr\u00e0cies per la vostra col.laboraci\u00f3!<\/p>\n<p><a href=\"https:\/\/agora.xtec.cat\/escalmacelles\/wp-content\/uploads\/usu1902\/2019\/11\/NELI.jpg\"><img loading=\"lazy\" decoding=\"async\" class=\"alignnone wp-image-19408\" src=\"https:\/\/agora.xtec.cat\/escalmacelles\/wp-content\/uploads\/usu1902\/2019\/11\/NELI-768x1024.jpg\" alt=\"\" width=\"495\" height=\"660\" srcset=\"https:\/\/agora.xtec.cat\/escalmacelles\/wp-content\/uploads\/usu1902\/2019\/11\/NELI.jpg 768w, https:\/\/agora.xtec.cat\/escalmacelles\/wp-content\/uploads\/usu1902\/2019\/11\/NELI-225x300.jpg 225w\" sizes=\"auto, (max-width: 495px) 100vw, 495px\" \/><\/a><\/p>\n<p>Aprofitem per mostrar-vos les novetats d&#8217;aquest curs.<\/p>\n<p><a href=\"https:\/\/agora.xtec.cat\/escalmacelles\/wp-content\/uploads\/usu1902\/2019\/11\/IMG_7270.jpg\"><img loading=\"lazy\" decoding=\"async\" class=\"alignnone wp-image-19412\" src=\"https:\/\/agora.xtec.cat\/escalmacelles\/wp-content\/uploads\/usu1902\/2019\/11\/IMG_7270-1024x768.jpg\" alt=\"\" width=\"449\" height=\"337\" srcset=\"https:\/\/agora.xtec.cat\/escalmacelles\/wp-content\/uploads\/usu1902\/2019\/11\/IMG_7270.jpg 1024w, https:\/\/agora.xtec.cat\/escalmacelles\/wp-content\/uploads\/usu1902\/2019\/11\/IMG_7270-300x225.jpg 300w, https:\/\/agora.xtec.cat\/escalmacelles\/wp-content\/uploads\/usu1902\/2019\/11\/IMG_7270-768x576.jpg 768w, https:\/\/agora.xtec.cat\/escalmacelles\/wp-content\/uploads\/usu1902\/2019\/11\/IMG_7270-200x150.jpg 200w\" sizes=\"auto, (max-width: 449px) 100vw, 449px\" \/>\u00a0\u00a0\u00a0 <\/a><a href=\"https:\/\/agora.xtec.cat\/escalmacelles\/wp-content\/uploads\/usu1902\/2019\/11\/IMG_7269-1.jpg\"><img loading=\"lazy\" decoding=\"async\" class=\"alignnone wp-image-19411\" src=\"https:\/\/agora.xtec.cat\/escalmacelles\/wp-content\/uploads\/usu1902\/2019\/11\/IMG_7269-1-1024x768.jpg\" alt=\"\" width=\"445\" height=\"334\" srcset=\"https:\/\/agora.xtec.cat\/escalmacelles\/wp-content\/uploads\/usu1902\/2019\/11\/IMG_7269-1.jpg 1024w, https:\/\/agora.xtec.cat\/escalmacelles\/wp-content\/uploads\/usu1902\/2019\/11\/IMG_7269-1-300x225.jpg 300w, https:\/\/agora.xtec.cat\/escalmacelles\/wp-content\/uploads\/usu1902\/2019\/11\/IMG_7269-1-768x576.jpg 768w, https:\/\/agora.xtec.cat\/escalmacelles\/wp-content\/uploads\/usu1902\/2019\/11\/IMG_7269-1-200x150.jpg 200w\" sizes=\"auto, (max-width: 445px) 100vw, 445px\" \/><\/a><\/p>\n<p><a href=\"https:\/\/agora.xtec.cat\/escalmacelles\/wp-content\/uploads\/usu1902\/2019\/11\/IMG_7268.jpg\"><img loading=\"lazy\" decoding=\"async\" class=\"alignnone wp-image-19410\" src=\"https:\/\/agora.xtec.cat\/escalmacelles\/wp-content\/uploads\/usu1902\/2019\/11\/IMG_7268-1024x768.jpg\" alt=\"\" width=\"448\" height=\"336\" srcset=\"https:\/\/agora.xtec.cat\/escalmacelles\/wp-content\/uploads\/usu1902\/2019\/11\/IMG_7268.jpg 1024w, https:\/\/agora.xtec.cat\/escalmacelles\/wp-content\/uploads\/usu1902\/2019\/11\/IMG_7268-300x225.jpg 300w, https:\/\/agora.xtec.cat\/escalmacelles\/wp-content\/uploads\/usu1902\/2019\/11\/IMG_7268-768x576.jpg 768w, https:\/\/agora.xtec.cat\/escalmacelles\/wp-content\/uploads\/usu1902\/2019\/11\/IMG_7268-200x150.jpg 200w\" sizes=\"auto, (max-width: 448px) 100vw, 448px\" \/>\u00a0\u00a0\u00a0 <\/a><a href=\"https:\/\/agora.xtec.cat\/escalmacelles\/wp-content\/uploads\/usu1902\/2019\/11\/IMG_7267.jpg\"><img loading=\"lazy\" decoding=\"async\" class=\"alignnone wp-image-19409\" src=\"https:\/\/agora.xtec.cat\/escalmacelles\/wp-content\/uploads\/usu1902\/2019\/11\/IMG_7267-1024x768.jpg\" alt=\"\" width=\"442\" height=\"332\" srcset=\"https:\/\/agora.xtec.cat\/escalmacelles\/wp-content\/uploads\/usu1902\/2019\/11\/IMG_7267.jpg 1024w, https:\/\/agora.xtec.cat\/escalmacelles\/wp-content\/uploads\/usu1902\/2019\/11\/IMG_7267-300x225.jpg 300w, https:\/\/agora.xtec.cat\/escalmacelles\/wp-content\/uploads\/usu1902\/2019\/11\/IMG_7267-768x576.jpg 768w, https:\/\/agora.xtec.cat\/escalmacelles\/wp-content\/uploads\/usu1902\/2019\/11\/IMG_7267-200x150.jpg 200w\" sizes=\"auto, (max-width: 442px) 100vw, 442px\" \/><\/a><\/p>\n","protected":false},"excerpt":{"rendered":"<p>Com ja vam fer el curs passat, l&#8217;escola d&#8217;Almacelles ens hem acollit al servei de pr\u00e9stec que ofereix la Biblioteca Sant Bartomeu d&#8217;Alpicat.\u00a0 Aquest servei consisteix en dues maletes, una per Infantil i una altra per Prim\u00e0ria, plenes de llibres i contes. La tem\u00e0tica d&#8217;aquest material gira al voltant dels pl\u00e0stics (tema escollit per treballar [&hellip;]<\/p>\n","protected":false},"author":4,"featured_media":0,"comment_status":"closed","ping_status":"closed","sticky":false,"template":"","format":"standard","meta":{"_bbp_topic_count":0,"_bbp_reply_count":0,"_bbp_total_topic_count":0,"_bbp_total_reply_count":0,"_bbp_voice_count":0,"_bbp_anonymous_reply_count":0,"_bbp_topic_count_hidden":0,"_bbp_reply_count_hidden":0,"_bbp_forum_subforum_count":0,"site-sidebar-layout":"default","site-content-layout":"","ast-site-content-layout":"","site-content-style":"default","site-sidebar-style":"default","ast-global-header-display":"","ast-banner-title-visibility":"","ast-main-header-display":"","ast-hfb-above-header-display":"","ast-hfb-below-header-display":"","ast-hfb-mobile-header-display":"","site-post-title":"","ast-breadcrumbs-content":"","ast-featured-img":"","footer-sml-layout":"","theme-transparent-header-meta":"","adv-header-id-meta":"","stick-header-meta":"","header-above-stick-meta":"","header-main-stick-meta":"","header-below-stick-meta":"","astra-migrate-meta-layouts":"default","ast-page-background-enabled":"default","ast-page-background-meta":{"desktop":{"background-color":"var(--ast-global-color-4)","background-image":"","background-repeat":"repeat","background-position":"center center","background-size":"auto","background-attachment":"scroll","background-type":"","background-media":"","overlay-type":"","overlay-color":"","overlay-opacity":"","overlay-gradient":""},"tablet":{"background-color":"","background-image":"","background-repeat":"repeat","background-position":"center center","background-size":"auto","background-attachment":"scroll","background-type":"","background-media":"","overlay-type":"","overlay-color":"","overlay-opacity":"","overlay-gradient":""},"mobile":{"background-color":"","background-image":"","background-repeat":"repeat","background-position":"center center","background-size":"auto","background-attachment":"scroll","background-type":"","background-media":"","overlay-type":"","overlay-color":"","overlay-opacity":"","overlay-gradient":""}},"ast-content-background-meta":{"desktop":{"background-color":"var(--ast-global-color-5)","background-image":"","background-repeat":"repeat","background-position":"center center","background-size":"auto","background-attachment":"scroll","background-type":"","background-media":"","overlay-type":"","overlay-color":"","overlay-opacity":"","overlay-gradient":""},"tablet":{"background-color":"var(--ast-global-color-5)","background-image":"","background-repeat":"repeat","background-position":"center center","background-size":"auto","background-attachment":"scroll","background-type":"","background-media":"","overlay-type":"","overlay-color":"","overlay-opacity":"","overlay-gradient":""},"mobile":{"background-color":"var(--ast-global-color-5)","background-image":"","background-repeat":"repeat","background-position":"center center","background-size":"auto","background-attachment":"scroll","background-type":"","background-media":"","overlay-type":"","overlay-color":"","overlay-opacity":"","overlay-gradient":""}},"footnotes":""},"categories":[93,94,95,4,5],"tags":[97],"class_list":["post-19404","post","type-post","status-publish","format-standard","hentry","category-biblioteca","category-biblioteca-infantil","category-biblioteca-primaria","category-portada","category-primaria","tag-biblioteca"],"post_mailing_queue_ids":[],"_links":{"self":[{"href":"https:\/\/agora.xtec.cat\/escalmacelles\/wp-json\/wp\/v2\/posts\/19404","targetHints":{"allow":["GET"]}}],"collection":[{"href":"https:\/\/agora.xtec.cat\/escalmacelles\/wp-json\/wp\/v2\/posts"}],"about":[{"href":"https:\/\/agora.xtec.cat\/escalmacelles\/wp-json\/wp\/v2\/types\/post"}],"author":[{"embeddable":true,"href":"https:\/\/agora.xtec.cat\/escalmacelles\/wp-json\/wp\/v2\/users\/4"}],"replies":[{"embeddable":true,"href":"https:\/\/agora.xtec.cat\/escalmacelles\/wp-json\/wp\/v2\/comments?post=19404"}],"version-history":[{"count":3,"href":"https:\/\/agora.xtec.cat\/escalmacelles\/wp-json\/wp\/v2\/posts\/19404\/revisions"}],"predecessor-version":[{"id":19414,"href":"https:\/\/agora.xtec.cat\/escalmacelles\/wp-json\/wp\/v2\/posts\/19404\/revisions\/19414"}],"wp:attachment":[{"href":"https:\/\/agora.xtec.cat\/escalmacelles\/wp-json\/wp\/v2\/media?parent=19404"}],"wp:term":[{"taxonomy":"category","embeddable":true,"href":"https:\/\/agora.xtec.cat\/escalmacelles\/wp-json\/wp\/v2\/categories?post=19404"},{"taxonomy":"post_tag","embeddable":true,"href":"https:\/\/agora.xtec.cat\/escalmacelles\/wp-json\/wp\/v2\/tags?post=19404"}],"curies":[{"name":"wp","href":"https:\/\/api.w.org\/{rel}","templated":true}]}}