{"id":19308,"date":"2019-11-04T16:17:21","date_gmt":"2019-11-04T15:17:21","guid":{"rendered":"http:\/\/agora.xtec.cat\/escalmacelles\/?p=19308"},"modified":"2022-10-04T19:33:44","modified_gmt":"2022-10-04T17:33:44","slug":"inauguracio-de-la-biblioteca","status":"publish","type":"post","link":"https:\/\/agora.xtec.cat\/escalmacelles\/portada\/inauguracio-de-la-biblioteca\/","title":{"rendered":"INAUGURACI\u00d3 DE LA BIBLIOTECA"},"content":{"rendered":"<p>Un cop acabada la remodelaci\u00f3 de la biblioteca de l&#8217;edifici del Tossal,\u00a0 tocava inaugurar-la. Ho vam fer el dia 24 d&#8217;octubre, coincidint amb el Dia Internacional de les Biblioteques, i vam organitzar una s\u00e8rie d&#8217;activitats i actes que vam anar celebrant al llarg de tot el dia.<\/p>\n<p>Primer, vam presentar davant de tot l&#8217;alumnat de l&#8217;escola el logo guanyador del concurs.<\/p>\n<p>Aquest \u00e9s el nou logo de la biblioteca de l&#8217;escola i l&#8217;artista que l&#8217;ha dissenyat \u00e9s el Marcel Bria Giribet.<\/p>\n<p><a href=\"https:\/\/agora.xtec.cat\/escalmacelles\/wp-content\/uploads\/usu1902\/2019\/11\/logo.jpg\"><img loading=\"lazy\" decoding=\"async\" class=\"wp-image-19332 aligncenter\" src=\"https:\/\/agora.xtec.cat\/escalmacelles\/wp-content\/uploads\/usu1902\/2019\/11\/logo-1024x724.jpg\" alt=\"\" width=\"409\" height=\"289\" srcset=\"https:\/\/agora.xtec.cat\/escalmacelles\/wp-content\/uploads\/usu1902\/2019\/11\/logo.jpg 1024w, https:\/\/agora.xtec.cat\/escalmacelles\/wp-content\/uploads\/usu1902\/2019\/11\/logo-300x212.jpg 300w, https:\/\/agora.xtec.cat\/escalmacelles\/wp-content\/uploads\/usu1902\/2019\/11\/logo-768x543.jpg 768w\" sizes=\"auto, (max-width: 409px) 100vw, 409px\" \/><\/a><\/p>\n<p><a href=\"https:\/\/photos.app.goo.gl\/9QZpsbaATXcAGzfp7\"><img loading=\"lazy\" decoding=\"async\" class=\"wp-image-19320 alignleft\" src=\"https:\/\/agora.xtec.cat\/escalmacelles\/wp-content\/uploads\/usu1902\/2019\/11\/finalistes-1-1024x767.jpg\" alt=\"\" width=\"226\" height=\"170\" srcset=\"https:\/\/agora.xtec.cat\/escalmacelles\/wp-content\/uploads\/usu1902\/2019\/11\/finalistes-1-1024x767.jpg 1024w, https:\/\/agora.xtec.cat\/escalmacelles\/wp-content\/uploads\/usu1902\/2019\/11\/finalistes-1-300x225.jpg 300w, https:\/\/agora.xtec.cat\/escalmacelles\/wp-content\/uploads\/usu1902\/2019\/11\/finalistes-1-768x575.jpg 768w, https:\/\/agora.xtec.cat\/escalmacelles\/wp-content\/uploads\/usu1902\/2019\/11\/finalistes-1-200x150.jpg 200w, https:\/\/agora.xtec.cat\/escalmacelles\/wp-content\/uploads\/usu1902\/2019\/11\/finalistes-1.jpg 1025w\" sizes=\"auto, (max-width: 226px) 100vw, 226px\" \/><\/a><\/p>\n<p><a href=\"https:\/\/photos.app.goo.gl\/PJFQuuGYqTwnFHqD6\"><img loading=\"lazy\" decoding=\"async\" class=\"wp-image-19321 alignleft\" src=\"https:\/\/agora.xtec.cat\/escalmacelles\/wp-content\/uploads\/usu1902\/2019\/11\/marcel-1-1024x768.jpg\" alt=\"\" width=\"220\" height=\"165\" srcset=\"https:\/\/agora.xtec.cat\/escalmacelles\/wp-content\/uploads\/usu1902\/2019\/11\/marcel-1.jpg 1024w, https:\/\/agora.xtec.cat\/escalmacelles\/wp-content\/uploads\/usu1902\/2019\/11\/marcel-1-300x225.jpg 300w, https:\/\/agora.xtec.cat\/escalmacelles\/wp-content\/uploads\/usu1902\/2019\/11\/marcel-1-768x576.jpg 768w, https:\/\/agora.xtec.cat\/escalmacelles\/wp-content\/uploads\/usu1902\/2019\/11\/marcel-1-200x150.jpg 200w\" sizes=\"auto, (max-width: 220px) 100vw, 220px\" \/><\/a><\/p>\n<p>&nbsp;<\/p>\n<p>&nbsp;<\/p>\n<p>&nbsp;<\/p>\n<p>&nbsp;<\/p>\n<p>&nbsp;<\/p>\n<p>CLIQUEU SOBRE LES FOTOS.<\/p>\n<p>A continuaci\u00f3, tot l&#8217;alumnat va gaudir d&#8217;una sessi\u00f3 de contacontes a la biblioteca. Volem agrair la col.laboraci\u00f3 de les persones que van fer possible aquesta activitat tan divertida: la No\u00e8lia Abill\u00e0, l&#8217;Esther Girona, l&#8217;Anna Prats, la M\u00f2nica Benabarre i la Marina Anastasi.<\/p>\n<p>CLIQUEU SOBRE LES IMATGES I PODREU VEURE LES FOTOS DE LES SESSIONS DE CONTACONTES DELS DIFERENTS CICLES<\/p>\n<p><a href=\"https:\/\/photos.app.goo.gl\/64kqCw1Xom1P3xmM7\"><img loading=\"lazy\" decoding=\"async\" class=\"wp-image-19315 aligncenter\" src=\"https:\/\/agora.xtec.cat\/escalmacelles\/wp-content\/uploads\/usu1902\/2019\/11\/noelia-1024x768.jpg\" alt=\"\" width=\"421\" height=\"316\" srcset=\"https:\/\/agora.xtec.cat\/escalmacelles\/wp-content\/uploads\/usu1902\/2019\/11\/noelia.jpg 1024w, https:\/\/agora.xtec.cat\/escalmacelles\/wp-content\/uploads\/usu1902\/2019\/11\/noelia-300x225.jpg 300w, https:\/\/agora.xtec.cat\/escalmacelles\/wp-content\/uploads\/usu1902\/2019\/11\/noelia-768x576.jpg 768w, https:\/\/agora.xtec.cat\/escalmacelles\/wp-content\/uploads\/usu1902\/2019\/11\/noelia-200x150.jpg 200w\" sizes=\"auto, (max-width: 421px) 100vw, 421px\" \/><\/a><\/p>\n<p><a href=\"https:\/\/photos.app.goo.gl\/DQcUcDDbxup8t3v78\"><br \/>\n<img loading=\"lazy\" decoding=\"async\" class=\"wp-image-19316 aligncenter\" src=\"https:\/\/agora.xtec.cat\/escalmacelles\/wp-content\/uploads\/usu1902\/2019\/11\/anna-1024x768.jpg\" alt=\"\" width=\"432\" height=\"324\" srcset=\"https:\/\/agora.xtec.cat\/escalmacelles\/wp-content\/uploads\/usu1902\/2019\/11\/anna.jpg 1024w, https:\/\/agora.xtec.cat\/escalmacelles\/wp-content\/uploads\/usu1902\/2019\/11\/anna-300x225.jpg 300w, https:\/\/agora.xtec.cat\/escalmacelles\/wp-content\/uploads\/usu1902\/2019\/11\/anna-768x576.jpg 768w, https:\/\/agora.xtec.cat\/escalmacelles\/wp-content\/uploads\/usu1902\/2019\/11\/anna-200x150.jpg 200w\" sizes=\"auto, (max-width: 432px) 100vw, 432px\" \/><\/a><\/p>\n<p><a href=\"https:\/\/photos.app.goo.gl\/FhMg94Q8tFwpqwVx8\"><img loading=\"lazy\" decoding=\"async\" class=\"wp-image-19317 aligncenter\" src=\"https:\/\/agora.xtec.cat\/escalmacelles\/wp-content\/uploads\/usu1902\/2019\/11\/esther-1024x768.jpg\" alt=\"\" width=\"430\" height=\"323\" srcset=\"https:\/\/agora.xtec.cat\/escalmacelles\/wp-content\/uploads\/usu1902\/2019\/11\/esther.jpg 1024w, https:\/\/agora.xtec.cat\/escalmacelles\/wp-content\/uploads\/usu1902\/2019\/11\/esther-300x225.jpg 300w, https:\/\/agora.xtec.cat\/escalmacelles\/wp-content\/uploads\/usu1902\/2019\/11\/esther-768x576.jpg 768w, https:\/\/agora.xtec.cat\/escalmacelles\/wp-content\/uploads\/usu1902\/2019\/11\/esther-200x150.jpg 200w\" sizes=\"auto, (max-width: 430px) 100vw, 430px\" \/><\/a><\/p>\n<p><a href=\"https:\/\/photos.app.goo.gl\/79AhjYNpSC8yfHwB9\"><img loading=\"lazy\" decoding=\"async\" class=\"wp-image-19318 aligncenter\" src=\"https:\/\/agora.xtec.cat\/escalmacelles\/wp-content\/uploads\/usu1902\/2019\/11\/marina-1024x768.jpg\" alt=\"\" width=\"428\" height=\"321\" srcset=\"https:\/\/agora.xtec.cat\/escalmacelles\/wp-content\/uploads\/usu1902\/2019\/11\/marina.jpg 1024w, https:\/\/agora.xtec.cat\/escalmacelles\/wp-content\/uploads\/usu1902\/2019\/11\/marina-300x225.jpg 300w, https:\/\/agora.xtec.cat\/escalmacelles\/wp-content\/uploads\/usu1902\/2019\/11\/marina-768x576.jpg 768w, https:\/\/agora.xtec.cat\/escalmacelles\/wp-content\/uploads\/usu1902\/2019\/11\/marina-200x150.jpg 200w\" sizes=\"auto, (max-width: 428px) 100vw, 428px\" \/><\/a><\/p>\n<p>I per finalitzar el dia, tota la comunitat educativa (fam\u00edlies, AMPA, regidora d&#8217;educaci\u00f3 de l&#8217;Ajuntament i mestres) tamb\u00e9 vam fer un petit acte per tal d&#8217;inaugurar la nostra biblioteca escolar.<\/p>\n<p><a href=\"https:\/\/photos.app.goo.gl\/T3inq3PJ24mBboQLA\"><img loading=\"lazy\" decoding=\"async\" class=\"wp-image-19326 aligncenter\" src=\"https:\/\/agora.xtec.cat\/escalmacelles\/wp-content\/uploads\/usu1902\/2019\/11\/families-1-1024x768.jpg\" alt=\"\" width=\"632\" height=\"474\" srcset=\"https:\/\/agora.xtec.cat\/escalmacelles\/wp-content\/uploads\/usu1902\/2019\/11\/families-1.jpg 1024w, https:\/\/agora.xtec.cat\/escalmacelles\/wp-content\/uploads\/usu1902\/2019\/11\/families-1-300x225.jpg 300w, https:\/\/agora.xtec.cat\/escalmacelles\/wp-content\/uploads\/usu1902\/2019\/11\/families-1-768x576.jpg 768w, https:\/\/agora.xtec.cat\/escalmacelles\/wp-content\/uploads\/usu1902\/2019\/11\/families-1-200x150.jpg 200w\" sizes=\"auto, (max-width: 632px) 100vw, 632px\" \/><\/a><\/p>\n<p>&nbsp;<\/p>\n<p>Gr\u00e0cies a tots i totes per la vostra participaci\u00f3.<\/p>\n<p style=\"text-align: center;\">OBRIM LES PORTES DE LA BIBLIOTECA.<\/p>\n<p style=\"text-align: center;\">US HI ESPEREM!!!<\/p>\n","protected":false},"excerpt":{"rendered":"<p>Un cop acabada la remodelaci\u00f3 de la biblioteca de l&#8217;edifici del Tossal,\u00a0 tocava inaugurar-la. Ho vam fer el dia 24 d&#8217;octubre, coincidint amb el Dia Internacional de les Biblioteques, i vam organitzar una s\u00e8rie d&#8217;activitats i actes que vam anar celebrant al llarg de tot el dia. Primer, vam presentar davant de tot l&#8217;alumnat de [&hellip;]<\/p>\n","protected":false},"author":4,"featured_media":0,"comment_status":"closed","ping_status":"closed","sticky":false,"template":"","format":"standard","meta":{"_bbp_topic_count":0,"_bbp_reply_count":0,"_bbp_total_topic_count":0,"_bbp_total_reply_count":0,"_bbp_voice_count":0,"_bbp_anonymous_reply_count":0,"_bbp_topic_count_hidden":0,"_bbp_reply_count_hidden":0,"_bbp_forum_subforum_count":0,"site-sidebar-layout":"default","site-content-layout":"","ast-site-content-layout":"","site-content-style":"default","site-sidebar-style":"default","ast-global-header-display":"","ast-banner-title-visibility":"","ast-main-header-display":"","ast-hfb-above-header-display":"","ast-hfb-below-header-display":"","ast-hfb-mobile-header-display":"","site-post-title":"","ast-breadcrumbs-content":"","ast-featured-img":"","footer-sml-layout":"","theme-transparent-header-meta":"","adv-header-id-meta":"","stick-header-meta":"","header-above-stick-meta":"","header-main-stick-meta":"","header-below-stick-meta":"","astra-migrate-meta-layouts":"default","ast-page-background-enabled":"default","ast-page-background-meta":{"desktop":{"background-color":"var(--ast-global-color-4)","background-image":"","background-repeat":"repeat","background-position":"center center","background-size":"auto","background-attachment":"scroll","background-type":"","background-media":"","overlay-type":"","overlay-color":"","overlay-opacity":"","overlay-gradient":""},"tablet":{"background-color":"","background-image":"","background-repeat":"repeat","background-position":"center center","background-size":"auto","background-attachment":"scroll","background-type":"","background-media":"","overlay-type":"","overlay-color":"","overlay-opacity":"","overlay-gradient":""},"mobile":{"background-color":"","background-image":"","background-repeat":"repeat","background-position":"center center","background-size":"auto","background-attachment":"scroll","background-type":"","background-media":"","overlay-type":"","overlay-color":"","overlay-opacity":"","overlay-gradient":""}},"ast-content-background-meta":{"desktop":{"background-color":"var(--ast-global-color-5)","background-image":"","background-repeat":"repeat","background-position":"center center","background-size":"auto","background-attachment":"scroll","background-type":"","background-media":"","overlay-type":"","overlay-color":"","overlay-opacity":"","overlay-gradient":""},"tablet":{"background-color":"var(--ast-global-color-5)","background-image":"","background-repeat":"repeat","background-position":"center center","background-size":"auto","background-attachment":"scroll","background-type":"","background-media":"","overlay-type":"","overlay-color":"","overlay-opacity":"","overlay-gradient":""},"mobile":{"background-color":"var(--ast-global-color-5)","background-image":"","background-repeat":"repeat","background-position":"center center","background-size":"auto","background-attachment":"scroll","background-type":"","background-media":"","overlay-type":"","overlay-color":"","overlay-opacity":"","overlay-gradient":""}},"footnotes":""},"categories":[93,94,95,4,5],"tags":[97],"class_list":["post-19308","post","type-post","status-publish","format-standard","hentry","category-biblioteca","category-biblioteca-infantil","category-biblioteca-primaria","category-portada","category-primaria","tag-biblioteca"],"post_mailing_queue_ids":[],"_links":{"self":[{"href":"https:\/\/agora.xtec.cat\/escalmacelles\/wp-json\/wp\/v2\/posts\/19308","targetHints":{"allow":["GET"]}}],"collection":[{"href":"https:\/\/agora.xtec.cat\/escalmacelles\/wp-json\/wp\/v2\/posts"}],"about":[{"href":"https:\/\/agora.xtec.cat\/escalmacelles\/wp-json\/wp\/v2\/types\/post"}],"author":[{"embeddable":true,"href":"https:\/\/agora.xtec.cat\/escalmacelles\/wp-json\/wp\/v2\/users\/4"}],"replies":[{"embeddable":true,"href":"https:\/\/agora.xtec.cat\/escalmacelles\/wp-json\/wp\/v2\/comments?post=19308"}],"version-history":[{"count":3,"href":"https:\/\/agora.xtec.cat\/escalmacelles\/wp-json\/wp\/v2\/posts\/19308\/revisions"}],"predecessor-version":[{"id":19343,"href":"https:\/\/agora.xtec.cat\/escalmacelles\/wp-json\/wp\/v2\/posts\/19308\/revisions\/19343"}],"wp:attachment":[{"href":"https:\/\/agora.xtec.cat\/escalmacelles\/wp-json\/wp\/v2\/media?parent=19308"}],"wp:term":[{"taxonomy":"category","embeddable":true,"href":"https:\/\/agora.xtec.cat\/escalmacelles\/wp-json\/wp\/v2\/categories?post=19308"},{"taxonomy":"post_tag","embeddable":true,"href":"https:\/\/agora.xtec.cat\/escalmacelles\/wp-json\/wp\/v2\/tags?post=19308"}],"curies":[{"name":"wp","href":"https:\/\/api.w.org\/{rel}","templated":true}]}}