{"id":1160,"date":"2019-05-02T11:40:16","date_gmt":"2019-05-02T09:40:16","guid":{"rendered":"http:\/\/agora.xtec.cat\/escalmacelles\/?p=1160"},"modified":"2019-05-02T11:45:29","modified_gmt":"2019-05-02T09:45:29","slug":"cancons-del-2n-trimestre","status":"publish","type":"post","link":"https:\/\/agora.xtec.cat\/escalmacelles\/infantil\/cancons-del-2n-trimestre\/","title":{"rendered":"CAN\u00c7ONS DEL 2n TRIMESTRE"},"content":{"rendered":"<p>Clicant als enlla\u00e7os, podeu escoltar les can\u00e7ons que hem treballat durant el segon trimestre a Ed. Infantil.<\/p>\n<p><strong>P3:<\/strong><\/p>\n<p>\u201cEl tortell\u201d : <a href=\"https:\/\/www.youtube.com\/watch?v=gKMhlf4apsg\">https:\/\/www.youtube.com\/watch?v=gKMhlf4apsg<\/a><\/p>\n<p>\u201cCric, catacrac\u201d: <a href=\"https:\/\/www.youtube.com\/watch?v=uBVFJrrDbxk\">https:\/\/www.youtube.com\/watch?v=uBVFJrrDbxk<\/a><\/p>\n<p>\u201cCan\u00e7\u00f3 de la felicitat\u201d: <a href=\"https:\/\/www.youtube.com\/watch?v=eRKB4FpSQF4\">https:\/\/www.youtube.com\/watch?v=eRKB4FpSQF4<\/a><\/p>\n<p>\u201cPim, pam,repicam\u201d: <a href=\"https:\/\/www.youtube.com\/watch?v=HdhL9LPOjdY\">https:\/\/www.youtube.com\/watch?v=HdhL9LPOjdY<\/a><\/p>\n<p>\u201c La caseta tota petita\u201d: <a href=\"https:\/\/www.youtube.com\/watch?v=ad5CtN7kSpk\">https:\/\/www.youtube.com\/watch?v=ad5CtN7kSpk<\/a><\/p>\n<p>\u201cTrinco, trinco\u201d: <a href=\"https:\/\/www.youtube.com\/watch?v=CJXC1fGs8SU\">https:\/\/www.youtube.com\/watch?v=CJXC1fGs8SU<\/a><\/p>\n<p>\u201cPlou i fa sol\u201d: <a href=\"https:\/\/www.youtube.com\/watch?v=rBjtTK0Ehhk\">https:\/\/www.youtube.com\/watch?v=rBjtTK0Ehhk<\/a><\/p>\n<p>\u201cNunavut\u00a0 sivuniksavut\u201d: <a href=\"https:\/\/www.youtube.com\/watch?v=-z6qE6LFOAk\">https:\/\/www.youtube.com\/watch?v=-z6qE6LFOAk<\/a><\/p>\n<p>\u201cNanuq, el esquimal\u201d: <a href=\"https:\/\/www.youtube.com\/watch?v=WaLk0j7lGmE\">https:\/\/www.youtube.com\/watch?v=WaLk0j7lGmE<\/a><\/p>\n<p>\u201cPrimavera, primavera\u201d: <a href=\"https:\/\/www.youtube.com\/watch?v=SsFSQ_AG7Qg\">https:\/\/www.youtube.com\/watch?v=SsFSQ_AG7Qg<\/a><\/p>\n<p>\u201cZum, zum fa l\u2019abella\u201d: <a href=\"https:\/\/www.youtube.com\/watch?v=8IBamuyE-E4\">https:\/\/www.youtube.com\/watch?v=8IBamuyE-E4<\/a><\/p>\n<p>\u201cEl lle\u00f3 no em fa por\u201d: <a href=\"https:\/\/www.youtube.com\/watch?v=35D8I4vSltU\">https:\/\/www.youtube.com\/watch?v=35D8I4vSltU<\/a><\/p>\n<p>\u201cEl cuc poruc\u201d: <a href=\"https:\/\/www.youtube.com\/watch?v=P7EmEI7QeFY\">https:\/\/www.youtube.com\/watch?v=P7EmEI7QeFY<\/a><\/p>\n<p>\u201cSant Jordi no tenia cap soldat\u201d: <a href=\"https:\/\/www.youtube.com\/watch?v=3HOL4EyoE6k\">https:\/\/www.youtube.com\/watch?v=3HOL4EyoE6k<\/a><\/p>\n<p>\u201cLa mona rodona\u201d: <a href=\"https:\/\/www.youtube.com\/watch?v=E4AX5W9TB9w\">https:\/\/www.youtube.com\/watch?v=E4AX5W9TB9w<\/a><\/p>\n<p><strong>P4:<\/strong><\/p>\n<p>\u201cEl tortell\u201d: <a href=\"https:\/\/www.youtube.com\/watch?v=gKMhlf4apsg\">https:\/\/www.youtube.com\/watch?v=gKMhlf4apsg<\/a><\/p>\n<p>\u201cL\u2019hivern i el fred\u201d: <a href=\"https:\/\/www.youtube.com\/watch?v=-qPVUE6l88A\">https:\/\/www.youtube.com\/watch?v=-qPVUE6l88A<\/a><\/p>\n<p>\u201cEls bons amics\u201d: <a href=\"https:\/\/www.youtube.com\/watch?v=I2B7A7Jp6y4\">https:\/\/www.youtube.com\/watch?v=I2B7A7Jp6y4<\/a><\/p>\n<p>\u201cSom amics\u201d: <a href=\"https:\/\/www.youtube.com\/watch?v=xt-MDJqqIRU\">https:\/\/www.youtube.com\/watch?v=xt-MDJqqIRU<\/a><\/p>\n<p>\u201cEl m\u00f3n seria\u201d: <a href=\"https:\/\/www.youtube.com\/watch?v=_SPlkGmHIQA\">https:\/\/www.youtube.com\/watch?v=_SPlkGmHIQA<\/a><\/p>\n<p>\u201c La caseta tota petita\u201d: <a href=\"https:\/\/www.youtube.com\/watch?v=ad5CtN7kSpk\">https:\/\/www.youtube.com\/watch?v=ad5CtN7kSpk<\/a><\/p>\n<p>\u201cMake tum\u00e9 papa\u201d: <a href=\"https:\/\/www.youtube.com\/watch?v=qg6WNal_WEM\">https:\/\/www.youtube.com\/watch?v=qg6WNal_WEM<\/a><\/p>\n<p>\u201cANEM A LA SELVA\u201d:<\/p>\n<ul>\n<li>Som exploradors<\/li>\n<li>La jungla: <a href=\"https:\/\/www.youtube.com\/watch?v=XXmPUnzMhj4\">https:\/\/www.youtube.com\/watch?v=XXmPUnzMhj4<\/a><\/li>\n<li>La girafa: <a href=\"https:\/\/www.youtube.com\/watch?v=EprdGFs63rc\">https:\/\/www.youtube.com\/watch?v=EprdGFs63rc<\/a><\/li>\n<\/ul>\n<p>\u201cBenvinguda primavera\u201d: <a href=\"https:\/\/www.youtube.com\/watch?v=vzEvy5idIRM\">https:\/\/www.youtube.com\/watch?v=vzEvy5idIRM<\/a><\/p>\n<p>\u201cLa mona rodona\u201d: <a href=\"https:\/\/www.youtube.com\/watch?v=E4AX5W9TB9w\">https:\/\/www.youtube.com\/watch?v=E4AX5W9TB9w<\/a><\/p>\n<p>\u201cSant Jordi ja arriba\u201d: <a href=\"https:\/\/www.youtube.com\/watch?v=-4wkoJ_ekBE\">https:\/\/www.youtube.com\/watch?v=-4wkoJ_ekBE<\/a><\/p>\n<p>\u201cSant Jordi no tenia cap soldat\u201d: <a href=\"https:\/\/www.youtube.com\/watch?v=3HOL4EyoE6k\">https:\/\/www.youtube.com\/watch?v=3HOL4EyoE6k<\/a><\/p>\n<p>\u201cUn drac ferotge\u201d: <a href=\"https:\/\/www.youtube.com\/watch?v=_c1JS3Cf_LU\">https:\/\/www.youtube.com\/watch?v=_c1JS3Cf_LU<\/a><\/p>\n<p>&nbsp;<\/p>\n<p><strong>P5:<\/strong><\/p>\n<p>\u201cEl tortell\u201d : <a href=\"https:\/\/www.youtube.com\/watch?v=gKMhlf4apsg\">https:\/\/www.youtube.com\/watch?v=gKMhlf4apsg<\/a><\/p>\n<p>\u201cHivern\u201d: <a href=\"https:\/\/www.youtube.com\/watch?v=ne85iv4niHk\">https:\/\/www.youtube.com\/watch?v=ne85iv4niHk<\/a><\/p>\n<p>\u201cDansa dels amics\u201d: <a href=\"https:\/\/www.youtube.com\/watch?v=45Z9gLjC-Nw\">https:\/\/www.youtube.com\/watch?v=45Z9gLjC-Nw<\/a><\/p>\n<p>\u201cSom amics\u201d: <a href=\"https:\/\/www.youtube.com\/watch?v=xt-MDJqqIRU\">https:\/\/www.youtube.com\/watch?v=xt-MDJqqIRU<\/a><\/p>\n<p>\u201cEl m\u00f3n seria\u201d: <a href=\"https:\/\/www.youtube.com\/watch?v=_SPlkGmHIQA\">https:\/\/www.youtube.com\/watch?v=_SPlkGmHIQA<\/a><\/p>\n<p>\u201cAni Kuni\u201d: <a href=\"https:\/\/www.youtube.com\/watch?v=TVjq6lLV9ts\">https:\/\/www.youtube.com\/watch?v=TVjq6lLV9ts<\/a><\/p>\n<p>\u201c La caseta tota petita\u201d: <a href=\"https:\/\/www.youtube.com\/watch?v=ad5CtN7kSpk\">https:\/\/www.youtube.com\/watch?v=ad5CtN7kSpk<\/a><\/p>\n<p>\u201cANEM A LA SELVA\u201d:<\/p>\n<ul>\n<li>Som exploradors<\/li>\n<li>La jungla: <a href=\"https:\/\/www.youtube.com\/watch?v=XXmPUnzMhj4\">https:\/\/www.youtube.com\/watch?v=XXmPUnzMhj4<\/a><\/li>\n<li>La girafa: <a href=\"https:\/\/www.youtube.com\/watch?v=EprdGFs63rc\">https:\/\/www.youtube.com\/watch?v=EprdGFs63rc<\/a><\/li>\n<\/ul>\n<p>\u201cLa primavera ja \u00e9s aqu\u00ed\u201d: <a href=\"https:\/\/www.youtube.com\/watch?v=m8euZ3ypm3g\">https:\/\/www.youtube.com\/watch?v=m8euZ3ypm3g<\/a><\/p>\n<p>\u201cLa mona rodona\u201d: <a href=\"https:\/\/www.youtube.com\/watch?v=E4AX5W9TB9w\">https:\/\/www.youtube.com\/watch?v=E4AX5W9TB9w<\/a><\/p>\n<p>\u201cPersonatges\u201d: <a href=\"https:\/\/www.youtube.com\/watch?v=Qy3EjdcXJo4\">https:\/\/www.youtube.com\/watch?v=Qy3EjdcXJo4<\/a><\/p>\n<p>\u201cSant Jordi no tenia cap soldat\u201d: <a href=\"https:\/\/www.youtube.com\/watch?v=3HOL4EyoE6k\">https:\/\/www.youtube.com\/watch?v=3HOL4EyoE6k<\/a><\/p>\n<p>\u201cUn drac ferotge\u201d: <a href=\"https:\/\/www.youtube.com\/watch?v=_c1JS3Cf_LU\">https:\/\/www.youtube.com\/watch?v=_c1JS3Cf_LU<\/a><\/p>\n<p>\u201cSant Jordi, vine aviat\u201d: <a href=\"https:\/\/www.youtube.com\/watch?v=3Vi2xA6Q\">https:\/\/www.youtube.com\/watch?v=3Vi2xA6Q<\/a><\/p>\n<p>&nbsp;<\/p>\n","protected":false},"excerpt":{"rendered":"<p>Clicant als enlla\u00e7os, podeu escoltar les can\u00e7ons que hem treballat durant el segon trimestre a Ed. Infantil. P3: \u201cEl tortell\u201d : https:\/\/www.youtube.com\/watch?v=gKMhlf4apsg \u201cCric, catacrac\u201d: https:\/\/www.youtube.com\/watch?v=uBVFJrrDbxk \u201cCan\u00e7\u00f3 de la felicitat\u201d: https:\/\/www.youtube.com\/watch?v=eRKB4FpSQF4 \u201cPim, pam,repicam\u201d: https:\/\/www.youtube.com\/watch?v=HdhL9LPOjdY \u201c La caseta tota petita\u201d: https:\/\/www.youtube.com\/watch?v=ad5CtN7kSpk \u201cTrinco, trinco\u201d: https:\/\/www.youtube.com\/watch?v=CJXC1fGs8SU \u201cPlou i fa sol\u201d: https:\/\/www.youtube.com\/watch?v=rBjtTK0Ehhk \u201cNunavut\u00a0 sivuniksavut\u201d: https:\/\/www.youtube.com\/watch?v=-z6qE6LFOAk \u201cNanuq, el esquimal\u201d: https:\/\/www.youtube.com\/watch?v=WaLk0j7lGmE \u201cPrimavera, [&hellip;]<\/p>\n","protected":false},"author":1,"featured_media":0,"comment_status":"open","ping_status":"closed","sticky":false,"template":"","format":"standard","meta":{"_bbp_topic_count":0,"_bbp_reply_count":0,"_bbp_total_topic_count":0,"_bbp_total_reply_count":0,"_bbp_voice_count":0,"_bbp_anonymous_reply_count":0,"_bbp_topic_count_hidden":0,"_bbp_reply_count_hidden":0,"_bbp_forum_subforum_count":0,"site-sidebar-layout":"default","site-content-layout":"","ast-site-content-layout":"","site-content-style":"default","site-sidebar-style":"default","ast-global-header-display":"","ast-banner-title-visibility":"","ast-main-header-display":"","ast-hfb-above-header-display":"","ast-hfb-below-header-display":"","ast-hfb-mobile-header-display":"","site-post-title":"","ast-breadcrumbs-content":"","ast-featured-img":"","footer-sml-layout":"","theme-transparent-header-meta":"","adv-header-id-meta":"","stick-header-meta":"","header-above-stick-meta":"","header-main-stick-meta":"","header-below-stick-meta":"","astra-migrate-meta-layouts":"default","ast-page-background-enabled":"default","ast-page-background-meta":{"desktop":{"background-color":"var(--ast-global-color-4)","background-image":"","background-repeat":"repeat","background-position":"center center","background-size":"auto","background-attachment":"scroll","background-type":"","background-media":"","overlay-type":"","overlay-color":"","overlay-opacity":"","overlay-gradient":""},"tablet":{"background-color":"","background-image":"","background-repeat":"repeat","background-position":"center center","background-size":"auto","background-attachment":"scroll","background-type":"","background-media":"","overlay-type":"","overlay-color":"","overlay-opacity":"","overlay-gradient":""},"mobile":{"background-color":"","background-image":"","background-repeat":"repeat","background-position":"center center","background-size":"auto","background-attachment":"scroll","background-type":"","background-media":"","overlay-type":"","overlay-color":"","overlay-opacity":"","overlay-gradient":""}},"ast-content-background-meta":{"desktop":{"background-color":"var(--ast-global-color-5)","background-image":"","background-repeat":"repeat","background-position":"center center","background-size":"auto","background-attachment":"scroll","background-type":"","background-media":"","overlay-type":"","overlay-color":"","overlay-opacity":"","overlay-gradient":""},"tablet":{"background-color":"var(--ast-global-color-5)","background-image":"","background-repeat":"repeat","background-position":"center center","background-size":"auto","background-attachment":"scroll","background-type":"","background-media":"","overlay-type":"","overlay-color":"","overlay-opacity":"","overlay-gradient":""},"mobile":{"background-color":"var(--ast-global-color-5)","background-image":"","background-repeat":"repeat","background-position":"center center","background-size":"auto","background-attachment":"scroll","background-type":"","background-media":"","overlay-type":"","overlay-color":"","overlay-opacity":"","overlay-gradient":""}},"footnotes":""},"categories":[2,65],"tags":[],"class_list":["post-1160","post","type-post","status-publish","format-standard","hentry","category-infantil","category-musica"],"post_mailing_queue_ids":[],"_links":{"self":[{"href":"https:\/\/agora.xtec.cat\/escalmacelles\/wp-json\/wp\/v2\/posts\/1160","targetHints":{"allow":["GET"]}}],"collection":[{"href":"https:\/\/agora.xtec.cat\/escalmacelles\/wp-json\/wp\/v2\/posts"}],"about":[{"href":"https:\/\/agora.xtec.cat\/escalmacelles\/wp-json\/wp\/v2\/types\/post"}],"author":[{"embeddable":true,"href":"https:\/\/agora.xtec.cat\/escalmacelles\/wp-json\/wp\/v2\/users\/1"}],"replies":[{"embeddable":true,"href":"https:\/\/agora.xtec.cat\/escalmacelles\/wp-json\/wp\/v2\/comments?post=1160"}],"version-history":[{"count":4,"href":"https:\/\/agora.xtec.cat\/escalmacelles\/wp-json\/wp\/v2\/posts\/1160\/revisions"}],"predecessor-version":[{"id":1165,"href":"https:\/\/agora.xtec.cat\/escalmacelles\/wp-json\/wp\/v2\/posts\/1160\/revisions\/1165"}],"wp:attachment":[{"href":"https:\/\/agora.xtec.cat\/escalmacelles\/wp-json\/wp\/v2\/media?parent=1160"}],"wp:term":[{"taxonomy":"category","embeddable":true,"href":"https:\/\/agora.xtec.cat\/escalmacelles\/wp-json\/wp\/v2\/categories?post=1160"},{"taxonomy":"post_tag","embeddable":true,"href":"https:\/\/agora.xtec.cat\/escalmacelles\/wp-json\/wp\/v2\/tags?post=1160"}],"curies":[{"name":"wp","href":"https:\/\/api.w.org\/{rel}","templated":true}]}}