{"id":1111,"date":"2019-04-02T12:42:47","date_gmt":"2019-04-02T10:42:47","guid":{"rendered":"http:\/\/agora.xtec.cat\/escalmacelles\/?p=1111"},"modified":"2019-10-03T09:59:32","modified_gmt":"2019-10-03T07:59:32","slug":"la-setmana-de-la-poesia","status":"publish","type":"post","link":"https:\/\/agora.xtec.cat\/escalmacelles\/primaria\/la-setmana-de-la-poesia\/","title":{"rendered":"La setmana de la poesia"},"content":{"rendered":"<p>La setmana passada vam celebrar <strong>El dia mundial de la poesia<\/strong> i des del <strong>BIBLIORAC\u00d3<\/strong> vam animar a tots els i les alumnes de l&#8217;escola a treballar-la a l&#8217;aula i a les estones d&#8217;ILEC.<\/p>\n<p>Vam fer activitats diverses relacionades amb aquest g\u00e8nere; lectura i escriptura de poemes, an\u00e0lisi dels elements del poema, etc.<\/p>\n<p>Endem\u00e9s, com que pr\u00f2ximament ens presentem al concurs de poesia de Josep Carner, estem elaborant les nostres obres po\u00e8tiques.<\/p>\n<p>Al Bibliorac\u00f3 vam deixar a la disposici\u00f3 dels lectors i lectores llibres de poesia per a tots els nivells. Ara, hem decidit comprar-ne de diferents editorials i tem\u00e0tiques per tal de poder escollir entre m\u00e9s varietat.<\/p>\n<p>Si cliqueu a la seg\u00fcent fotografia podreu accedir a l&#8217;\u00e0lbum del bibliorac\u00f3.<\/p>\n<p><a href=\"https:\/\/photos.google.com\/album\/AF1QipP6s1bFpQfetZMwgFdzYz4w6kSF7v2mz8jkc4Om\"><img loading=\"lazy\" decoding=\"async\" class=\"alignnone size-large wp-image-1112\" src=\"https:\/\/agora.xtec.cat\/escalmacelles\/wp-content\/uploads\/usu1902\/2019\/04\/po-768x1024.jpg\" alt=\"\" width=\"768\" height=\"1024\" srcset=\"https:\/\/agora.xtec.cat\/escalmacelles\/wp-content\/uploads\/usu1902\/2019\/04\/po-768x1024.jpg 768w, https:\/\/agora.xtec.cat\/escalmacelles\/wp-content\/uploads\/usu1902\/2019\/04\/po-225x300.jpg 225w, https:\/\/agora.xtec.cat\/escalmacelles\/wp-content\/uploads\/usu1902\/2019\/04\/po.jpg 1024w\" sizes=\"auto, (max-width: 768px) 100vw, 768px\" \/><\/a><\/p>\n","protected":false},"excerpt":{"rendered":"<p>La setmana passada vam celebrar El dia mundial de la poesia i des del BIBLIORAC\u00d3 vam animar a tots els i les alumnes de l&#8217;escola a treballar-la a l&#8217;aula i a les estones d&#8217;ILEC. Vam fer activitats diverses relacionades amb aquest g\u00e8nere; lectura i escriptura de poemes, an\u00e0lisi dels elements del poema, etc. Endem\u00e9s, com [&hellip;]<\/p>\n","protected":false},"author":13,"featured_media":0,"comment_status":"closed","ping_status":"closed","sticky":false,"template":"","format":"standard","meta":{"_bbp_topic_count":0,"_bbp_reply_count":0,"_bbp_total_topic_count":0,"_bbp_total_reply_count":0,"_bbp_voice_count":0,"_bbp_anonymous_reply_count":0,"_bbp_topic_count_hidden":0,"_bbp_reply_count_hidden":0,"_bbp_forum_subforum_count":0,"site-sidebar-layout":"default","site-content-layout":"","ast-site-content-layout":"","site-content-style":"default","site-sidebar-style":"default","ast-global-header-display":"","ast-banner-title-visibility":"","ast-main-header-display":"","ast-hfb-above-header-display":"","ast-hfb-below-header-display":"","ast-hfb-mobile-header-display":"","site-post-title":"","ast-breadcrumbs-content":"","ast-featured-img":"","footer-sml-layout":"","theme-transparent-header-meta":"","adv-header-id-meta":"","stick-header-meta":"","header-above-stick-meta":"","header-main-stick-meta":"","header-below-stick-meta":"","astra-migrate-meta-layouts":"default","ast-page-background-enabled":"default","ast-page-background-meta":{"desktop":{"background-color":"var(--ast-global-color-4)","background-image":"","background-repeat":"repeat","background-position":"center center","background-size":"auto","background-attachment":"scroll","background-type":"","background-media":"","overlay-type":"","overlay-color":"","overlay-opacity":"","overlay-gradient":""},"tablet":{"background-color":"","background-image":"","background-repeat":"repeat","background-position":"center center","background-size":"auto","background-attachment":"scroll","background-type":"","background-media":"","overlay-type":"","overlay-color":"","overlay-opacity":"","overlay-gradient":""},"mobile":{"background-color":"","background-image":"","background-repeat":"repeat","background-position":"center center","background-size":"auto","background-attachment":"scroll","background-type":"","background-media":"","overlay-type":"","overlay-color":"","overlay-opacity":"","overlay-gradient":""}},"ast-content-background-meta":{"desktop":{"background-color":"var(--ast-global-color-5)","background-image":"","background-repeat":"repeat","background-position":"center center","background-size":"auto","background-attachment":"scroll","background-type":"","background-media":"","overlay-type":"","overlay-color":"","overlay-opacity":"","overlay-gradient":""},"tablet":{"background-color":"var(--ast-global-color-5)","background-image":"","background-repeat":"repeat","background-position":"center center","background-size":"auto","background-attachment":"scroll","background-type":"","background-media":"","overlay-type":"","overlay-color":"","overlay-opacity":"","overlay-gradient":""},"mobile":{"background-color":"var(--ast-global-color-5)","background-image":"","background-repeat":"repeat","background-position":"center center","background-size":"auto","background-attachment":"scroll","background-type":"","background-media":"","overlay-type":"","overlay-color":"","overlay-opacity":"","overlay-gradient":""}},"footnotes":""},"categories":[5],"tags":[96,97,106,108,107,98,99,109,104,72],"class_list":["post-1111","post","type-post","status-publish","format-standard","hentry","category-primaria","tag-biblioraco","tag-biblioteca","tag-calma","tag-lectores","tag-lectors","tag-lectura","tag-llibres","tag-poemes","tag-poesia","tag-primaria"],"post_mailing_queue_ids":[],"_links":{"self":[{"href":"https:\/\/agora.xtec.cat\/escalmacelles\/wp-json\/wp\/v2\/posts\/1111","targetHints":{"allow":["GET"]}}],"collection":[{"href":"https:\/\/agora.xtec.cat\/escalmacelles\/wp-json\/wp\/v2\/posts"}],"about":[{"href":"https:\/\/agora.xtec.cat\/escalmacelles\/wp-json\/wp\/v2\/types\/post"}],"author":[{"embeddable":true,"href":"https:\/\/agora.xtec.cat\/escalmacelles\/wp-json\/wp\/v2\/users\/13"}],"replies":[{"embeddable":true,"href":"https:\/\/agora.xtec.cat\/escalmacelles\/wp-json\/wp\/v2\/comments?post=1111"}],"version-history":[{"count":3,"href":"https:\/\/agora.xtec.cat\/escalmacelles\/wp-json\/wp\/v2\/posts\/1111\/revisions"}],"predecessor-version":[{"id":1115,"href":"https:\/\/agora.xtec.cat\/escalmacelles\/wp-json\/wp\/v2\/posts\/1111\/revisions\/1115"}],"wp:attachment":[{"href":"https:\/\/agora.xtec.cat\/escalmacelles\/wp-json\/wp\/v2\/media?parent=1111"}],"wp:term":[{"taxonomy":"category","embeddable":true,"href":"https:\/\/agora.xtec.cat\/escalmacelles\/wp-json\/wp\/v2\/categories?post=1111"},{"taxonomy":"post_tag","embeddable":true,"href":"https:\/\/agora.xtec.cat\/escalmacelles\/wp-json\/wp\/v2\/tags?post=1111"}],"curies":[{"name":"wp","href":"https:\/\/api.w.org\/{rel}","templated":true}]}}