{"id":1101,"date":"2019-04-02T10:03:05","date_gmt":"2019-04-02T08:03:05","guid":{"rendered":"http:\/\/agora.xtec.cat\/escalmacelles\/?p=1101"},"modified":"2019-10-03T10:00:54","modified_gmt":"2019-10-03T08:00:54","slug":"visita-a-canelles-i-santa-anna","status":"publish","type":"post","link":"https:\/\/agora.xtec.cat\/escalmacelles\/primaria\/visita-a-canelles-i-santa-anna\/","title":{"rendered":"Visita a Canelles i Santa Anna"},"content":{"rendered":"<p>El divendres 29 de mar\u00e7, els alumnes de sis\u00e8\u00a0 vam anar d\u2019excursi\u00f3 als embassaments de Canelles i Santa Anna.<\/p>\n<p>Abans d\u2019arribar als embassaments vam fer una petita parada per a esmorzar.<\/p>\n<p>Quan vam arribar a Canelles, ens va rebre en Benjam\u00ed, que va ser el nostre guia.<\/p>\n<p>El primer que vam fer va ser entrar en una sala, on\u00a0 ens vam posar uns cascs de seguretat i ens va fer una xerrada sobre l\u2019embassament. Una de les coses que vam aprendre \u00e9s que hi ha dos tipus de preses, les de pes i les d\u2019explosi\u00f3.<\/p>\n<p>Seguidament vam per uns quants recorreguts per dins de la presa, on vam aprendre com van fer la presa, com funcionava i com es controlava tot.<\/p>\n<p>Despr\u00e9s vam fer una parada per dinar i havent dinat vam anar a veure el pant\u00e0 de Santa Anna i el canal d\u2019Arag\u00f3 i Catalunya i finalment\u00a0 vam tornar a casa.<\/p>\n<p>Ens ho vam passar molt b\u00e9 i lo millor va ser que vam aprendre molt\u00edssimes coses que no sab\u00edem.<\/p>\n<p>&nbsp;<\/p>\n<p><strong>Els alumnes de sis\u00e8<\/strong><\/p>\n<p><em>Toca la imatge per a veure m\u00e9s fotografies<\/em><\/p>\n<p><a href=\"https:\/\/photos.app.goo.gl\/vJBZ5vj4Gam8Td63A\"><img loading=\"lazy\" decoding=\"async\" class=\"alignnone size-large wp-image-1102\" src=\"https:\/\/agora.xtec.cat\/escalmacelles\/wp-content\/uploads\/usu1902\/2019\/04\/C-30-1024x576.jpg\" alt=\"\" width=\"1024\" height=\"576\" srcset=\"https:\/\/agora.xtec.cat\/escalmacelles\/wp-content\/uploads\/usu1902\/2019\/04\/C-30-1024x576.jpg 1024w, https:\/\/agora.xtec.cat\/escalmacelles\/wp-content\/uploads\/usu1902\/2019\/04\/C-30-300x169.jpg 300w, https:\/\/agora.xtec.cat\/escalmacelles\/wp-content\/uploads\/usu1902\/2019\/04\/C-30-768x432.jpg 768w, https:\/\/agora.xtec.cat\/escalmacelles\/wp-content\/uploads\/usu1902\/2019\/04\/C-30.jpg 1600w\" sizes=\"auto, (max-width: 1024px) 100vw, 1024px\" \/><\/a><\/p>\n","protected":false},"excerpt":{"rendered":"<p>El divendres 29 de mar\u00e7, els alumnes de sis\u00e8\u00a0 vam anar d\u2019excursi\u00f3 als embassaments de Canelles i Santa Anna. Abans d\u2019arribar als embassaments vam fer una petita parada per a esmorzar. Quan vam arribar a Canelles, ens va rebre en Benjam\u00ed, que va ser el nostre guia. El primer que vam fer va ser entrar [&hellip;]<\/p>\n","protected":false},"author":1,"featured_media":0,"comment_status":"closed","ping_status":"closed","sticky":false,"template":"","format":"standard","meta":{"_bbp_topic_count":0,"_bbp_reply_count":0,"_bbp_total_topic_count":0,"_bbp_total_reply_count":0,"_bbp_voice_count":0,"_bbp_anonymous_reply_count":0,"_bbp_topic_count_hidden":0,"_bbp_reply_count_hidden":0,"_bbp_forum_subforum_count":0,"site-sidebar-layout":"default","site-content-layout":"","ast-site-content-layout":"","site-content-style":"default","site-sidebar-style":"default","ast-global-header-display":"","ast-banner-title-visibility":"","ast-main-header-display":"","ast-hfb-above-header-display":"","ast-hfb-below-header-display":"","ast-hfb-mobile-header-display":"","site-post-title":"","ast-breadcrumbs-content":"","ast-featured-img":"","footer-sml-layout":"","theme-transparent-header-meta":"","adv-header-id-meta":"","stick-header-meta":"","header-above-stick-meta":"","header-main-stick-meta":"","header-below-stick-meta":"","astra-migrate-meta-layouts":"default","ast-page-background-enabled":"default","ast-page-background-meta":{"desktop":{"background-color":"var(--ast-global-color-4)","background-image":"","background-repeat":"repeat","background-position":"center center","background-size":"auto","background-attachment":"scroll","background-type":"","background-media":"","overlay-type":"","overlay-color":"","overlay-opacity":"","overlay-gradient":""},"tablet":{"background-color":"","background-image":"","background-repeat":"repeat","background-position":"center center","background-size":"auto","background-attachment":"scroll","background-type":"","background-media":"","overlay-type":"","overlay-color":"","overlay-opacity":"","overlay-gradient":""},"mobile":{"background-color":"","background-image":"","background-repeat":"repeat","background-position":"center center","background-size":"auto","background-attachment":"scroll","background-type":"","background-media":"","overlay-type":"","overlay-color":"","overlay-opacity":"","overlay-gradient":""}},"ast-content-background-meta":{"desktop":{"background-color":"var(--ast-global-color-5)","background-image":"","background-repeat":"repeat","background-position":"center center","background-size":"auto","background-attachment":"scroll","background-type":"","background-media":"","overlay-type":"","overlay-color":"","overlay-opacity":"","overlay-gradient":""},"tablet":{"background-color":"var(--ast-global-color-5)","background-image":"","background-repeat":"repeat","background-position":"center center","background-size":"auto","background-attachment":"scroll","background-type":"","background-media":"","overlay-type":"","overlay-color":"","overlay-opacity":"","overlay-gradient":""},"mobile":{"background-color":"var(--ast-global-color-5)","background-image":"","background-repeat":"repeat","background-position":"center center","background-size":"auto","background-attachment":"scroll","background-type":"","background-media":"","overlay-type":"","overlay-color":"","overlay-opacity":"","overlay-gradient":""}},"footnotes":""},"categories":[15,5],"tags":[],"class_list":["post-1101","post","type-post","status-publish","format-standard","hentry","category-6e","category-primaria"],"post_mailing_queue_ids":[],"_links":{"self":[{"href":"https:\/\/agora.xtec.cat\/escalmacelles\/wp-json\/wp\/v2\/posts\/1101","targetHints":{"allow":["GET"]}}],"collection":[{"href":"https:\/\/agora.xtec.cat\/escalmacelles\/wp-json\/wp\/v2\/posts"}],"about":[{"href":"https:\/\/agora.xtec.cat\/escalmacelles\/wp-json\/wp\/v2\/types\/post"}],"author":[{"embeddable":true,"href":"https:\/\/agora.xtec.cat\/escalmacelles\/wp-json\/wp\/v2\/users\/1"}],"replies":[{"embeddable":true,"href":"https:\/\/agora.xtec.cat\/escalmacelles\/wp-json\/wp\/v2\/comments?post=1101"}],"version-history":[{"count":1,"href":"https:\/\/agora.xtec.cat\/escalmacelles\/wp-json\/wp\/v2\/posts\/1101\/revisions"}],"predecessor-version":[{"id":1103,"href":"https:\/\/agora.xtec.cat\/escalmacelles\/wp-json\/wp\/v2\/posts\/1101\/revisions\/1103"}],"wp:attachment":[{"href":"https:\/\/agora.xtec.cat\/escalmacelles\/wp-json\/wp\/v2\/media?parent=1101"}],"wp:term":[{"taxonomy":"category","embeddable":true,"href":"https:\/\/agora.xtec.cat\/escalmacelles\/wp-json\/wp\/v2\/categories?post=1101"},{"taxonomy":"post_tag","embeddable":true,"href":"https:\/\/agora.xtec.cat\/escalmacelles\/wp-json\/wp\/v2\/tags?post=1101"}],"curies":[{"name":"wp","href":"https:\/\/api.w.org\/{rel}","templated":true}]}}