{"id":1061,"date":"2019-03-19T09:34:45","date_gmt":"2019-03-19T08:34:45","guid":{"rendered":"http:\/\/agora.xtec.cat\/escalmacelles\/?p=1061"},"modified":"2019-10-03T10:03:20","modified_gmt":"2019-10-03T08:03:20","slug":"una-tarda-a-lins-canigo","status":"publish","type":"post","link":"https:\/\/agora.xtec.cat\/escalmacelles\/primaria\/una-tarda-a-lins-canigo\/","title":{"rendered":"Una Tarda a l&#8217;INS Canig\u00f3"},"content":{"rendered":"<p>El dia 12 de mar\u00e7, els alumnes i els mestres de 6\u00e8 curs vam fer una visita \u00a0a l\u2019 INS Canig\u00f3.<\/p>\n<p>Un cop va comen\u00e7ar l\u2019activitat, la Griselda, una professora de l\u2019institut, i alguns dels alumnes de 1er d\u2019ESO ens van guiar cap a la sala d\u2019actes, on all\u00ed ens rebrien amb una can\u00e7\u00f3 (lo siento). Seguidament uns alumnes de 4t d\u2019ESO ens van tocar una can\u00e7\u00f3 conjuntament amb un grup de veus que la cantaven. Al finalitzar, el grup de teatre de 4t d\u2019ESO van fer un teatre molt divertit expressament per a nosaltres. Per \u00faltim quatre alumnes de 1er d\u2019ESO ens van explicar un \u201cPower Point\u201d que ens informava sobre l\u2019institut.<\/p>\n<p>Posteriorment ens vam separar les dues classes amb tres guies de 1r d\u2019ESO per cada classe per tal de visitar les principals aules. Una vegada acabada la activitat ens vam fer una fotografia de record i vam marxar.<\/p>\n<p>Ens vam passar-ho molt b\u00e9.<\/p>\n<p>L\u2019alumnat de 6\u00e8 A i de 6\u00e8 B<\/p>\n<p><em>Clica a la fotografia per veure&#8217;n m\u00e9s<\/em><\/p>\n<p><a href=\"https:\/\/photos.app.goo.gl\/tck7kA2JosSgbxbm9\"><img loading=\"lazy\" decoding=\"async\" class=\"alignnone size-large wp-image-1062\" src=\"https:\/\/agora.xtec.cat\/escalmacelles\/wp-content\/uploads\/usu1902\/2019\/03\/DSC06391-1024x768.jpg\" alt=\"\" width=\"1024\" height=\"768\" srcset=\"https:\/\/agora.xtec.cat\/escalmacelles\/wp-content\/uploads\/usu1902\/2019\/03\/DSC06391-1024x768.jpg 1024w, https:\/\/agora.xtec.cat\/escalmacelles\/wp-content\/uploads\/usu1902\/2019\/03\/DSC06391-300x225.jpg 300w, https:\/\/agora.xtec.cat\/escalmacelles\/wp-content\/uploads\/usu1902\/2019\/03\/DSC06391-768x576.jpg 768w, https:\/\/agora.xtec.cat\/escalmacelles\/wp-content\/uploads\/usu1902\/2019\/03\/DSC06391-200x150.jpg 200w, https:\/\/agora.xtec.cat\/escalmacelles\/wp-content\/uploads\/usu1902\/2019\/03\/DSC06391.jpg 2048w\" sizes=\"auto, (max-width: 1024px) 100vw, 1024px\" \/><\/a><\/p>\n","protected":false},"excerpt":{"rendered":"<p>El dia 12 de mar\u00e7, els alumnes i els mestres de 6\u00e8 curs vam fer una visita \u00a0a l\u2019 INS Canig\u00f3. Un cop va comen\u00e7ar l\u2019activitat, la Griselda, una professora de l\u2019institut, i alguns dels alumnes de 1er d\u2019ESO ens van guiar cap a la sala d\u2019actes, on all\u00ed ens rebrien amb una can\u00e7\u00f3 (lo [&hellip;]<\/p>\n","protected":false},"author":1,"featured_media":0,"comment_status":"closed","ping_status":"closed","sticky":false,"template":"","format":"standard","meta":{"_bbp_topic_count":0,"_bbp_reply_count":0,"_bbp_total_topic_count":0,"_bbp_total_reply_count":0,"_bbp_voice_count":0,"_bbp_anonymous_reply_count":0,"_bbp_topic_count_hidden":0,"_bbp_reply_count_hidden":0,"_bbp_forum_subforum_count":0,"site-sidebar-layout":"default","site-content-layout":"","ast-site-content-layout":"","site-content-style":"default","site-sidebar-style":"default","ast-global-header-display":"","ast-banner-title-visibility":"","ast-main-header-display":"","ast-hfb-above-header-display":"","ast-hfb-below-header-display":"","ast-hfb-mobile-header-display":"","site-post-title":"","ast-breadcrumbs-content":"","ast-featured-img":"","footer-sml-layout":"","theme-transparent-header-meta":"","adv-header-id-meta":"","stick-header-meta":"","header-above-stick-meta":"","header-main-stick-meta":"","header-below-stick-meta":"","astra-migrate-meta-layouts":"default","ast-page-background-enabled":"default","ast-page-background-meta":{"desktop":{"background-color":"var(--ast-global-color-4)","background-image":"","background-repeat":"repeat","background-position":"center center","background-size":"auto","background-attachment":"scroll","background-type":"","background-media":"","overlay-type":"","overlay-color":"","overlay-opacity":"","overlay-gradient":""},"tablet":{"background-color":"","background-image":"","background-repeat":"repeat","background-position":"center center","background-size":"auto","background-attachment":"scroll","background-type":"","background-media":"","overlay-type":"","overlay-color":"","overlay-opacity":"","overlay-gradient":""},"mobile":{"background-color":"","background-image":"","background-repeat":"repeat","background-position":"center center","background-size":"auto","background-attachment":"scroll","background-type":"","background-media":"","overlay-type":"","overlay-color":"","overlay-opacity":"","overlay-gradient":""}},"ast-content-background-meta":{"desktop":{"background-color":"var(--ast-global-color-5)","background-image":"","background-repeat":"repeat","background-position":"center center","background-size":"auto","background-attachment":"scroll","background-type":"","background-media":"","overlay-type":"","overlay-color":"","overlay-opacity":"","overlay-gradient":""},"tablet":{"background-color":"var(--ast-global-color-5)","background-image":"","background-repeat":"repeat","background-position":"center center","background-size":"auto","background-attachment":"scroll","background-type":"","background-media":"","overlay-type":"","overlay-color":"","overlay-opacity":"","overlay-gradient":""},"mobile":{"background-color":"var(--ast-global-color-5)","background-image":"","background-repeat":"repeat","background-position":"center center","background-size":"auto","background-attachment":"scroll","background-type":"","background-media":"","overlay-type":"","overlay-color":"","overlay-opacity":"","overlay-gradient":""}},"footnotes":""},"categories":[15,5],"tags":[],"class_list":["post-1061","post","type-post","status-publish","format-standard","hentry","category-6e","category-primaria"],"post_mailing_queue_ids":[],"_links":{"self":[{"href":"https:\/\/agora.xtec.cat\/escalmacelles\/wp-json\/wp\/v2\/posts\/1061","targetHints":{"allow":["GET"]}}],"collection":[{"href":"https:\/\/agora.xtec.cat\/escalmacelles\/wp-json\/wp\/v2\/posts"}],"about":[{"href":"https:\/\/agora.xtec.cat\/escalmacelles\/wp-json\/wp\/v2\/types\/post"}],"author":[{"embeddable":true,"href":"https:\/\/agora.xtec.cat\/escalmacelles\/wp-json\/wp\/v2\/users\/1"}],"replies":[{"embeddable":true,"href":"https:\/\/agora.xtec.cat\/escalmacelles\/wp-json\/wp\/v2\/comments?post=1061"}],"version-history":[{"count":1,"href":"https:\/\/agora.xtec.cat\/escalmacelles\/wp-json\/wp\/v2\/posts\/1061\/revisions"}],"predecessor-version":[{"id":1063,"href":"https:\/\/agora.xtec.cat\/escalmacelles\/wp-json\/wp\/v2\/posts\/1061\/revisions\/1063"}],"wp:attachment":[{"href":"https:\/\/agora.xtec.cat\/escalmacelles\/wp-json\/wp\/v2\/media?parent=1061"}],"wp:term":[{"taxonomy":"category","embeddable":true,"href":"https:\/\/agora.xtec.cat\/escalmacelles\/wp-json\/wp\/v2\/categories?post=1061"},{"taxonomy":"post_tag","embeddable":true,"href":"https:\/\/agora.xtec.cat\/escalmacelles\/wp-json\/wp\/v2\/tags?post=1061"}],"curies":[{"name":"wp","href":"https:\/\/api.w.org\/{rel}","templated":true}]}}