{"id":6382,"date":"2026-03-05T13:23:11","date_gmt":"2026-03-05T12:23:11","guid":{"rendered":"https:\/\/agora.xtec.cat\/escaixart\/?p=6382"},"modified":"2026-03-05T13:23:11","modified_gmt":"2026-03-05T12:23:11","slug":"sortida-del-cicle-superior-a-figueres","status":"publish","type":"post","link":"https:\/\/agora.xtec.cat\/escaixart\/portada\/sortida-del-cicle-superior-a-figueres\/","title":{"rendered":"SORTIDA DEL CICLE SUPERIOR A FIGUERES"},"content":{"rendered":"<p style=\"text-align: justify;\"><span style=\"font-weight: 400;\">El passat 4 de febrer, els nens i nenes de cicle superior vam anar en tren a Figueres. Primer ens vam reunir tots a l\u2019estaci\u00f3 de Sant Jordi Desvalls i el tren va passar de seguida.Vam arribar a Figueres en vint minuts i vam passejar fins el Museu Dal\u00ed. En arribar, ens vam situar a un lateral de la fa\u00e7ana i vam fer dibuixos a llapis on sortien els pans, els ous i les figures humanes del museu que es veuen des del carrer. Despr\u00e9s vam esmorzar a la pla\u00e7a que hi ha davant del museu, on vam xerrar amb alguns nois d\u2019altres escoles.<\/span><\/p>\n<p style=\"text-align: justify;\"><span style=\"font-weight: 400;\">Un cop a dins, vam fer un recorregut molt interessant a trav\u00e9s del surrealisme d\u2019en Dal\u00ed, amb explicacions de les pintures m\u00e9s reconegudes. Per acabar, vam fer un taller creatiu on vam posar a prova el nostre propi surrealisme.\u00a0<\/span><\/p>\n<p style=\"text-align: justify;\"><span style=\"font-weight: 400;\">Vam dinar a un parc proper on hi havia zones verdes i gronxadors. Despr\u00e9s de dinar, vam tenir una estona per jugar i divertir-nos. A la tornada, ens van dir a l\u2019estaci\u00f3 que no hi havia trens fins molt m\u00e9s tard, i que no sabien amb quina freq\u00fc\u00e8ncia passarien. Per aix\u00f2 ens vam pujar a un que sortia just en aquell moment i que passava per Fla\u00e7\u00e0. A Fla\u00e7\u00e0 tamb\u00e9 hi havia un parc, i les fam\u00edlies ens van venir a recollir all\u00e0. Tota una aventura!<\/span><\/p>\n<p>&nbsp;<\/p>\n<p>&nbsp;<\/p>\n<p>Recordeu que podeu veure les imatges de la sortida fent clic a la icona del men\u00fa.<\/p>\n","protected":false},"excerpt":{"rendered":"<p>El passat 4 de febrer, els nens i nenes de cicle superior vam anar en tren a Figueres. Primer ens vam reunir tots a l\u2019estaci\u00f3 de Sant Jordi Desvalls i el tren va passar de seguida.Vam arribar a Figueres en vint minuts i vam passejar fins el Museu Dal\u00ed. En arribar, ens vam situar a [&hellip;]<\/p>\n","protected":false},"author":17,"featured_media":6386,"comment_status":"open","ping_status":"open","sticky":false,"template":"","format":"standard","meta":{"_bbp_topic_count":0,"_bbp_reply_count":0,"_bbp_total_topic_count":0,"_bbp_total_reply_count":0,"_bbp_voice_count":0,"_bbp_anonymous_reply_count":0,"_bbp_topic_count_hidden":0,"_bbp_reply_count_hidden":0,"_bbp_forum_subforum_count":0,"site-sidebar-layout":"default","site-content-layout":"","ast-site-content-layout":"default","site-content-style":"default","site-sidebar-style":"default","ast-global-header-display":"","ast-banner-title-visibility":"","ast-main-header-display":"","ast-hfb-above-header-display":"","ast-hfb-below-header-display":"","ast-hfb-mobile-header-display":"","site-post-title":"","ast-breadcrumbs-content":"","ast-featured-img":"","footer-sml-layout":"","theme-transparent-header-meta":"default","adv-header-id-meta":"","stick-header-meta":"","header-above-stick-meta":"","header-main-stick-meta":"","header-below-stick-meta":"","astra-migrate-meta-layouts":"set","ast-page-background-enabled":"default","ast-page-background-meta":{"desktop":{"background-color":"var(--ast-global-color-4)","background-image":"","background-repeat":"repeat","background-position":"center center","background-size":"auto","background-attachment":"scroll","background-type":"","background-media":"","overlay-type":"","overlay-color":"","overlay-opacity":"","overlay-gradient":""},"tablet":{"background-color":"","background-image":"","background-repeat":"repeat","background-position":"center center","background-size":"auto","background-attachment":"scroll","background-type":"","background-media":"","overlay-type":"","overlay-color":"","overlay-opacity":"","overlay-gradient":""},"mobile":{"background-color":"","background-image":"","background-repeat":"repeat","background-position":"center center","background-size":"auto","background-attachment":"scroll","background-type":"","background-media":"","overlay-type":"","overlay-color":"","overlay-opacity":"","overlay-gradient":""}},"ast-content-background-meta":{"desktop":{"background-color":"var(--ast-global-color-5)","background-image":"","background-repeat":"repeat","background-position":"center center","background-size":"auto","background-attachment":"scroll","background-type":"","background-media":"","overlay-type":"","overlay-color":"","overlay-opacity":"","overlay-gradient":""},"tablet":{"background-color":"var(--ast-global-color-5)","background-image":"","background-repeat":"repeat","background-position":"center center","background-size":"auto","background-attachment":"scroll","background-type":"","background-media":"","overlay-type":"","overlay-color":"","overlay-opacity":"","overlay-gradient":""},"mobile":{"background-color":"var(--ast-global-color-5)","background-image":"","background-repeat":"repeat","background-position":"center center","background-size":"auto","background-attachment":"scroll","background-type":"","background-media":"","overlay-type":"","overlay-color":"","overlay-opacity":"","overlay-gradient":""}},"footnotes":""},"categories":[14,15,4,5],"tags":[],"class_list":["post-6382","post","type-post","status-publish","format-standard","has-post-thumbnail","hentry","category-5e","category-6e","category-portada","category-primaria"],"post_mailing_queue_ids":[],"_links":{"self":[{"href":"https:\/\/agora.xtec.cat\/escaixart\/wp-json\/wp\/v2\/posts\/6382","targetHints":{"allow":["GET"]}}],"collection":[{"href":"https:\/\/agora.xtec.cat\/escaixart\/wp-json\/wp\/v2\/posts"}],"about":[{"href":"https:\/\/agora.xtec.cat\/escaixart\/wp-json\/wp\/v2\/types\/post"}],"author":[{"embeddable":true,"href":"https:\/\/agora.xtec.cat\/escaixart\/wp-json\/wp\/v2\/users\/17"}],"replies":[{"embeddable":true,"href":"https:\/\/agora.xtec.cat\/escaixart\/wp-json\/wp\/v2\/comments?post=6382"}],"version-history":[{"count":1,"href":"https:\/\/agora.xtec.cat\/escaixart\/wp-json\/wp\/v2\/posts\/6382\/revisions"}],"predecessor-version":[{"id":6387,"href":"https:\/\/agora.xtec.cat\/escaixart\/wp-json\/wp\/v2\/posts\/6382\/revisions\/6387"}],"wp:featuredmedia":[{"embeddable":true,"href":"https:\/\/agora.xtec.cat\/escaixart\/wp-json\/wp\/v2\/media\/6386"}],"wp:attachment":[{"href":"https:\/\/agora.xtec.cat\/escaixart\/wp-json\/wp\/v2\/media?parent=6382"}],"wp:term":[{"taxonomy":"category","embeddable":true,"href":"https:\/\/agora.xtec.cat\/escaixart\/wp-json\/wp\/v2\/categories?post=6382"},{"taxonomy":"post_tag","embeddable":true,"href":"https:\/\/agora.xtec.cat\/escaixart\/wp-json\/wp\/v2\/tags?post=6382"}],"curies":[{"name":"wp","href":"https:\/\/api.w.org\/{rel}","templated":true}]}}