{"id":10604,"date":"2026-04-09T08:00:00","date_gmt":"2026-04-09T06:00:00","guid":{"rendered":"https:\/\/agora.xtec.cat\/escagustibartra\/?p=10604"},"modified":"2026-04-10T21:02:09","modified_gmt":"2026-04-10T19:02:09","slug":"xxxvi-jornades-esportives-de-lescola","status":"publish","type":"post","link":"https:\/\/agora.xtec.cat\/escagustibartra\/portada\/xxxvi-jornades-esportives-de-lescola\/","title":{"rendered":"XXXVI Jornades esportives de l&#8217;escola"},"content":{"rendered":"<figure class=\"wp-block-post-featured-image\"><img loading=\"lazy\" decoding=\"async\" width=\"700\" height=\"554\" src=\"https:\/\/agora.xtec.cat\/escagustibartra\/wp-content\/uploads\/usu2289\/2026\/04\/jornades26.png\" class=\"attachment-post-thumbnail size-post-thumbnail wp-post-image\" alt=\"\" style=\"object-fit:cover;\" srcset=\"https:\/\/agora.xtec.cat\/escagustibartra\/wp-content\/uploads\/usu2289\/2026\/04\/jornades26.png 700w, https:\/\/agora.xtec.cat\/escagustibartra\/wp-content\/uploads\/usu2289\/2026\/04\/jornades26-300x237.png 300w\" sizes=\"auto, (max-width: 700px) 100vw, 700px\" \/><\/figure>\n\n\n<p>La darrera setmana del segon trimestre va tenir lloc a les instal\u00b7lacions de les pistes d&#8217;atletisme i el pavell\u00f3 de Can Jofresa una nova edici\u00f3 de les Jornades esportives de l&#8217;escola.<\/p>\n\n\n\n<p>En tres dies consecutius l&#8217;alumnat de primer cicle, segon cicle i tercer cicle va practicar una s\u00e8rie d&#8217;activitats atl\u00e8tiques, jocs, esports convencionals i alternatius.<\/p>\n\n\n\n<p>Totes les activitats s&#8217;havien preparat pr\u00e8viament a les classes d&#8217;educaci\u00f3 f\u00edsica.<\/p>\n\n\n\n<p>Alumnat de primer cicle<\/p>\n\n\n\n<ul class=\"wp-block-list\">\n<li>Proves d&#8217;atletisme<\/li>\n\n\n\n<li>Jocs: la cadena, balontir, el mocador<\/li>\n\n\n\n<li><a href=\"https:\/\/photos.app.goo.gl\/kUb8WrvxUcq2D9DA6\" target=\"_blank\" rel=\"noreferrer noopener\">Fotografies de la jornada<\/a><\/li>\n<\/ul>\n\n\n\n<p>Alumnat de segon cicle<\/p>\n\n\n\n<ul class=\"wp-block-list\">\n<li>Proves d&#8217;atletisme<\/li>\n\n\n\n<li>Esports: b\u00e0squet i handbol<\/li>\n\n\n\n<li><a href=\"https:\/\/photos.app.goo.gl\/shKNCvgrc5vnETj29\" target=\"_blank\" rel=\"noreferrer noopener\">Fotografies de la jornada<\/a><\/li>\n<\/ul>\n\n\n\n<p>Alumnat de tercer cicle<\/p>\n\n\n\n<ul class=\"wp-block-list\">\n<li>Proves d&#8217;atletisme<\/li>\n\n\n\n<li>Esports: korfbal<\/li>\n\n\n\n<li><a href=\"https:\/\/photos.app.goo.gl\/B8UviwoWyAs6UkYS8\" target=\"_blank\" rel=\"noreferrer noopener\">Fotografies de la jornada<\/a><\/li>\n<\/ul>\n\n\n\n<p><\/p>\n","protected":false},"excerpt":{"rendered":"<p>La darrera setmana del segon trimestre va tenir lloc a les instal\u00b7lacions de les pistes d&#8217;atletisme i el pavell\u00f3 de Can Jofresa una nova edici\u00f3 de les Jornades esportives de l&#8217;escola. En tres dies consecutius l&#8217;alumnat de primer cicle, segon cicle i tercer cicle va practicar una s\u00e8rie d&#8217;activitats atl\u00e8tiques, jocs, esports convencionals i alternatius. [&hellip;]<\/p>\n","protected":false},"author":3,"featured_media":10605,"comment_status":"open","ping_status":"open","sticky":false,"template":"","format":"standard","meta":{"site-sidebar-layout":"default","site-content-layout":"","ast-site-content-layout":"default","site-content-style":"default","site-sidebar-style":"default","ast-global-header-display":"","ast-banner-title-visibility":"","ast-main-header-display":"","ast-hfb-above-header-display":"","ast-hfb-below-header-display":"","ast-hfb-mobile-header-display":"","site-post-title":"","ast-breadcrumbs-content":"","ast-featured-img":"","footer-sml-layout":"","theme-transparent-header-meta":"","adv-header-id-meta":"","stick-header-meta":"","header-above-stick-meta":"","header-main-stick-meta":"","header-below-stick-meta":"","astra-migrate-meta-layouts":"set","ast-page-background-enabled":"default","ast-page-background-meta":{"desktop":{"background-color":"var(--ast-global-color-4)","background-image":"","background-repeat":"repeat","background-position":"center center","background-size":"auto","background-attachment":"scroll","background-type":"","background-media":"","overlay-type":"","overlay-color":"","overlay-opacity":"","overlay-gradient":""},"tablet":{"background-color":"","background-image":"","background-repeat":"repeat","background-position":"center center","background-size":"auto","background-attachment":"scroll","background-type":"","background-media":"","overlay-type":"","overlay-color":"","overlay-opacity":"","overlay-gradient":""},"mobile":{"background-color":"","background-image":"","background-repeat":"repeat","background-position":"center center","background-size":"auto","background-attachment":"scroll","background-type":"","background-media":"","overlay-type":"","overlay-color":"","overlay-opacity":"","overlay-gradient":""}},"ast-content-background-meta":{"desktop":{"background-color":"var(--ast-global-color-5)","background-image":"","background-repeat":"repeat","background-position":"center center","background-size":"auto","background-attachment":"scroll","background-type":"","background-media":"","overlay-type":"","overlay-color":"","overlay-opacity":"","overlay-gradient":""},"tablet":{"background-color":"var(--ast-global-color-5)","background-image":"","background-repeat":"repeat","background-position":"center center","background-size":"auto","background-attachment":"scroll","background-type":"","background-media":"","overlay-type":"","overlay-color":"","overlay-opacity":"","overlay-gradient":""},"mobile":{"background-color":"var(--ast-global-color-5)","background-image":"","background-repeat":"repeat","background-position":"center center","background-size":"auto","background-attachment":"scroll","background-type":"","background-media":"","overlay-type":"","overlay-color":"","overlay-opacity":"","overlay-gradient":""}},"footnotes":""},"categories":[95,86,167,85],"tags":[],"class_list":["post-10604","post","type-post","status-publish","format-standard","has-post-thumbnail","hentry","category-educacio-fisica","category-escola","category-especialitats","category-portada"],"post_mailing_queue_ids":[],"_links":{"self":[{"href":"https:\/\/agora.xtec.cat\/escagustibartra\/wp-json\/wp\/v2\/posts\/10604","targetHints":{"allow":["GET"]}}],"collection":[{"href":"https:\/\/agora.xtec.cat\/escagustibartra\/wp-json\/wp\/v2\/posts"}],"about":[{"href":"https:\/\/agora.xtec.cat\/escagustibartra\/wp-json\/wp\/v2\/types\/post"}],"author":[{"embeddable":true,"href":"https:\/\/agora.xtec.cat\/escagustibartra\/wp-json\/wp\/v2\/users\/3"}],"replies":[{"embeddable":true,"href":"https:\/\/agora.xtec.cat\/escagustibartra\/wp-json\/wp\/v2\/comments?post=10604"}],"version-history":[{"count":1,"href":"https:\/\/agora.xtec.cat\/escagustibartra\/wp-json\/wp\/v2\/posts\/10604\/revisions"}],"predecessor-version":[{"id":10606,"href":"https:\/\/agora.xtec.cat\/escagustibartra\/wp-json\/wp\/v2\/posts\/10604\/revisions\/10606"}],"wp:featuredmedia":[{"embeddable":true,"href":"https:\/\/agora.xtec.cat\/escagustibartra\/wp-json\/wp\/v2\/media\/10605"}],"wp:attachment":[{"href":"https:\/\/agora.xtec.cat\/escagustibartra\/wp-json\/wp\/v2\/media?parent=10604"}],"wp:term":[{"taxonomy":"category","embeddable":true,"href":"https:\/\/agora.xtec.cat\/escagustibartra\/wp-json\/wp\/v2\/categories?post=10604"},{"taxonomy":"post_tag","embeddable":true,"href":"https:\/\/agora.xtec.cat\/escagustibartra\/wp-json\/wp\/v2\/tags?post=10604"}],"curies":[{"name":"wp","href":"https:\/\/api.w.org\/{rel}","templated":true}]}}