{"id":2535,"date":"2020-11-16T11:27:35","date_gmt":"2020-11-16T10:27:35","guid":{"rendered":"https:\/\/agora.xtec.cat\/esc-voramarsalou\/?p=2535"},"modified":"2020-11-16T11:43:16","modified_gmt":"2020-11-16T10:43:16","slug":"tallers-formatius-creixer-en-familia","status":"publish","type":"post","link":"https:\/\/agora.xtec.cat\/esc-voramarsalou\/portada\/tallers-formatius-creixer-en-familia\/","title":{"rendered":"TALLERS FORMATIUS CR\u00c9IXER EN FAM\u00cdLIA"},"content":{"rendered":"<p><a href=\"https:\/\/drive.google.com\/file\/d\/1Z8_HVpPDDlsieze1l-LP9KJTQ7Fd8Wlq\/view?usp=sharing\"><img loading=\"lazy\" decoding=\"async\" class=\"aligncenter wp-image-2537 size-full\" src=\"https:\/\/agora.xtec.cat\/esc-voramarsalou\/wp-content\/uploads\/usu1992\/2020\/11\/2020-11-16-11_25_12-POSTER-20-21-1.pdf-Adobe-Acrobat-Reader-DC.png\" alt=\"\" width=\"448\" height=\"636\" srcset=\"https:\/\/agora.xtec.cat\/esc-voramarsalou\/wp-content\/uploads\/usu1992\/2020\/11\/2020-11-16-11_25_12-POSTER-20-21-1.pdf-Adobe-Acrobat-Reader-DC.png 448w, https:\/\/agora.xtec.cat\/esc-voramarsalou\/wp-content\/uploads\/usu1992\/2020\/11\/2020-11-16-11_25_12-POSTER-20-21-1.pdf-Adobe-Acrobat-Reader-DC-211x300.png 211w\" sizes=\"auto, (max-width: 448px) 100vw, 448px\" \/><br \/>\n<\/a><\/p>\n<p style=\"text-align: justify;\">Benvolgudes fam\u00edlies,<\/p>\n<p>Si cliqueu a la imatge podreu llegir tota la informaci\u00f3 del cicle de tallers formatius adre\u00e7ats a fam\u00edlies amb fills i filles de 3 a 6 anys que organitza el PEE del VENDRELL.<br \/>\nAls tallers les fam\u00edlies podeu intercanviar viv\u00e8ncies sobre l&#8217;educaci\u00f3 dels vostres fills i filles, guiats per un professional expert en din\u00e0miques familiars que us donar\u00e0 eines per a la crian\u00e7a positiva.<br \/>\nEl cicle consisteix en sis sessions de dues hores que tractaran tem\u00e0tiques com: l\u2019afecte, l\u2019autonomia, l\u2019autoritat, la resoluci\u00f3 de conflictes, les responsabilitats en l&#8217;\u00e0mbit dom\u00e8stic, el lleure i l&#8217;entorn, el paper educatiu de l&#8217;escola, etc.<br \/>\nEls tallers es realitzaran telem\u00e0ticament per l&#8217;APP Zoom.<\/p>\n","protected":false},"excerpt":{"rendered":"<p>Benvolgudes fam\u00edlies, Si cliqueu a la imatge podreu llegir tota la informaci\u00f3 del cicle de tallers formatius adre\u00e7ats a fam\u00edlies [&hellip;]<\/p>\n","protected":false},"author":1,"featured_media":484,"comment_status":"closed","ping_status":"closed","sticky":false,"template":"","format":"standard","meta":{"_bbp_topic_count":0,"_bbp_reply_count":0,"_bbp_total_topic_count":0,"_bbp_total_reply_count":0,"_bbp_voice_count":0,"_bbp_anonymous_reply_count":0,"_bbp_topic_count_hidden":0,"_bbp_reply_count_hidden":0,"_bbp_forum_subforum_count":0,"site-sidebar-layout":"default","site-content-layout":"","ast-site-content-layout":"","site-content-style":"default","site-sidebar-style":"default","ast-global-header-display":"","ast-banner-title-visibility":"","ast-main-header-display":"","ast-hfb-above-header-display":"","ast-hfb-below-header-display":"","ast-hfb-mobile-header-display":"","site-post-title":"","ast-breadcrumbs-content":"","ast-featured-img":"","footer-sml-layout":"","theme-transparent-header-meta":"","adv-header-id-meta":"","stick-header-meta":"","header-above-stick-meta":"","header-main-stick-meta":"","header-below-stick-meta":"","astra-migrate-meta-layouts":"default","ast-page-background-enabled":"default","ast-page-background-meta":{"desktop":{"background-color":"var(--ast-global-color-4)","background-image":"","background-repeat":"repeat","background-position":"center center","background-size":"auto","background-attachment":"scroll","background-type":"","background-media":"","overlay-type":"","overlay-color":"","overlay-opacity":"","overlay-gradient":""},"tablet":{"background-color":"","background-image":"","background-repeat":"repeat","background-position":"center center","background-size":"auto","background-attachment":"scroll","background-type":"","background-media":"","overlay-type":"","overlay-color":"","overlay-opacity":"","overlay-gradient":""},"mobile":{"background-color":"","background-image":"","background-repeat":"repeat","background-position":"center center","background-size":"auto","background-attachment":"scroll","background-type":"","background-media":"","overlay-type":"","overlay-color":"","overlay-opacity":"","overlay-gradient":""}},"ast-content-background-meta":{"desktop":{"background-color":"var(--ast-global-color-5)","background-image":"","background-repeat":"repeat","background-position":"center center","background-size":"auto","background-attachment":"scroll","background-type":"","background-media":"","overlay-type":"","overlay-color":"","overlay-opacity":"","overlay-gradient":""},"tablet":{"background-color":"var(--ast-global-color-5)","background-image":"","background-repeat":"repeat","background-position":"center center","background-size":"auto","background-attachment":"scroll","background-type":"","background-media":"","overlay-type":"","overlay-color":"","overlay-opacity":"","overlay-gradient":""},"mobile":{"background-color":"var(--ast-global-color-5)","background-image":"","background-repeat":"repeat","background-position":"center center","background-size":"auto","background-attachment":"scroll","background-type":"","background-media":"","overlay-type":"","overlay-color":"","overlay-opacity":"","overlay-gradient":""}},"footnotes":""},"categories":[4],"tags":[],"class_list":["post-2535","post","type-post","status-publish","format-standard","has-post-thumbnail","hentry","category-portada"],"post_mailing_queue_ids":[],"_links":{"self":[{"href":"https:\/\/agora.xtec.cat\/esc-voramarsalou\/wp-json\/wp\/v2\/posts\/2535","targetHints":{"allow":["GET"]}}],"collection":[{"href":"https:\/\/agora.xtec.cat\/esc-voramarsalou\/wp-json\/wp\/v2\/posts"}],"about":[{"href":"https:\/\/agora.xtec.cat\/esc-voramarsalou\/wp-json\/wp\/v2\/types\/post"}],"author":[{"embeddable":true,"href":"https:\/\/agora.xtec.cat\/esc-voramarsalou\/wp-json\/wp\/v2\/users\/1"}],"replies":[{"embeddable":true,"href":"https:\/\/agora.xtec.cat\/esc-voramarsalou\/wp-json\/wp\/v2\/comments?post=2535"}],"version-history":[{"count":2,"href":"https:\/\/agora.xtec.cat\/esc-voramarsalou\/wp-json\/wp\/v2\/posts\/2535\/revisions"}],"predecessor-version":[{"id":2541,"href":"https:\/\/agora.xtec.cat\/esc-voramarsalou\/wp-json\/wp\/v2\/posts\/2535\/revisions\/2541"}],"wp:featuredmedia":[{"embeddable":true,"href":"https:\/\/agora.xtec.cat\/esc-voramarsalou\/wp-json\/wp\/v2\/media\/484"}],"wp:attachment":[{"href":"https:\/\/agora.xtec.cat\/esc-voramarsalou\/wp-json\/wp\/v2\/media?parent=2535"}],"wp:term":[{"taxonomy":"category","embeddable":true,"href":"https:\/\/agora.xtec.cat\/esc-voramarsalou\/wp-json\/wp\/v2\/categories?post=2535"},{"taxonomy":"post_tag","embeddable":true,"href":"https:\/\/agora.xtec.cat\/esc-voramarsalou\/wp-json\/wp\/v2\/tags?post=2535"}],"curies":[{"name":"wp","href":"https:\/\/api.w.org\/{rel}","templated":true}]}}