{"id":4228,"date":"2021-12-15T09:44:53","date_gmt":"2021-12-15T08:44:53","guid":{"rendered":"https:\/\/agora.xtec.cat\/esc-vilamalla-josepderibot\/?p=4228"},"modified":"2021-12-15T09:44:53","modified_gmt":"2021-12-15T08:44:53","slug":"cm-i-cs-taller-sobre-laudiometria","status":"publish","type":"post","link":"https:\/\/agora.xtec.cat\/esc-vilamalla-josepderibot\/general\/cm-i-cs-taller-sobre-laudiometria\/","title":{"rendered":"CM i CS. TALLER SOBRE L&#8217;AUDIOMETRIA"},"content":{"rendered":"<p style=\"text-align: justify;\">El passat dilluns 13 de desembre, a l&#8217;escola, els i les alumnes de CM i CS, vam poder realitzar un taller sobre l&#8217;audiometria.<\/p>\n<p style=\"text-align: justify;\">Uns experts en el tema, ens van explicar com percebim les persones els sons i quin \u00e9s el cam\u00ed que segueix fins arribar al cervell. Tamb\u00e9 vam poder parlar amb persones amb discapacitat auditiva i con\u00e8ixer com \u00e9s el seu dia a dia. Vam poder observar com \u00e9s un implant coclear i com funciona.<\/p>\n<p>Finalment, a cada infant d&#8217;aquests grups, els hi van passar una audiometria, per saber quina sensiblitat als sons tenen cadasc\u00fan d&#8217;ells.<\/p>\n<p>Va estar una xerrada molt interesant i v\u00e0rem aprendre molt!<\/p>\n<p><a href=\"https:\/\/photos.app.goo.gl\/3t4sGKK24RA42QVN9\" target=\"_blank\" rel=\"noopener\"><img loading=\"lazy\" decoding=\"async\" class=\"size-large wp-image-4229 aligncenter\" src=\"https:\/\/agora.xtec.cat\/esc-vilamalla-josepderibot\/wp-content\/uploads\/usu1900\/2021\/12\/IMG-20211213-WA0018-1024x769.jpg\" alt=\"\" width=\"1024\" height=\"769\" srcset=\"https:\/\/agora.xtec.cat\/esc-vilamalla-josepderibot\/wp-content\/uploads\/usu1900\/2021\/12\/IMG-20211213-WA0018-1024x769.jpg 1024w, https:\/\/agora.xtec.cat\/esc-vilamalla-josepderibot\/wp-content\/uploads\/usu1900\/2021\/12\/IMG-20211213-WA0018-300x225.jpg 300w, https:\/\/agora.xtec.cat\/esc-vilamalla-josepderibot\/wp-content\/uploads\/usu1900\/2021\/12\/IMG-20211213-WA0018-768x576.jpg 768w, https:\/\/agora.xtec.cat\/esc-vilamalla-josepderibot\/wp-content\/uploads\/usu1900\/2021\/12\/IMG-20211213-WA0018-1536x1153.jpg 1536w, https:\/\/agora.xtec.cat\/esc-vilamalla-josepderibot\/wp-content\/uploads\/usu1900\/2021\/12\/IMG-20211213-WA0018-200x150.jpg 200w, https:\/\/agora.xtec.cat\/esc-vilamalla-josepderibot\/wp-content\/uploads\/usu1900\/2021\/12\/IMG-20211213-WA0018.jpg 2048w\" sizes=\"auto, (max-width: 1024px) 100vw, 1024px\" \/><\/a><\/p>\n<p style=\"text-align: center;\"><a href=\"https:\/\/photos.app.goo.gl\/3t4sGKK24RA42QVN9\" target=\"_blank\" rel=\"noopener\">+fotos<\/a><\/p>\n","protected":false},"excerpt":{"rendered":"<p>El passat dilluns 13 de desembre, a l&#8217;escola, els i les alumnes de CM i CS, vam poder realitzar un taller sobre l&#8217;audiometria.<br \/>\nUns experts en el tema, ens van explicar com percebim les persones els sons i quin \u00e9s el cam\u00ed que segueix fins arribar&hellip;  <a href=\"https:\/\/agora.xtec.cat\/esc-vilamalla-josepderibot\/general\/cm-i-cs-taller-sobre-laudiometria\/\" title=\"Read CM i CS. TALLER SOBRE L&#8217;AUDIOMETRIA\">Llegeix m\u00e9s\u00bb<\/a><\/p>\n","protected":false},"author":4,"featured_media":0,"comment_status":"closed","ping_status":"closed","sticky":false,"template":"","format":"standard","meta":{"_bbp_topic_count":0,"_bbp_reply_count":0,"_bbp_total_topic_count":0,"_bbp_total_reply_count":0,"_bbp_voice_count":0,"_bbp_anonymous_reply_count":0,"_bbp_topic_count_hidden":0,"_bbp_reply_count_hidden":0,"_bbp_forum_subforum_count":0,"footnotes":""},"categories":[12,13,14,15,1,5],"tags":[71,72,73,74,76,69],"class_list":["post-4228","post","type-post","status-publish","format-standard","hentry","category-3r","category-4t","category-5e","category-6e","category-general","category-primaria","tag-3r","tag-4t","tag-5e","tag-6e","tag-activitats-escola","tag-primaria"],"post_mailing_queue_ids":[],"_links":{"self":[{"href":"https:\/\/agora.xtec.cat\/esc-vilamalla-josepderibot\/wp-json\/wp\/v2\/posts\/4228","targetHints":{"allow":["GET"]}}],"collection":[{"href":"https:\/\/agora.xtec.cat\/esc-vilamalla-josepderibot\/wp-json\/wp\/v2\/posts"}],"about":[{"href":"https:\/\/agora.xtec.cat\/esc-vilamalla-josepderibot\/wp-json\/wp\/v2\/types\/post"}],"author":[{"embeddable":true,"href":"https:\/\/agora.xtec.cat\/esc-vilamalla-josepderibot\/wp-json\/wp\/v2\/users\/4"}],"replies":[{"embeddable":true,"href":"https:\/\/agora.xtec.cat\/esc-vilamalla-josepderibot\/wp-json\/wp\/v2\/comments?post=4228"}],"version-history":[{"count":1,"href":"https:\/\/agora.xtec.cat\/esc-vilamalla-josepderibot\/wp-json\/wp\/v2\/posts\/4228\/revisions"}],"predecessor-version":[{"id":4230,"href":"https:\/\/agora.xtec.cat\/esc-vilamalla-josepderibot\/wp-json\/wp\/v2\/posts\/4228\/revisions\/4230"}],"wp:attachment":[{"href":"https:\/\/agora.xtec.cat\/esc-vilamalla-josepderibot\/wp-json\/wp\/v2\/media?parent=4228"}],"wp:term":[{"taxonomy":"category","embeddable":true,"href":"https:\/\/agora.xtec.cat\/esc-vilamalla-josepderibot\/wp-json\/wp\/v2\/categories?post=4228"},{"taxonomy":"post_tag","embeddable":true,"href":"https:\/\/agora.xtec.cat\/esc-vilamalla-josepderibot\/wp-json\/wp\/v2\/tags?post=4228"}],"curies":[{"name":"wp","href":"https:\/\/api.w.org\/{rel}","templated":true}]}}