{"id":5149,"date":"2026-09-04T14:28:05","date_gmt":"2026-09-04T12:28:05","guid":{"rendered":"https:\/\/agora.xtec.cat\/esc-vicenteferrer-sb\/?p=5149"},"modified":"2026-09-04T14:28:05","modified_gmt":"2026-09-04T12:28:05","slug":"butlleti-2-26-27-4-de-setembre","status":"publish","type":"post","link":"https:\/\/agora.xtec.cat\/esc-vicenteferrer-sb\/general\/butlleti-2-26-27-4-de-setembre\/","title":{"rendered":"Butllet\u00ed 2\/26-27:  4 de setembre"},"content":{"rendered":"<h1>EQUIP DOCENT<\/h1>\n<p><a href=\"https:\/\/agora.xtec.cat\/esc-vicenteferrer-sb\/wp-content\/uploads\/usu1090\/2026\/09\/equip-26-27-2.jpg\"><img loading=\"lazy\" decoding=\"async\" class=\"aligncenter size-large wp-image-5167\" src=\"https:\/\/agora.xtec.cat\/esc-vicenteferrer-sb\/wp-content\/uploads\/usu1090\/2026\/09\/equip-26-27-2-1024x779.jpg\" alt=\"\" width=\"1024\" height=\"779\" srcset=\"https:\/\/agora.xtec.cat\/esc-vicenteferrer-sb\/wp-content\/uploads\/usu1090\/2026\/09\/equip-26-27-2-1024x779.jpg 1024w, https:\/\/agora.xtec.cat\/esc-vicenteferrer-sb\/wp-content\/uploads\/usu1090\/2026\/09\/equip-26-27-2-300x228.jpg 300w, https:\/\/agora.xtec.cat\/esc-vicenteferrer-sb\/wp-content\/uploads\/usu1090\/2026\/09\/equip-26-27-2-768x584.jpg 768w, https:\/\/agora.xtec.cat\/esc-vicenteferrer-sb\/wp-content\/uploads\/usu1090\/2026\/09\/equip-26-27-2-1536x1168.jpg 1536w, https:\/\/agora.xtec.cat\/esc-vicenteferrer-sb\/wp-content\/uploads\/usu1090\/2026\/09\/equip-26-27-2.jpg 1600w\" sizes=\"auto, (max-width: 1024px) 100vw, 1024px\" \/><\/a><\/p>\n<h1>INFORMACI\u00d3 IMPORTANT SOBRE L\u2019INICI DE CURS<\/h1>\n<h2>DIMARTS, 8 DE SETEMBRE<\/h2>\n<p class=\"isSelectedEnd\">Us recordem que <strong>dimarts 8 de setembre comencen les classes<\/strong>.<\/p>\n<p class=\"isSelectedEnd\">At\u00e8s que hi ha <strong>una vaga convocada per a aquest dia<\/strong>, no podrem dur a terme l\u2019horari ni l\u2019organitzaci\u00f3 d\u2019entrades i sortides que estaven previstos inicialment.<\/p>\n<p class=\"isSelectedEnd\">Per aquest motiu, <strong>el dia 8 tot l\u2019alumnat que assisteixi a l\u2019escola entrar\u00e0 per la porta principal<\/strong>, situada al <strong>carrer Salvador Aul\u00e8stia i Barriac<\/strong>.<\/p>\n<p class=\"isSelectedEnd\">Un cop dins del centre, organitzarem i agruparem l\u2019alumnat <strong>en funci\u00f3 del personal disponible aquell dia<\/strong>.<\/p>\n<p class=\"isSelectedEnd\">Agra\u00efm per endavant la vostra comprensi\u00f3 davant d\u2019aquesta situaci\u00f3 excepcional.<\/p>\n<h1>DIMECRES, 9 DE SETEMBRE<\/h1>\n<p class=\"isSelectedEnd\">A partir de <strong>dimecres 9 de setembre<\/strong>, les entrades i sortides es faran de la manera seg\u00fcent:<\/p>\n<h2>INFANTIL<\/h2>\n<h2 class=\"isSelectedEnd\"><strong>Entrada<\/strong><\/h2>\n<p class=\"isSelectedEnd\">L\u2019alumnat d\u2019Infantil entrar\u00e0 per la porta situada al <strong>carrer Jordi Rubi\u00f3 i Balaguer<\/strong>.<\/p>\n<p class=\"isSelectedEnd\">Els infants entraran <strong>sols i soles<\/strong>, excepte l\u2019alumnat d\u2019<strong>I3<\/strong>, que podr\u00e0 ser acompanyat fins a l\u2019entrada de l\u2019aula durant els <strong>horaris d\u2019adaptaci\u00f3<\/strong> que ja s\u2019han comunicat a les fam\u00edlies.<\/p>\n<p class=\"isSelectedEnd\">Cada infant haur\u00e0 de dirigir-se a l\u2019aula que li correspon aquest curs. <strong>No patiu: hi haur\u00e0 personal de l\u2019escola a l\u2019entrada per rebre\u2019ls i ajudar-los a arribar a la seva aula.<\/strong><\/p>\n<p class=\"isSelectedEnd\">Els germans i germanes que cursen <strong>Prim\u00e0ria<\/strong> tamb\u00e9 podran entrar per aquesta mateixa porta. Des d\u2019all\u00e0, es dirigiran cap al porxo de l\u2019entrada principal a trav\u00e9s de la porta interior de connexi\u00f3.<\/p>\n<h2 class=\"isSelectedEnd\"><strong>Sortida<\/strong><\/h2>\n<p class=\"isSelectedEnd\">La recollida de l\u2019alumnat d\u2019Infantil es far\u00e0 <strong>per la mateixa porta del carrer Jordi Rubi\u00f3 i Balaguer<\/strong>.<\/p>\n<p class=\"isSelectedEnd\">Les fam\u00edlies podreu accedir fins al davant de l\u2019aula per recollir els vostres fills i filles.<\/p>\n<div contenteditable=\"false\">\n<hr \/>\n<\/div>\n<h2>PRIM\u00c0RIA<\/h2>\n<h2 class=\"isSelectedEnd\"><strong>Entrada<\/strong><\/h2>\n<p class=\"isSelectedEnd\">L\u2019alumnat de Prim\u00e0ria entrar\u00e0 per la <strong>porta principal del carrer Salvador Aul\u00e8stia i Barriac<\/strong> i es dirigir\u00e0 directament a l\u2019aula que li correspon.<\/p>\n<p class=\"isSelectedEnd\">L\u2019alumnat de <strong>1r de Prim\u00e0ria<\/strong> ser\u00e0 rebut al vest\u00edbul per docents de refer\u00e8ncia, que l\u2019acompanyaran fins a la seva nova aula, situada al pis de dalt.<\/p>\n<h2 class=\"isSelectedEnd\"><strong>Sortida<\/strong><\/h2>\n<p class=\"isSelectedEnd\">La recollida de <strong>TOT L\u2019ALUMNAT DE PRIM\u00c0RIA<\/strong> es far\u00e0 al <strong>porxo de l\u2019entrada principal<\/strong>.<\/p>\n<p class=\"isSelectedEnd\">Per accedir-hi, us demanem que entreu <strong>per la porta de la rampa del pati<\/strong>.<\/p>\n<p class=\"isSelectedEnd\">Hi ha una excepci\u00f3 per a les fam\u00edlies que tamb\u00e9 recolliu fills o filles m\u00e9s petits d\u2019Infantil. En aquest cas, <strong>no caldr\u00e0 que feu tot el recorregut<\/strong>: podreu esperar al porxo de l\u2019entrada i, un cop el tutor o tutora hagi fet la sortida de la resta del grup, us portar\u00e0 el germ\u00e0 o germana gran.<\/p>\n<p><strong>Us demanem que durant els primers dies tingueu una mica de paci\u00e8ncia.<\/strong> \u00c9s una organitzaci\u00f3 nova per a molts infants i fam\u00edlies, i l\u2019equip de l\u2019escola estar\u00e0 present als diferents accessos per orientar-vos i facilitar que les entrades i sortides siguin tan \u00e0gils i segures com sigui possible.<\/p>\n<h1>ACTUACIONS AJUNTAMENT DURANT L&#8217;ESTIU<\/h1>\n<p>Durant aquest estiu, l&#8217;Ajuntament ens ha instal\u00b7lats forces ventiladors a les aules i portabicicletes i portapatinets a la zona d&#8217;Infantil.<\/p>\n<p><a href=\"https:\/\/agora.xtec.cat\/esc-vicenteferrer-sb\/wp-content\/uploads\/usu1090\/2026\/09\/portabicis1.jpg\"><img loading=\"lazy\" decoding=\"async\" class=\"aligncenter  wp-image-5169\" src=\"https:\/\/agora.xtec.cat\/esc-vicenteferrer-sb\/wp-content\/uploads\/usu1090\/2026\/09\/portabicis1-1024x768.jpg\" alt=\"\" width=\"282\" height=\"212\" srcset=\"https:\/\/agora.xtec.cat\/esc-vicenteferrer-sb\/wp-content\/uploads\/usu1090\/2026\/09\/portabicis1-1024x768.jpg 1024w, https:\/\/agora.xtec.cat\/esc-vicenteferrer-sb\/wp-content\/uploads\/usu1090\/2026\/09\/portabicis1-300x225.jpg 300w, https:\/\/agora.xtec.cat\/esc-vicenteferrer-sb\/wp-content\/uploads\/usu1090\/2026\/09\/portabicis1-768x576.jpg 768w, https:\/\/agora.xtec.cat\/esc-vicenteferrer-sb\/wp-content\/uploads\/usu1090\/2026\/09\/portabicis1-1536x1152.jpg 1536w, https:\/\/agora.xtec.cat\/esc-vicenteferrer-sb\/wp-content\/uploads\/usu1090\/2026\/09\/portabicis1.jpg 2048w\" sizes=\"auto, (max-width: 282px) 100vw, 282px\" \/><\/a><a href=\"https:\/\/agora.xtec.cat\/esc-vicenteferrer-sb\/wp-content\/uploads\/usu1090\/2026\/09\/portabicis2.jpg\"><img loading=\"lazy\" decoding=\"async\" class=\"aligncenter  wp-image-5168\" src=\"https:\/\/agora.xtec.cat\/esc-vicenteferrer-sb\/wp-content\/uploads\/usu1090\/2026\/09\/portabicis2-1024x768.jpg\" alt=\"\" width=\"413\" height=\"310\" srcset=\"https:\/\/agora.xtec.cat\/esc-vicenteferrer-sb\/wp-content\/uploads\/usu1090\/2026\/09\/portabicis2-1024x768.jpg 1024w, https:\/\/agora.xtec.cat\/esc-vicenteferrer-sb\/wp-content\/uploads\/usu1090\/2026\/09\/portabicis2-300x225.jpg 300w, https:\/\/agora.xtec.cat\/esc-vicenteferrer-sb\/wp-content\/uploads\/usu1090\/2026\/09\/portabicis2-768x576.jpg 768w, https:\/\/agora.xtec.cat\/esc-vicenteferrer-sb\/wp-content\/uploads\/usu1090\/2026\/09\/portabicis2-1536x1152.jpg 1536w, https:\/\/agora.xtec.cat\/esc-vicenteferrer-sb\/wp-content\/uploads\/usu1090\/2026\/09\/portabicis2.jpg 2048w\" sizes=\"auto, (max-width: 413px) 100vw, 413px\" \/><\/a><\/p>\n<h1>PAGAMENTS<\/h1>\n<p>Per a les fam\u00edlies que tinguin pendent el primer pagament de 40 \u20ac de juliol, demanem que us poseu en contacte amb secretaria. Recordeu que per tenir el tiquet de la samarreta de l&#8217;escola, necessitem que estigueu al dia dels pagaments. En un parell de setmanes, repartirem els tiquets per poder anar a la botiga Multifil i adquirir la samarreta. No cal comprar-la, nom\u00e9s donar el tiquet, ja que est\u00e0 inclosa en el pagament de material. Si voleu comprar alguna altra pe\u00e7a de roba amb el logotip de l&#8217;escola, teniu un descompte si sou socis de l&#8217;AFA.<\/p>\n<p>&nbsp;<\/p>\n<p><a href=\"https:\/\/agora.xtec.cat\/esc-vicenteferrer-sb\/wp-content\/uploads\/usu1090\/2025\/09\/Cartel-Horizontal-Aviso-Tienda-Cerrado-Organico-Colorido.png\"><img loading=\"lazy\" decoding=\"async\" class=\"aligncenter wp-image-4727\" src=\"https:\/\/agora.xtec.cat\/esc-vicenteferrer-sb\/wp-content\/uploads\/usu1090\/2025\/09\/Cartel-Horizontal-Aviso-Tienda-Cerrado-Organico-Colorido-1024x724.png\" alt=\"\" width=\"599\" height=\"423\" srcset=\"https:\/\/agora.xtec.cat\/esc-vicenteferrer-sb\/wp-content\/uploads\/usu1090\/2025\/09\/Cartel-Horizontal-Aviso-Tienda-Cerrado-Organico-Colorido-1024x724.png 1024w, https:\/\/agora.xtec.cat\/esc-vicenteferrer-sb\/wp-content\/uploads\/usu1090\/2025\/09\/Cartel-Horizontal-Aviso-Tienda-Cerrado-Organico-Colorido-300x212.png 300w, https:\/\/agora.xtec.cat\/esc-vicenteferrer-sb\/wp-content\/uploads\/usu1090\/2025\/09\/Cartel-Horizontal-Aviso-Tienda-Cerrado-Organico-Colorido-768x543.png 768w, https:\/\/agora.xtec.cat\/esc-vicenteferrer-sb\/wp-content\/uploads\/usu1090\/2025\/09\/Cartel-Horizontal-Aviso-Tienda-Cerrado-Organico-Colorido-1536x1086.png 1536w, https:\/\/agora.xtec.cat\/esc-vicenteferrer-sb\/wp-content\/uploads\/usu1090\/2025\/09\/Cartel-Horizontal-Aviso-Tienda-Cerrado-Organico-Colorido.png 2000w\" sizes=\"auto, (max-width: 599px) 100vw, 599px\" \/><\/a><\/p>\n<p>Encara sou a temps de cedir els<a href=\"https:\/\/www.valescolar.cat\/\"> xecs escolars<\/a> (Prim\u00e0ria). Si ho voleu fer, per\u00f2 encara no heu pogut, us demanem que ens aviseu i us donem un cop de m\u00e0.<\/p>\n<h1>REUNIONS INICI DE CURS<\/h1>\n<p>Us adjuntem el dia de les reunions d&#8217;inici de curs, <strong>totes s\u00f3n a les 15:15h<\/strong>, al gimn\u00e0s de l&#8217;escola.<\/p>\n<p><a href=\"https:\/\/agora.xtec.cat\/esc-vicenteferrer-sb\/wp-content\/uploads\/usu1090\/2026\/09\/WhatsApp-Image-2026-09-04-at-13.52.25-1.jpeg\"><img loading=\"lazy\" decoding=\"async\" class=\"aligncenter  wp-image-5170\" src=\"https:\/\/agora.xtec.cat\/esc-vicenteferrer-sb\/wp-content\/uploads\/usu1090\/2026\/09\/WhatsApp-Image-2026-09-04-at-13.52.25-1-1024x655.jpeg\" alt=\"\" width=\"535\" height=\"343\" srcset=\"https:\/\/agora.xtec.cat\/esc-vicenteferrer-sb\/wp-content\/uploads\/usu1090\/2026\/09\/WhatsApp-Image-2026-09-04-at-13.52.25-1-1024x655.jpeg 1024w, https:\/\/agora.xtec.cat\/esc-vicenteferrer-sb\/wp-content\/uploads\/usu1090\/2026\/09\/WhatsApp-Image-2026-09-04-at-13.52.25-1-300x192.jpeg 300w, https:\/\/agora.xtec.cat\/esc-vicenteferrer-sb\/wp-content\/uploads\/usu1090\/2026\/09\/WhatsApp-Image-2026-09-04-at-13.52.25-1-768x491.jpeg 768w, https:\/\/agora.xtec.cat\/esc-vicenteferrer-sb\/wp-content\/uploads\/usu1090\/2026\/09\/WhatsApp-Image-2026-09-04-at-13.52.25-1.jpeg 1036w\" sizes=\"auto, (max-width: 535px) 100vw, 535px\" \/><\/a><\/p>\n<h1>BEQUES MENJADOR<\/h1>\n<p>Podreu consultar l&#8217;estat de la vostra sol\u00b7licitud d&#8217;ajut de menjador partir de dilluns 7 de setembre al seg\u00fcent enlla\u00e7<a href=\"https:\/\/baixllobregat.pigaim.cat\/resolucions.php\"> https:\/\/baixllobregat.pigaim.cat\/resolucions.php<\/a><\/p>\n<h1>AFA<\/h1>\n<p>Ara que tornem a engegar el curs, us volem recordar dos temes importants:<\/p>\n<p>1\ufe0f\u20e3 QUOTA AFA 2026\/27<\/p>\n<p>Ja podeu fer el pagament de la quota anual de l\u2019AFA (30 \u20ac per fam\u00edlia).<\/p>\n<p>Amb la vostra col\u00b7laboraci\u00f3 podem continuar fent possible, entre moltes altres coses:<\/p>\n<p>\u2705 Gesti\u00f3 del menjador i servei d\u2019acollida<br \/>\n\u2705 Organitzaci\u00f3 de les activitats extraescolars<br \/>\n\u2705 Gesti\u00f3 del Casal d\u2019Estiu amb la Fundaci\u00f3 Marianao<br \/>\n\u2705 Comissi\u00f3 de Diversitat i suport a la inclusi\u00f3 d\u2019alumnes amb NEE<br \/>\n\u2705 Suport a projectes educatius i millores de l\u2019escola<br \/>\n\u2705 Activitats culturals i l\u00fadiques: Carnaboi, festes, tallers&#8230;<br \/>\n\u2705 Tramitaci\u00f3 de subvencions i permisos<br \/>\n\u2705 Representaci\u00f3 de les fam\u00edlies davant dels \u00f2rgans directius<\/p>\n<p>\ud83d\udcb3 Com fer el pagament?<br \/>\nTransfer\u00e8ncia de 30 \u20ac al compte:<br \/>\nES02 0081 1636 8800 0104 8407<\/p>\n<p>\ud83d\udc49 Al concepte indiqueu nom, cognoms i curs de l\u2019alumne\/a (curs 2026\/27).<\/p>\n<p>IMPORTANT! Un cop feta, envieu el justificant a afa.escolavicenteferrer@gmail.com, indicant tamb\u00e9 el nom, cognoms i curs.<\/p>\n<p>2\ufe0f\u20e3 EXTRAESCOLARS \ud83e\udd38\u200d\u2640\ufe0f\ud83c\udfa8\ud83c\udfc0<\/p>\n<p>Tal com us vam avan\u00e7ar abans de les vacances, ja estan obertes les inscripcions a les activitats extraescolars del curs 2026\/27.<\/p>\n<p>Us tornem a compartir la proposta i el formulari d\u2019inscripci\u00f3.<\/p>\n<p>Enlla\u00e7 inscripcions: <a href=\"https:\/\/docs.google.com\/forms\/d\/e\/1FAIpQLSdhWAxsg3Ompkr5UQsPkDXw-YAk4Dk7cF51qicWqSHQ7VI2wA\/viewform\">https:\/\/forms.gle\/amAt9MTcKTKsZSA56<\/a><\/p>\n<p>IMPORTANT: us arribar\u00e0 un mail confirmatori al correu que poseu quan ompliu el formulari. Si us plau, reviseu que l&#8217;heu escrit b\u00e9 ja que sin\u00f3 no rebreu la confirmaci\u00f3.<\/p>\n<p>\u26a0\ufe0f Recordeu que, en general, cal un m\u00ednim de 8 infants per formar cada grup. Per aix\u00f2, us animem a fer les inscripcions amb la m\u00e0xima antelaci\u00f3 possible: ens ajudar\u00e0 a saber quins grups s\u00f3n viables i a facilitar l\u2019organitzaci\u00f3 de totes les fam\u00edlies.<\/p>\n<p>Gr\u00e0cies, com sempre, per la vostra participaci\u00f3 i col\u00b7laboraci\u00f3. \ud83d\udc9b<\/p>\n<p>Junts fem una escola millor!<\/p>\n<p>Junta Directiva<br \/>\nAFA Escola Vicente Ferrer<\/p>\n<p>Per una escola participativa, inclusiva i de qualitat.<\/p>\n<p><a href=\"https:\/\/agora.xtec.cat\/esc-vicenteferrer-sb\/wp-content\/uploads\/usu1090\/2026\/09\/Extraescolars-Vicente-Ferrer-26-27-1-2.pdf\">Extraescolars Vicente Ferrer 26-27<\/a><\/p>\n<h1>MENJADOR<\/h1>\n<p>Benvolgudes fam\u00edlies,<\/p>\n<p>Us faig arribar la informaci\u00f3 relativa al servei de menjador i d&#8217;acollida per aquest curs.<\/p>\n<p>La inscripci\u00f3 s&#8217;haur\u00e0 de realitzar telem\u00e0ticament mitjan\u00e7ant la nova aplicaci\u00f3. Per facilitar-ne l&#8217;\u00fas, adjuntem un tutorial amb les indicacions necess\u00e0ries per completar el proc\u00e9s.<\/p>\n<p>Recordeu que el dia 8 ha d&#8217;estar feta per poder fer \u00fas del menjador i acollida.<\/p>\n<p>Us recomanem que consulteu la documentaci\u00f3 adjunta abans d&#8217;iniciar el tr\u00e0mit.<\/p>\n<p>Per a qualsevol dubte o incid\u00e8ncia podeu contactar amb mi via What&#8217;s App, mail o presencialment de 9 a 10h.<\/p>\n<p><a href=\"https:\/\/agora.xtec.cat\/esc-vicenteferrer-sb\/wp-content\/uploads\/usu1090\/2026\/09\/INFORMACIO-MENJADOR-FAMILIES-VICENTE-FERRER-2026-27-1-1.pdf\">INFORMACI\u00d3 MENJADOR FAM\u00cdLIES VICENTE FERRER 2026-27 <\/a><\/p>\n<p><a href=\"https:\/\/agora.xtec.cat\/esc-vicenteferrer-sb\/wp-content\/uploads\/usu1090\/2026\/09\/NOU-SISTEMA-DE-GESTIO-Vicente-Ferrer-v4-1.pdf\">NOU SISTEMA DE GESTIO (Vicente Ferrer v4) <\/a><\/p>\n<p><a href=\"https:\/\/agora.xtec.cat\/esc-vicenteferrer-sb\/wp-content\/uploads\/usu1090\/2026\/09\/INFORMACIO-ACOLLIDA-MATI-VICENTE-FERRER-26-27-1.pdf\">INFORMACI\u00d3 ACOLLIDA MAT\u00cd VICENTE FERRER 26-27 <\/a><\/p>\n<p>&nbsp;<\/p>\n<p>&nbsp;<\/p>\n","protected":false},"excerpt":{"rendered":"<p>EQUIP DOCENT INFORMACI\u00d3 IMPORTANT SOBRE L\u2019INICI DE CURS DIMARTS, 8 DE SETEMBRE Us recordem que dimarts 8 de setembre comencen les classes. At\u00e8s que hi ha una vaga convocada per a aquest dia, no podrem dur a terme l\u2019horari ni l\u2019organitzaci\u00f3 d\u2019entrades i sortides que estaven previstos inicialment. Per aquest motiu, el dia 8 tot [&hellip;]<\/p>\n","protected":false},"author":1,"featured_media":0,"comment_status":"open","ping_status":"open","sticky":false,"template":"","format":"standard","meta":{"_bbp_topic_count":0,"_bbp_reply_count":0,"_bbp_total_topic_count":0,"_bbp_total_reply_count":0,"_bbp_voice_count":0,"_bbp_anonymous_reply_count":0,"_bbp_topic_count_hidden":0,"_bbp_reply_count_hidden":0,"_bbp_forum_subforum_count":0,"site-sidebar-layout":"default","site-content-layout":"","ast-site-content-layout":"default","site-content-style":"default","site-sidebar-style":"default","ast-global-header-display":"","ast-banner-title-visibility":"","ast-main-header-display":"","ast-hfb-above-header-display":"","ast-hfb-below-header-display":"","ast-hfb-mobile-header-display":"","site-post-title":"","ast-breadcrumbs-content":"","ast-featured-img":"","footer-sml-layout":"","theme-transparent-header-meta":"default","adv-header-id-meta":"","stick-header-meta":"","header-above-stick-meta":"","header-main-stick-meta":"","header-below-stick-meta":"","astra-migrate-meta-layouts":"set","ast-page-background-enabled":"default","ast-page-background-meta":{"desktop":{"background-color":"var(--ast-global-color-4)","background-image":"","background-repeat":"repeat","background-position":"center center","background-size":"auto","background-attachment":"scroll","background-type":"","background-media":"","overlay-type":"","overlay-color":"","overlay-opacity":"","overlay-gradient":""},"tablet":{"background-color":"","background-image":"","background-repeat":"repeat","background-position":"center center","background-size":"auto","background-attachment":"scroll","background-type":"","background-media":"","overlay-type":"","overlay-color":"","overlay-opacity":"","overlay-gradient":""},"mobile":{"background-color":"","background-image":"","background-repeat":"repeat","background-position":"center center","background-size":"auto","background-attachment":"scroll","background-type":"","background-media":"","overlay-type":"","overlay-color":"","overlay-opacity":"","overlay-gradient":""}},"ast-content-background-meta":{"desktop":{"background-color":"var(--ast-global-color-5)","background-image":"","background-repeat":"repeat","background-position":"center center","background-size":"auto","background-attachment":"scroll","background-type":"","background-media":"","overlay-type":"","overlay-color":"","overlay-opacity":"","overlay-gradient":""},"tablet":{"background-color":"var(--ast-global-color-5)","background-image":"","background-repeat":"repeat","background-position":"center center","background-size":"auto","background-attachment":"scroll","background-type":"","background-media":"","overlay-type":"","overlay-color":"","overlay-opacity":"","overlay-gradient":""},"mobile":{"background-color":"var(--ast-global-color-5)","background-image":"","background-repeat":"repeat","background-position":"center center","background-size":"auto","background-attachment":"scroll","background-type":"","background-media":"","overlay-type":"","overlay-color":"","overlay-opacity":"","overlay-gradient":""}},"footnotes":""},"categories":[1,60],"tags":[],"class_list":["post-5149","post","type-post","status-publish","format-standard","hentry","category-general","category-newsletter"],"post_mailing_queue_ids":[],"_links":{"self":[{"href":"https:\/\/agora.xtec.cat\/esc-vicenteferrer-sb\/wp-json\/wp\/v2\/posts\/5149","targetHints":{"allow":["GET"]}}],"collection":[{"href":"https:\/\/agora.xtec.cat\/esc-vicenteferrer-sb\/wp-json\/wp\/v2\/posts"}],"about":[{"href":"https:\/\/agora.xtec.cat\/esc-vicenteferrer-sb\/wp-json\/wp\/v2\/types\/post"}],"author":[{"embeddable":true,"href":"https:\/\/agora.xtec.cat\/esc-vicenteferrer-sb\/wp-json\/wp\/v2\/users\/1"}],"replies":[{"embeddable":true,"href":"https:\/\/agora.xtec.cat\/esc-vicenteferrer-sb\/wp-json\/wp\/v2\/comments?post=5149"}],"version-history":[{"count":5,"href":"https:\/\/agora.xtec.cat\/esc-vicenteferrer-sb\/wp-json\/wp\/v2\/posts\/5149\/revisions"}],"predecessor-version":[{"id":5172,"href":"https:\/\/agora.xtec.cat\/esc-vicenteferrer-sb\/wp-json\/wp\/v2\/posts\/5149\/revisions\/5172"}],"wp:attachment":[{"href":"https:\/\/agora.xtec.cat\/esc-vicenteferrer-sb\/wp-json\/wp\/v2\/media?parent=5149"}],"wp:term":[{"taxonomy":"category","embeddable":true,"href":"https:\/\/agora.xtec.cat\/esc-vicenteferrer-sb\/wp-json\/wp\/v2\/categories?post=5149"},{"taxonomy":"post_tag","embeddable":true,"href":"https:\/\/agora.xtec.cat\/esc-vicenteferrer-sb\/wp-json\/wp\/v2\/tags?post=5149"}],"curies":[{"name":"wp","href":"https:\/\/api.w.org\/{rel}","templated":true}]}}