{"id":5147,"date":"2026-09-02T13:05:18","date_gmt":"2026-09-02T11:05:18","guid":{"rendered":"https:\/\/agora.xtec.cat\/esc-vicenteferrer-sb\/?p=5147"},"modified":"2026-09-02T13:12:12","modified_gmt":"2026-09-02T11:12:12","slug":"butlleti-1-26-27-2-de-setembre","status":"publish","type":"post","link":"https:\/\/agora.xtec.cat\/esc-vicenteferrer-sb\/general\/butlleti-1-26-27-2-de-setembre\/","title":{"rendered":"Butllet\u00ed 1\/26-27: 2 de setembre"},"content":{"rendered":"<h1>VAGA DIA 8<\/h1>\n<p>Us informem que el dimarts, 8 de setembre, coincidint amb el primer dia del curs escolar, hi ha convocada una jornada de vaga del personal docent.<\/p>\n<p class=\"gmail-\">A hores d&#8217;ara, no podem con\u00e8ixer quin ser\u00e0 el seguiment de la convocat\u00f2ria, per la qual cosa \u00e9s possible que un nombre important de mestres exerceixi el seu dret de vaga. Aquesta situaci\u00f3 pot afectar el desenvolupament habitual de la jornada i l&#8217;organitzaci\u00f3 del centre.<\/p>\n<p class=\"gmail-\">L&#8217;escola garantir\u00e0, en tot cas, els serveis m\u00ednims establerts pel Departament d&#8217;Educaci\u00f3 i Formaci\u00f3 Professional.<\/p>\n<p>Us agra\u00efm la vostra comprensi\u00f3 davant d&#8217;aquesta situaci\u00f3 excepcional i us mantindrem informats si hi hagu\u00e9s qualsevol novetat que afecti el funcionament del centre.<\/p>\n<h1>BEQUES NESE<\/h1>\n<p>Avui us hem enviat un correu relatiu a aquestes beques de necessitats educatives especials. Reviseu-lo si \u00e9s el vostre cas.<\/p>\n<h1>PAGAMENTS<\/h1>\n<p>Per a les fam\u00edlies que tinguin pendent el primer pagament de 40 \u20ac de juliol, demanem que us poseu en contacte amb secretaria. Recordeu que per tenir el tiquet de la samarreta de l&#8217;escola, necessitem que estigueu al dia dels pagaments. En un parell de setmanes, repartirem els tiquets per poder anar a la botiga Multifil i adquirir la samarreta. No cal comprar-la, nom\u00e9s donar el tiquet, ja que est\u00e0 inclosa en el pagament de material. Si voleu comprar alguna altra pe\u00e7a de roba amb el logotip de l&#8217;escola, teniu un descompte si sou socis de l&#8217;AFA.<\/p>\n<p>&nbsp;<\/p>\n<p><a href=\"https:\/\/agora.xtec.cat\/esc-vicenteferrer-sb\/wp-content\/uploads\/usu1090\/2025\/09\/Cartel-Horizontal-Aviso-Tienda-Cerrado-Organico-Colorido.png\"><img loading=\"lazy\" decoding=\"async\" class=\"aligncenter wp-image-4727\" src=\"https:\/\/agora.xtec.cat\/esc-vicenteferrer-sb\/wp-content\/uploads\/usu1090\/2025\/09\/Cartel-Horizontal-Aviso-Tienda-Cerrado-Organico-Colorido-1024x724.png\" alt=\"\" width=\"599\" height=\"423\" srcset=\"https:\/\/agora.xtec.cat\/esc-vicenteferrer-sb\/wp-content\/uploads\/usu1090\/2025\/09\/Cartel-Horizontal-Aviso-Tienda-Cerrado-Organico-Colorido-1024x724.png 1024w, https:\/\/agora.xtec.cat\/esc-vicenteferrer-sb\/wp-content\/uploads\/usu1090\/2025\/09\/Cartel-Horizontal-Aviso-Tienda-Cerrado-Organico-Colorido-300x212.png 300w, https:\/\/agora.xtec.cat\/esc-vicenteferrer-sb\/wp-content\/uploads\/usu1090\/2025\/09\/Cartel-Horizontal-Aviso-Tienda-Cerrado-Organico-Colorido-768x543.png 768w, https:\/\/agora.xtec.cat\/esc-vicenteferrer-sb\/wp-content\/uploads\/usu1090\/2025\/09\/Cartel-Horizontal-Aviso-Tienda-Cerrado-Organico-Colorido-1536x1086.png 1536w, https:\/\/agora.xtec.cat\/esc-vicenteferrer-sb\/wp-content\/uploads\/usu1090\/2025\/09\/Cartel-Horizontal-Aviso-Tienda-Cerrado-Organico-Colorido.png 2000w\" sizes=\"auto, (max-width: 599px) 100vw, 599px\" \/><\/a><\/p>\n<p>*preus curs 25-26<\/p>\n<p>Encara sou a temps de cedir els<a href=\"https:\/\/www.valescolar.cat\/\"> vals escolars<\/a> (Prim\u00e0ria). Si ho voleu fer, per\u00f2 encara no heu pogut, us demanem que ens aviseu i us donem un cop de m\u00e0.<\/p>\n<h1>PLANTILLA DE L&#8217;ESCOLA<\/h1>\n<h3>Equip hum\u00e0 curs 2026-27<\/h3>\n<table style=\"width: 40.6537%;\">\n<tbody>\n<tr>\n<td style=\"width: 34.728%;\"><b>INFANTIL<\/b><\/td>\n<td style=\"width: 129.289%;\"><b>TUTORIES<\/b><\/td>\n<\/tr>\n<tr>\n<td style=\"width: 34.728%;\"><b>I3<\/b><\/td>\n<td style=\"width: 129.289%;\"><b>Marisol Casab\u00f3\/Ver\u00f2nica Tur\u00f3n<\/b><\/td>\n<\/tr>\n<tr>\n<td style=\"width: 34.728%;\"><b>I4<\/b><\/td>\n<td style=\"width: 129.289%;\"><b>Susanna De la Jara<\/b><\/td>\n<\/tr>\n<tr>\n<td style=\"width: 34.728%;\"><span style=\"color: #000000;\"><b>I5<\/b><\/span><\/td>\n<td style=\"width: 129.289%;\"><span style=\"color: #000000;\"><b>Susanna Asensio<\/b><\/span><\/td>\n<\/tr>\n<\/tbody>\n<\/table>\n<h3><\/h3>\n<table style=\"width: 41.1606%;\">\n<tbody>\n<tr>\n<td style=\"width: 33.6608%;\">\n<h6><span style=\"color: #000000;\"><b>CICLE INICIAL<\/b><\/span><\/h6>\n<\/td>\n<td style=\"width: 109.463%;\">\n<h6><span style=\"color: #000000;\"><b>TUTORIES<\/b><\/span><\/h6>\n<\/td>\n<\/tr>\n<tr>\n<td style=\"width: 33.6608%;\">\n<h6><span style=\"color: #000000;\"><b>1r<\/b><\/span><\/h6>\n<\/td>\n<td style=\"width: 109.463%;\">\n<h6><span style=\"color: #000000;\"><b>Montserrat Palacios<\/b><\/span><\/h6>\n<\/td>\n<\/tr>\n<tr>\n<td style=\"width: 33.6608%;\">\n<h6><span style=\"color: #000000;\"><b>2n<\/b><\/span><\/h6>\n<\/td>\n<td style=\"width: 109.463%;\">\n<h6><span style=\"color: #000000;\"><b>Montserrat Mart\u00ednez<\/b><\/span><\/h6>\n<\/td>\n<\/tr>\n<\/tbody>\n<\/table>\n<h3><\/h3>\n<table style=\"width: 41.184%;\">\n<tbody>\n<tr>\n<td style=\"width: 32.5658%;\"><span style=\"color: #000000;\"><b>CICLE MITJ\u00c0<\/b><\/span><\/td>\n<td style=\"width: 117.007%;\"><span style=\"color: #000000;\"><b>TUTORIES<\/b><\/span><\/td>\n<\/tr>\n<tr>\n<td style=\"width: 32.5658%;\"><span style=\"color: #000000;\"><b>3r<\/b><\/span><\/td>\n<td style=\"width: 117.007%;\">\n<h6><span style=\"color: #000000;\"><b>Ana Moreno<\/b><\/span><\/h6>\n<\/td>\n<\/tr>\n<tr>\n<td style=\"width: 32.5658%;\"><span style=\"color: #000000;\"><b>4t<\/b><\/span><\/td>\n<td style=\"width: 117.007%;\"><span style=\"color: #000000;\"><b>Ariadna Mollejas<\/b><\/span><\/td>\n<\/tr>\n<\/tbody>\n<\/table>\n<h3><\/h3>\n<table style=\"width: 41.4379%;\">\n<tbody>\n<tr>\n<td style=\"width: 34.4407%;\"><span style=\"color: #000000;\"><b>CICLE SUPERIOR<\/b><\/span><\/td>\n<td style=\"width: 108.928%;\"><span style=\"color: #000000;\"><b>TUTORIES<\/b><\/span><\/td>\n<\/tr>\n<tr>\n<td style=\"width: 34.4407%;\"><span style=\"color: #000000;\"><b>5\u00e8<\/b><\/span><\/td>\n<td style=\"width: 108.928%;\"><span style=\"color: #000000;\"><b style=\"color: #000000;\">Eug\u00e8nia V\u00e1zquez<\/b><span style=\"color: #000000;\"><b><br \/>\n<\/b><\/span><\/span><\/td>\n<\/tr>\n<tr>\n<td style=\"width: 34.4407%;\"><span style=\"color: #000000;\"><b>6\u00e8<\/b><\/span><\/td>\n<td style=\"width: 108.928%;\"><span style=\"color: #000000;\"><b>Mart\u00edn Blanco<\/b><\/span><\/td>\n<\/tr>\n<\/tbody>\n<\/table>\n<p>&nbsp;<\/p>\n<table style=\"width: 41.4377%; height: 981px;\">\n<tbody>\n<tr style=\"height: 52px;\">\n<td style=\"width: 34.0493%; height: 52px;\"><b>ESPECIALITATS<\/b><\/td>\n<td style=\"width: 74.913%; height: 52px;\"><b>MESTRES<\/b><\/td>\n<\/tr>\n<tr style=\"height: 173px;\">\n<td style=\"width: 34.0493%; height: 72px;\"><b>M\u00fasica\u00a0<\/b><\/td>\n<td style=\"width: 74.913%; height: 72px;\"><b>Montserrat Mart\u00ednez\u00a0<\/b><\/p>\n<p><b> Elena Godoy<\/b><\/td>\n<\/tr>\n<tr style=\"height: 249px;\">\n<td style=\"width: 34.0493%; height: 148px;\"><b>Angl\u00e8s CS i CM<\/b><\/td>\n<td style=\"width: 74.913%; height: 148px;\"><b>Ariadna Mollejas<\/b><\/p>\n<p><b>Ana Moreno<\/b><\/p>\n<p><strong>Mart\u00edn Blanco<\/strong><\/td>\n<\/tr>\n<tr style=\"height: 94px;\">\n<td style=\"width: 34.0493%; height: 47px;\"><b>Angl\u00e8s CI i Infantil<\/b><\/td>\n<td style=\"width: 74.913%; height: 47px;\">\n<p style=\"font-size: 16px; font-style: normal; font-weight: 400;\"><b>Fany Sedano<\/b><\/p>\n<\/td>\n<\/tr>\n<tr style=\"height: 52px;\">\n<td style=\"width: 34.0493%; height: 52px;\"><strong>Refor\u00e7 Infantil i CI<\/strong><\/td>\n<td style=\"width: 74.913%; height: 52px;\"><strong>Alba Garcia<\/strong><\/p>\n<p><b>Mar\u00eda Jos\u00e9 Beltr\u00e1n<\/b><\/td>\n<\/tr>\n<tr style=\"height: 82px;\">\n<td style=\"width: 34.0493%; height: 45px;\"><b>Ed. F\u00edsica<\/b><\/td>\n<td style=\"width: 74.913%; height: 45px;\"><b>Xavi G\u00f3mez<\/b><\/td>\n<\/tr>\n<tr style=\"height: 82px;\">\n<td style=\"width: 34.0493%; height: 47px;\"><b>Atenci\u00f3 Diversitat<\/b><\/td>\n<td style=\"width: 74.913%; height: 47px;\"><b>Raquel Mayorga<\/b><\/td>\n<\/tr>\n<tr style=\"height: 144px;\">\n<td style=\"width: 34.0493%; height: 98px;\"><b>Audici\u00f3 i Llenguatge<\/b><\/td>\n<td style=\"width: 74.913%; height: 98px;\"><b>Mar\u00eda Alonso\u00a0<\/b><\/p>\n<p><b>Elena Escribano<\/b><\/td>\n<\/tr>\n<tr style=\"height: 82px;\">\n<td style=\"width: 34.0493%; height: 51px;\"><b>Refor\u00e7 prim\u00e0ria<\/b><\/td>\n<td style=\"width: 74.913%; height: 51px;\"><b>Miriam Borr\u00e0s<\/b><\/td>\n<\/tr>\n<tr style=\"height: 82px;\">\n<td style=\"width: 34.0493%; height: 43px;\"><b>Logopeda<\/b><\/td>\n<td style=\"width: 74.913%; height: 43px;\"><b>Marta Belmonte<\/b><\/td>\n<\/tr>\n<tr style=\"height: 82px;\">\n<td style=\"width: 34.0493%; height: 58px;\"><b>Refor\u00e7 i Biblioteca<\/b><\/td>\n<td style=\"width: 74.913%; height: 58px;\"><b>Ana M\u00aa L\u00f3pez<\/b><\/td>\n<\/tr>\n<tr style=\"height: 82px;\">\n<td style=\"width: 34.0493%; height: 50px;\"><b>Refor\u00e7 i Biblioteca<\/b><\/td>\n<td style=\"width: 74.913%; height: 50px;\"><b>Gemma Torres<\/b><\/td>\n<\/tr>\n<\/tbody>\n<\/table>\n<table style=\"width: 41.4952%;\">\n<tbody>\n<tr>\n<td style=\"width: 178.702%;\" colspan=\"2\"><span style=\"color: #000000;\"><b>EQUIP DIRECTIU<\/b><\/span><\/td>\n<\/tr>\n<tr>\n<td style=\"width: 33.7968%;\"><span style=\"color: #000000;\"><b>Directora<\/b><\/span><\/td>\n<td style=\"width: 144.905%;\"><span style=\"color: #000000;\"><b>Gemma Torres<\/b><\/span><\/td>\n<\/tr>\n<tr>\n<td style=\"width: 33.7968%;\"><span style=\"color: #000000;\"><b>Cap d\u2019estudis<\/b><\/span><\/td>\n<td style=\"width: 144.905%;\"><span style=\"color: #000000;\"><b>Ana M\u00aa L\u00f3pez<\/b><\/span><\/td>\n<\/tr>\n<tr>\n<td style=\"width: 33.7968%;\"><span style=\"color: #000000;\"><b>Secret\u00e0ria<\/b><\/span><\/td>\n<td style=\"width: 144.905%;\"><span style=\"color: #000000;\"><b>Elena Godoy<\/b><\/span><\/td>\n<\/tr>\n<\/tbody>\n<\/table>\n<h3><\/h3>\n<table style=\"width: 41.8838%; height: 254px;\">\n<tbody>\n<tr style=\"height: 82px;\">\n<td style=\"width: 157.143%; height: 82px;\" colspan=\"2\"><span style=\"color: #000000;\"><b>PERSONAL PAS I CONSERGERIA<\/b><\/span><\/td>\n<\/tr>\n<tr style=\"height: 82px;\">\n<td style=\"width: 34.3176%; height: 59px;\"><span style=\"color: #000000;\"><b>Administratiu<\/b><\/span><\/td>\n<td style=\"width: 122.826%; height: 59px;\"><span style=\"color: #000000;\"><b>Edgar Valverde<\/b><\/span><\/td>\n<\/tr>\n<tr style=\"height: 86px;\">\n<td style=\"width: 34.3176%; height: 66px;\"><span style=\"color: #000000;\"><b>Conserge<\/b><\/span><\/td>\n<td style=\"width: 122.826%; height: 66px;\"><span style=\"color: #000000;\"><b>Arturo Dom\u00ednguez<\/b><\/span><\/td>\n<\/tr>\n<tr style=\"height: 68px;\">\n<td style=\"width: 34.3176%; height: 47px;\"><span style=\"color: #000000;\"><b>TEI<\/b><\/span><\/td>\n<td style=\"width: 122.826%; height: 47px;\"><span style=\"color: #000000;\"><b>?<\/b><\/span><\/td>\n<\/tr>\n<\/tbody>\n<\/table>\n<h3><\/h3>\n<table style=\"width: 41.566%;\">\n<tbody>\n<tr>\n<td style=\"width: 163.052%;\" colspan=\"2\"><span style=\"color: #000000;\"><b>MENJADOR<\/b><\/span><\/td>\n<\/tr>\n<tr>\n<td style=\"width: 34.4334%;\"><span style=\"color: #000000;\"><b>Coordinadora<\/b><\/span><\/td>\n<td style=\"width: 128.619%;\"><span style=\"color: #000000;\"><b>Clara Silv\u00e1n<\/b><\/span><\/td>\n<\/tr>\n<tr>\n<td style=\"width: 34.4334%;\"><span style=\"color: #000000;\"><b>Cuiner<\/b><\/span><\/td>\n<td style=\"width: 128.619%;\"><span style=\"color: #000000;\"><b>Pedro Rodr\u00edguez<\/b><\/span><\/td>\n<\/tr>\n<\/tbody>\n<\/table>\n<p>&nbsp;<\/p>\n<h1>AFA<\/h1>\n<p>Bon dia, fam\u00edlies! \ud83d\udc4b<\/p>\n<p>Esperem que h\u00e0giu gaudit molt de l\u2019estiu! \u2600\ufe0f Ara que tornem a engegar el curs, us volem recordar dos temes importants:<\/p>\n<p>1\ufe0f\u20e3 QUOTA AFA 2026\/27<\/p>\n<p>Ja podeu fer el pagament de la quota anual de l\u2019AFA (30 \u20ac per fam\u00edlia).<\/p>\n<p>Amb la vostra col\u00b7laboraci\u00f3 podem continuar fent possible, entre moltes altres coses:<\/p>\n<p>\u2705 Gesti\u00f3 del menjador i servei d\u2019acollida<br \/>\n\u2705 Organitzaci\u00f3 de les activitats extraescolars<br \/>\n\u2705 Gesti\u00f3 del Casal d\u2019Estiu amb la Fundaci\u00f3 Marianao<br \/>\n\u2705 Comissi\u00f3 de Diversitat i suport a la inclusi\u00f3 d\u2019alumnes amb NEE<br \/>\n\u2705 Suport a projectes educatius i millores de l\u2019escola<br \/>\n\u2705 Activitats culturals i l\u00fadiques: Carnaboi, festes, tallers&#8230;<br \/>\n\u2705 Tramitaci\u00f3 de subvencions i permisos<br \/>\n\u2705 Representaci\u00f3 de les fam\u00edlies davant dels \u00f2rgans directius<\/p>\n<p>\ud83d\udcb3 Com fer el pagament?<br \/>\nTransfer\u00e8ncia de 30 \u20ac al compte:<br \/>\nES02 0081 1636 8800 0104 8407<\/p>\n<p>\ud83d\udc49 Al concepte indiqueu nom, cognoms i curs de l\u2019alumne\/a (curs 2026\/27).<\/p>\n<p>IMPORTANT! Un cop feta, envieu el justificant a afa.escolavicenteferrer@gmail.com, indicant tamb\u00e9 el nom, cognoms i curs.<\/p>\n<p>2\ufe0f\u20e3 EXTRAESCOLARS \ud83e\udd38\u200d\u2640\ufe0f\ud83c\udfa8\ud83c\udfc0<\/p>\n<p>Tal com us vam avan\u00e7ar abans de les vacances, ja estan obertes les inscripcions a les activitats extraescolars del curs 2026\/27.<\/p>\n<p>Us tornem a compartir la proposta i el formulari d\u2019inscripci\u00f3.<\/p>\n<p>Enlla\u00e7 inscripcions: <a href=\"https:\/\/docs.google.com\/forms\/d\/e\/1FAIpQLSdhWAxsg3Ompkr5UQsPkDXw-YAk4Dk7cF51qicWqSHQ7VI2wA\/viewform\">https:\/\/forms.gle\/amAt9MTcKTKsZSA56<\/a><\/p>\n<p>IMPORTANT: us arribar\u00e0 un mail confirmatori al correu que poseu quan ompliu el formulari. Si us plau, reviseu que l&#8217;heu escrit b\u00e9 ja que sin\u00f3 no rebreu la confirmaci\u00f3.<\/p>\n<p>\u26a0\ufe0f Recordeu que, en general, cal un m\u00ednim de 8 infants per formar cada grup. Per aix\u00f2, us animem a fer les inscripcions amb la m\u00e0xima antelaci\u00f3 possible: ens ajudar\u00e0 a saber quins grups s\u00f3n viables i a facilitar l\u2019organitzaci\u00f3 de totes les fam\u00edlies.<\/p>\n<p>Gr\u00e0cies, com sempre, per la vostra participaci\u00f3 i col\u00b7laboraci\u00f3. \ud83d\udc9b<\/p>\n<p>Junts fem una escola millor!<\/p>\n<p>Junta Directiva<br \/>\nAFA Escola Vicente Ferrer<\/p>\n<p>Per una escola participativa, inclusiva i de qualitat.<\/p>\n<p><a href=\"https:\/\/agora.xtec.cat\/esc-vicenteferrer-sb\/wp-content\/uploads\/usu1090\/2026\/09\/Extraescolars-Vicente-Ferrer-26-27-1-2.pdf\">Extraescolars Vicente Ferrer 26-27 <\/a><\/p>\n","protected":false},"excerpt":{"rendered":"<p>VAGA DIA 8 Us informem que el dimarts, 8 de setembre, coincidint amb el primer dia del curs escolar, hi ha convocada una jornada de vaga del personal docent. A hores d&#8217;ara, no podem con\u00e8ixer quin ser\u00e0 el seguiment de la convocat\u00f2ria, per la qual cosa \u00e9s possible que un nombre important de mestres exerceixi [&hellip;]<\/p>\n","protected":false},"author":1,"featured_media":0,"comment_status":"open","ping_status":"open","sticky":false,"template":"","format":"standard","meta":{"_bbp_topic_count":0,"_bbp_reply_count":0,"_bbp_total_topic_count":0,"_bbp_total_reply_count":0,"_bbp_voice_count":0,"_bbp_anonymous_reply_count":0,"_bbp_topic_count_hidden":0,"_bbp_reply_count_hidden":0,"_bbp_forum_subforum_count":0,"site-sidebar-layout":"default","site-content-layout":"","ast-site-content-layout":"default","site-content-style":"default","site-sidebar-style":"default","ast-global-header-display":"","ast-banner-title-visibility":"","ast-main-header-display":"","ast-hfb-above-header-display":"","ast-hfb-below-header-display":"","ast-hfb-mobile-header-display":"","site-post-title":"","ast-breadcrumbs-content":"","ast-featured-img":"","footer-sml-layout":"","theme-transparent-header-meta":"default","adv-header-id-meta":"","stick-header-meta":"","header-above-stick-meta":"","header-main-stick-meta":"","header-below-stick-meta":"","astra-migrate-meta-layouts":"set","ast-page-background-enabled":"default","ast-page-background-meta":{"desktop":{"background-color":"var(--ast-global-color-4)","background-image":"","background-repeat":"repeat","background-position":"center center","background-size":"auto","background-attachment":"scroll","background-type":"","background-media":"","overlay-type":"","overlay-color":"","overlay-opacity":"","overlay-gradient":""},"tablet":{"background-color":"","background-image":"","background-repeat":"repeat","background-position":"center center","background-size":"auto","background-attachment":"scroll","background-type":"","background-media":"","overlay-type":"","overlay-color":"","overlay-opacity":"","overlay-gradient":""},"mobile":{"background-color":"","background-image":"","background-repeat":"repeat","background-position":"center center","background-size":"auto","background-attachment":"scroll","background-type":"","background-media":"","overlay-type":"","overlay-color":"","overlay-opacity":"","overlay-gradient":""}},"ast-content-background-meta":{"desktop":{"background-color":"var(--ast-global-color-5)","background-image":"","background-repeat":"repeat","background-position":"center center","background-size":"auto","background-attachment":"scroll","background-type":"","background-media":"","overlay-type":"","overlay-color":"","overlay-opacity":"","overlay-gradient":""},"tablet":{"background-color":"var(--ast-global-color-5)","background-image":"","background-repeat":"repeat","background-position":"center center","background-size":"auto","background-attachment":"scroll","background-type":"","background-media":"","overlay-type":"","overlay-color":"","overlay-opacity":"","overlay-gradient":""},"mobile":{"background-color":"var(--ast-global-color-5)","background-image":"","background-repeat":"repeat","background-position":"center center","background-size":"auto","background-attachment":"scroll","background-type":"","background-media":"","overlay-type":"","overlay-color":"","overlay-opacity":"","overlay-gradient":""}},"footnotes":""},"categories":[1,60],"tags":[],"class_list":["post-5147","post","type-post","status-publish","format-standard","hentry","category-general","category-newsletter"],"post_mailing_queue_ids":[],"_links":{"self":[{"href":"https:\/\/agora.xtec.cat\/esc-vicenteferrer-sb\/wp-json\/wp\/v2\/posts\/5147","targetHints":{"allow":["GET"]}}],"collection":[{"href":"https:\/\/agora.xtec.cat\/esc-vicenteferrer-sb\/wp-json\/wp\/v2\/posts"}],"about":[{"href":"https:\/\/agora.xtec.cat\/esc-vicenteferrer-sb\/wp-json\/wp\/v2\/types\/post"}],"author":[{"embeddable":true,"href":"https:\/\/agora.xtec.cat\/esc-vicenteferrer-sb\/wp-json\/wp\/v2\/users\/1"}],"replies":[{"embeddable":true,"href":"https:\/\/agora.xtec.cat\/esc-vicenteferrer-sb\/wp-json\/wp\/v2\/comments?post=5147"}],"version-history":[{"count":6,"href":"https:\/\/agora.xtec.cat\/esc-vicenteferrer-sb\/wp-json\/wp\/v2\/posts\/5147\/revisions"}],"predecessor-version":[{"id":5157,"href":"https:\/\/agora.xtec.cat\/esc-vicenteferrer-sb\/wp-json\/wp\/v2\/posts\/5147\/revisions\/5157"}],"wp:attachment":[{"href":"https:\/\/agora.xtec.cat\/esc-vicenteferrer-sb\/wp-json\/wp\/v2\/media?parent=5147"}],"wp:term":[{"taxonomy":"category","embeddable":true,"href":"https:\/\/agora.xtec.cat\/esc-vicenteferrer-sb\/wp-json\/wp\/v2\/categories?post=5147"},{"taxonomy":"post_tag","embeddable":true,"href":"https:\/\/agora.xtec.cat\/esc-vicenteferrer-sb\/wp-json\/wp\/v2\/tags?post=5147"}],"curies":[{"name":"wp","href":"https:\/\/api.w.org\/{rel}","templated":true}]}}