{"id":6351,"date":"2026-01-30T11:59:50","date_gmt":"2026-01-30T10:59:50","guid":{"rendered":"https:\/\/agora.xtec.cat\/esc-unamuno\/?p=6351"},"modified":"2026-02-01T19:45:41","modified_gmt":"2026-02-01T18:45:41","slug":"dia-de-la-pau-i-no-violencia-escolar","status":"publish","type":"post","link":"https:\/\/agora.xtec.cat\/esc-unamuno\/general\/dia-de-la-pau-i-no-violencia-escolar\/","title":{"rendered":"DIA DE LA PAU I NO VIOL\u00c8NCIA ESCOLAR"},"content":{"rendered":"<p>Avui hem commemorat<span style=\"font-weight: 400;\">\u00a0el <strong>dia de la Pau i la no viol\u00e8ncia escolar<\/strong>. Hem iniciat el preg\u00f3 fent el s\u00edmbol de la pau. Els infants de sis\u00e8 han creat un manifest sobre la no viol\u00e8ncia escolar i\u00a0 s&#8217;ha realitzat\u00a0 una cadena d&#8217;acords per la pau, fruit de la reflexi\u00f3 que s&#8217;ha realitzat a l&#8217;aula.\u00a0<\/span><\/p>\n<p><a href=\"https:\/\/photos.app.goo.gl\/tSo5osohjvhPHhPy8\"><img loading=\"lazy\" decoding=\"async\" class=\"wp-image-6352 aligncenter\" src=\"https:\/\/agora.xtec.cat\/esc-unamuno\/wp-content\/uploads\/usu2206\/2026\/01\/a3e6e1e5-bb43-412d-8e3a-6b65598f4a0a-1024x891.jpg\" alt=\"\" width=\"460\" height=\"400\" srcset=\"https:\/\/agora.xtec.cat\/esc-unamuno\/wp-content\/uploads\/usu2206\/2026\/01\/a3e6e1e5-bb43-412d-8e3a-6b65598f4a0a-1024x891.jpg 1024w, https:\/\/agora.xtec.cat\/esc-unamuno\/wp-content\/uploads\/usu2206\/2026\/01\/a3e6e1e5-bb43-412d-8e3a-6b65598f4a0a-300x261.jpg 300w, https:\/\/agora.xtec.cat\/esc-unamuno\/wp-content\/uploads\/usu2206\/2026\/01\/a3e6e1e5-bb43-412d-8e3a-6b65598f4a0a-768x668.jpg 768w, https:\/\/agora.xtec.cat\/esc-unamuno\/wp-content\/uploads\/usu2206\/2026\/01\/a3e6e1e5-bb43-412d-8e3a-6b65598f4a0a-1536x1336.jpg 1536w, https:\/\/agora.xtec.cat\/esc-unamuno\/wp-content\/uploads\/usu2206\/2026\/01\/a3e6e1e5-bb43-412d-8e3a-6b65598f4a0a.jpg 1600w\" sizes=\"auto, (max-width: 460px) 100vw, 460px\" \/><\/a><\/p>\n<p>&nbsp;<\/p>\n<p>&nbsp;<\/p>\n","protected":false},"excerpt":{"rendered":"<p>Avui hem commemorat\u00a0el dia de la Pau i la no viol\u00e8ncia escolar. Hem iniciat el preg\u00f3 fent el s\u00edmbol de la pau. Els infants de sis\u00e8 han creat un manifest sobre la no viol\u00e8ncia escolar i\u00a0 s&#8217;ha realitzat\u00a0 una cadena d&#8217;acords per la pau, fruit de la reflexi\u00f3 que s&#8217;ha realitzat a l&#8217;aula.\u00a0 &nbsp; &nbsp;<\/p>\n","protected":false},"author":72,"featured_media":6352,"comment_status":"open","ping_status":"open","sticky":false,"template":"","format":"standard","meta":{"_bbp_topic_count":0,"_bbp_reply_count":0,"_bbp_total_topic_count":0,"_bbp_total_reply_count":0,"_bbp_voice_count":0,"_bbp_anonymous_reply_count":0,"_bbp_topic_count_hidden":0,"_bbp_reply_count_hidden":0,"_bbp_forum_subforum_count":0,"site-sidebar-layout":"default","site-content-layout":"","ast-site-content-layout":"default","site-content-style":"default","site-sidebar-style":"default","ast-global-header-display":"","ast-banner-title-visibility":"","ast-main-header-display":"","ast-hfb-above-header-display":"","ast-hfb-below-header-display":"","ast-hfb-mobile-header-display":"","site-post-title":"","ast-breadcrumbs-content":"","ast-featured-img":"","footer-sml-layout":"","theme-transparent-header-meta":"default","adv-header-id-meta":"","stick-header-meta":"","header-above-stick-meta":"","header-main-stick-meta":"","header-below-stick-meta":"","astra-migrate-meta-layouts":"set","ast-page-background-enabled":"default","ast-page-background-meta":{"desktop":{"background-color":"var(--ast-global-color-4)","background-image":"","background-repeat":"repeat","background-position":"center center","background-size":"auto","background-attachment":"scroll","background-type":"","background-media":"","overlay-type":"","overlay-color":"","overlay-opacity":"","overlay-gradient":""},"tablet":{"background-color":"","background-image":"","background-repeat":"repeat","background-position":"center center","background-size":"auto","background-attachment":"scroll","background-type":"","background-media":"","overlay-type":"","overlay-color":"","overlay-opacity":"","overlay-gradient":""},"mobile":{"background-color":"","background-image":"","background-repeat":"repeat","background-position":"center center","background-size":"auto","background-attachment":"scroll","background-type":"","background-media":"","overlay-type":"","overlay-color":"","overlay-opacity":"","overlay-gradient":""}},"ast-content-background-meta":{"desktop":{"background-color":"var(--ast-global-color-5)","background-image":"","background-repeat":"repeat","background-position":"center center","background-size":"auto","background-attachment":"scroll","background-type":"","background-media":"","overlay-type":"","overlay-color":"","overlay-opacity":"","overlay-gradient":""},"tablet":{"background-color":"var(--ast-global-color-5)","background-image":"","background-repeat":"repeat","background-position":"center center","background-size":"auto","background-attachment":"scroll","background-type":"","background-media":"","overlay-type":"","overlay-color":"","overlay-opacity":"","overlay-gradient":""},"mobile":{"background-color":"var(--ast-global-color-5)","background-image":"","background-repeat":"repeat","background-position":"center center","background-size":"auto","background-attachment":"scroll","background-type":"","background-media":"","overlay-type":"","overlay-color":"","overlay-opacity":"","overlay-gradient":""}},"footnotes":""},"categories":[1,2,5],"tags":[],"class_list":["post-6351","post","type-post","status-publish","format-standard","has-post-thumbnail","hentry","category-general","category-infantil","category-primaria"],"post_mailing_queue_ids":[],"_links":{"self":[{"href":"https:\/\/agora.xtec.cat\/esc-unamuno\/wp-json\/wp\/v2\/posts\/6351","targetHints":{"allow":["GET"]}}],"collection":[{"href":"https:\/\/agora.xtec.cat\/esc-unamuno\/wp-json\/wp\/v2\/posts"}],"about":[{"href":"https:\/\/agora.xtec.cat\/esc-unamuno\/wp-json\/wp\/v2\/types\/post"}],"author":[{"embeddable":true,"href":"https:\/\/agora.xtec.cat\/esc-unamuno\/wp-json\/wp\/v2\/users\/72"}],"replies":[{"embeddable":true,"href":"https:\/\/agora.xtec.cat\/esc-unamuno\/wp-json\/wp\/v2\/comments?post=6351"}],"version-history":[{"count":5,"href":"https:\/\/agora.xtec.cat\/esc-unamuno\/wp-json\/wp\/v2\/posts\/6351\/revisions"}],"predecessor-version":[{"id":6357,"href":"https:\/\/agora.xtec.cat\/esc-unamuno\/wp-json\/wp\/v2\/posts\/6351\/revisions\/6357"}],"wp:featuredmedia":[{"embeddable":true,"href":"https:\/\/agora.xtec.cat\/esc-unamuno\/wp-json\/wp\/v2\/media\/6352"}],"wp:attachment":[{"href":"https:\/\/agora.xtec.cat\/esc-unamuno\/wp-json\/wp\/v2\/media?parent=6351"}],"wp:term":[{"taxonomy":"category","embeddable":true,"href":"https:\/\/agora.xtec.cat\/esc-unamuno\/wp-json\/wp\/v2\/categories?post=6351"},{"taxonomy":"post_tag","embeddable":true,"href":"https:\/\/agora.xtec.cat\/esc-unamuno\/wp-json\/wp\/v2\/tags?post=6351"}],"curies":[{"name":"wp","href":"https:\/\/api.w.org\/{rel}","templated":true}]}}