{"id":609,"date":"2020-12-18T19:27:00","date_gmt":"2020-12-18T18:27:00","guid":{"rendered":"http:\/\/blocs.xtec.cat\/escolamigueldeunamunociclemitja\/?p=609"},"modified":"2022-01-26T20:33:48","modified_gmt":"2022-01-26T19:33:48","slug":"poema-de-nadal-cicle-mitja","status":"publish","type":"post","link":"https:\/\/agora.xtec.cat\/esc-unamuno\/primaria\/3r\/poema-de-nadal-cicle-mitja\/","title":{"rendered":"Poema de Nadal Cicle Mitj\u00e0"},"content":{"rendered":"<p>Aquest curs no hem pogut fer el nostre concert de nadales. Per\u00f2 tots els cursos de cicle mitj\u00e0 hem preparat un poema.<\/p>\n<p>Voleu veure com han\u00a0 quedat? Donc feu clik a sobre de cada t\u00edtol i gaudiu. Estem fets tots uns poetes i poetesses\u00a0 \ud83d\ude1b\u00a0 \ud83d\ude1b\u00a0 \ud83d\ude00\u00a0<a href=\"http:\/\/blocs.xtec.cat\/escolamigueldeunamunociclemitja\/files\/2018\/02\/principito.jpg\"><img loading=\"lazy\" decoding=\"async\" class=\"size-full wp-image-213 aligncenter\" src=\"http:\/\/blocs.xtec.cat\/escolamigueldeunamunociclemitja\/files\/2018\/02\/principito.jpg\" alt=\"\" width=\"600\" height=\"255\" \/><\/a><\/p>\n<p><a href=\"https:\/\/drive.google.com\/file\/d\/19YIvoJBa1tbQp01027AvEuw-aQ4MFgm3\/view?usp=sharing\">NADAL M\u00c0GIC<\/a><\/p>\n<p><a href=\"https:\/\/drive.google.com\/file\/d\/1oP8wH-TVeZKx6jMbiq3KEn9vVaDJe5do\/view?usp=sharing\">NIT DE NADAL<\/a><\/p>\n<p><a href=\"https:\/\/drive.google.com\/file\/d\/1K_2_JeSEeqhQ7iXFGYrx1FD-2qDajJ36\/view?usp=sharing\">UN REGAL ESPECIAL<\/a><\/p>\n<p><a href=\"https:\/\/drive.google.com\/file\/d\/1SaG2aVwdtjry69a_44JAWsBi3WgWH06m\/view?usp=sharing\">POEMA DE NADAL<\/a><\/p>\n<p>&nbsp;<\/p>\n<p>Els mestres i les mestres de Cicle Mitj\u00e0 us destigem unes bones festes i ens veiem el dilluns 11 de gener !!!!!<\/p>\n<p>&nbsp;<\/p>\n","protected":false},"excerpt":{"rendered":"<p>Aquest curs no hem pogut fer el nostre concert de nadales. Per\u00f2 tots els cursos de cicle mitj\u00e0 hem preparat un poema. Voleu veure com han\u00a0 quedat? Donc feu clik a sobre de cada t\u00edtol i gaudiu. Estem fets tots uns poetes i poetesses\u00a0 \ud83d\ude1b\u00a0 \ud83d\ude1b\u00a0 \ud83d\ude00\u00a0 NADAL M\u00c0GIC NIT DE NADAL UN REGAL ESPECIAL [&hellip;]<\/p>\n","protected":false},"author":1,"featured_media":0,"comment_status":"open","ping_status":"open","sticky":false,"template":"","format":"standard","meta":{"_bbp_topic_count":0,"_bbp_reply_count":0,"_bbp_total_topic_count":0,"_bbp_total_reply_count":0,"_bbp_voice_count":0,"_bbp_anonymous_reply_count":0,"_bbp_topic_count_hidden":0,"_bbp_reply_count_hidden":0,"_bbp_forum_subforum_count":0,"site-sidebar-layout":"default","site-content-layout":"","ast-site-content-layout":"","site-content-style":"default","site-sidebar-style":"default","ast-global-header-display":"","ast-banner-title-visibility":"","ast-main-header-display":"","ast-hfb-above-header-display":"","ast-hfb-below-header-display":"","ast-hfb-mobile-header-display":"","site-post-title":"","ast-breadcrumbs-content":"","ast-featured-img":"","footer-sml-layout":"","theme-transparent-header-meta":"","adv-header-id-meta":"","stick-header-meta":"","header-above-stick-meta":"","header-main-stick-meta":"","header-below-stick-meta":"","astra-migrate-meta-layouts":"default","ast-page-background-enabled":"default","ast-page-background-meta":{"desktop":{"background-color":"var(--ast-global-color-4)","background-image":"","background-repeat":"repeat","background-position":"center center","background-size":"auto","background-attachment":"scroll","background-type":"","background-media":"","overlay-type":"","overlay-color":"","overlay-opacity":"","overlay-gradient":""},"tablet":{"background-color":"","background-image":"","background-repeat":"repeat","background-position":"center center","background-size":"auto","background-attachment":"scroll","background-type":"","background-media":"","overlay-type":"","overlay-color":"","overlay-opacity":"","overlay-gradient":""},"mobile":{"background-color":"","background-image":"","background-repeat":"repeat","background-position":"center center","background-size":"auto","background-attachment":"scroll","background-type":"","background-media":"","overlay-type":"","overlay-color":"","overlay-opacity":"","overlay-gradient":""}},"ast-content-background-meta":{"desktop":{"background-color":"var(--ast-global-color-5)","background-image":"","background-repeat":"repeat","background-position":"center center","background-size":"auto","background-attachment":"scroll","background-type":"","background-media":"","overlay-type":"","overlay-color":"","overlay-opacity":"","overlay-gradient":""},"tablet":{"background-color":"var(--ast-global-color-5)","background-image":"","background-repeat":"repeat","background-position":"center center","background-size":"auto","background-attachment":"scroll","background-type":"","background-media":"","overlay-type":"","overlay-color":"","overlay-opacity":"","overlay-gradient":""},"mobile":{"background-color":"var(--ast-global-color-5)","background-image":"","background-repeat":"repeat","background-position":"center center","background-size":"auto","background-attachment":"scroll","background-type":"","background-media":"","overlay-type":"","overlay-color":"","overlay-opacity":"","overlay-gradient":""}},"footnotes":""},"categories":[12,123],"tags":[],"class_list":["post-609","post","type-post","status-publish","format-standard","hentry","category-3r","category-4rt"],"post_mailing_queue_ids":[],"_links":{"self":[{"href":"https:\/\/agora.xtec.cat\/esc-unamuno\/wp-json\/wp\/v2\/posts\/609","targetHints":{"allow":["GET"]}}],"collection":[{"href":"https:\/\/agora.xtec.cat\/esc-unamuno\/wp-json\/wp\/v2\/posts"}],"about":[{"href":"https:\/\/agora.xtec.cat\/esc-unamuno\/wp-json\/wp\/v2\/types\/post"}],"author":[{"embeddable":true,"href":"https:\/\/agora.xtec.cat\/esc-unamuno\/wp-json\/wp\/v2\/users\/1"}],"replies":[{"embeddable":true,"href":"https:\/\/agora.xtec.cat\/esc-unamuno\/wp-json\/wp\/v2\/comments?post=609"}],"version-history":[{"count":1,"href":"https:\/\/agora.xtec.cat\/esc-unamuno\/wp-json\/wp\/v2\/posts\/609\/revisions"}],"predecessor-version":[{"id":2013,"href":"https:\/\/agora.xtec.cat\/esc-unamuno\/wp-json\/wp\/v2\/posts\/609\/revisions\/2013"}],"wp:attachment":[{"href":"https:\/\/agora.xtec.cat\/esc-unamuno\/wp-json\/wp\/v2\/media?parent=609"}],"wp:term":[{"taxonomy":"category","embeddable":true,"href":"https:\/\/agora.xtec.cat\/esc-unamuno\/wp-json\/wp\/v2\/categories?post=609"},{"taxonomy":"post_tag","embeddable":true,"href":"https:\/\/agora.xtec.cat\/esc-unamuno\/wp-json\/wp\/v2\/tags?post=609"}],"curies":[{"name":"wp","href":"https:\/\/api.w.org\/{rel}","templated":true}]}}