{"id":5503,"date":"2025-01-31T13:10:40","date_gmt":"2025-01-31T12:10:40","guid":{"rendered":"https:\/\/agora.xtec.cat\/esc-unamuno\/?p=5503"},"modified":"2025-02-13T12:18:41","modified_gmt":"2025-02-13T11:18:41","slug":"ci-dia-de-la-pau","status":"publish","type":"post","link":"https:\/\/agora.xtec.cat\/esc-unamuno\/general\/ci-dia-de-la-pau\/","title":{"rendered":"CI &#8211; Dia de la PAU"},"content":{"rendered":"<p style=\"font-weight: 400;\"><span style=\"font-family: arial, helvetica, sans-serif;\">El <strong>Dia de la Pau<\/strong> va ser\u00a0una jornada molt especial a la nostra escola. Vam veure diferents v\u00eddeos i vam fer activitats per reflexionar sobre la import\u00e0ncia de la pau al m\u00f3n i en el nostre dia a dia.<\/span><\/p>\n<p style=\"font-weight: 400;\"><span style=\"font-family: arial, helvetica, sans-serif;\">Durant la sessi\u00f3 d\u2019<strong>ambients<\/strong>, vam obrir les portes a diverses activitats creatives i participatives. Al taller de costura, vam crear el s\u00edmbol de la pau i cors amb Hama Beads. En l\u2019ambient cient\u00edfic, vam elaborar m\u00e0scares que ens donaven el &#8220;poder de la pau&#8221;. L\u2019espai art\u00edstic es va omplir de colors amb un mural col\u00b7laboratiu fet entre tots i totes. Finalment, a l\u2019ambient de moviment, vam expressar la pau a trav\u00e9s de diferents danses.<\/span><\/p>\n<p style=\"font-weight: 400;\"><span style=\"font-family: arial, helvetica, sans-serif;\">Va ser un dia ple d\u2019aprenentatges, creativitat i, sobretot, molta harmonia.<\/span><\/p>\n<p><a href=\"https:\/\/photos.app.goo.gl\/Ba91e482C8Ckkrxg7\"><img loading=\"lazy\" decoding=\"async\" class=\" wp-image-5504 alignleft\" src=\"https:\/\/agora.xtec.cat\/esc-unamuno\/wp-content\/uploads\/usu2206\/2025\/01\/20250130_160551-507x1024.jpg\" alt=\"\" width=\"208\" height=\"420\" srcset=\"https:\/\/agora.xtec.cat\/esc-unamuno\/wp-content\/uploads\/usu2206\/2025\/01\/20250130_160551-507x1024.jpg 507w, https:\/\/agora.xtec.cat\/esc-unamuno\/wp-content\/uploads\/usu2206\/2025\/01\/20250130_160551-149x300.jpg 149w, https:\/\/agora.xtec.cat\/esc-unamuno\/wp-content\/uploads\/usu2206\/2025\/01\/20250130_160551-768x1550.jpg 768w, https:\/\/agora.xtec.cat\/esc-unamuno\/wp-content\/uploads\/usu2206\/2025\/01\/20250130_160551-761x1536.jpg 761w, https:\/\/agora.xtec.cat\/esc-unamuno\/wp-content\/uploads\/usu2206\/2025\/01\/20250130_160551-1015x2048.jpg 1015w, https:\/\/agora.xtec.cat\/esc-unamuno\/wp-content\/uploads\/usu2206\/2025\/01\/20250130_160551-scaled.jpg 1268w\" sizes=\"auto, (max-width: 208px) 100vw, 208px\" \/><\/a><\/p>\n","protected":false},"excerpt":{"rendered":"<p>El Dia de la Pau va ser\u00a0una jornada molt especial a la nostra escola. Vam veure diferents v\u00eddeos i vam fer activitats per reflexionar sobre la import\u00e0ncia de la pau al m\u00f3n i en el nostre dia a dia. Durant la sessi\u00f3 d\u2019ambients, vam obrir les portes a diverses activitats creatives i participatives. Al taller [&hellip;]<\/p>\n","protected":false},"author":92,"featured_media":0,"comment_status":"closed","ping_status":"closed","sticky":false,"template":"","format":"standard","meta":{"_bbp_topic_count":0,"_bbp_reply_count":0,"_bbp_total_topic_count":0,"_bbp_total_reply_count":0,"_bbp_voice_count":0,"_bbp_anonymous_reply_count":0,"_bbp_topic_count_hidden":0,"_bbp_reply_count_hidden":0,"_bbp_forum_subforum_count":0,"site-sidebar-layout":"default","site-content-layout":"","ast-site-content-layout":"","site-content-style":"default","site-sidebar-style":"default","ast-global-header-display":"","ast-banner-title-visibility":"","ast-main-header-display":"","ast-hfb-above-header-display":"","ast-hfb-below-header-display":"","ast-hfb-mobile-header-display":"","site-post-title":"","ast-breadcrumbs-content":"","ast-featured-img":"","footer-sml-layout":"","theme-transparent-header-meta":"","adv-header-id-meta":"","stick-header-meta":"","header-above-stick-meta":"","header-main-stick-meta":"","header-below-stick-meta":"","astra-migrate-meta-layouts":"default","ast-page-background-enabled":"default","ast-page-background-meta":{"desktop":{"background-color":"var(--ast-global-color-4)","background-image":"","background-repeat":"repeat","background-position":"center center","background-size":"auto","background-attachment":"scroll","background-type":"","background-media":"","overlay-type":"","overlay-color":"","overlay-opacity":"","overlay-gradient":""},"tablet":{"background-color":"","background-image":"","background-repeat":"repeat","background-position":"center center","background-size":"auto","background-attachment":"scroll","background-type":"","background-media":"","overlay-type":"","overlay-color":"","overlay-opacity":"","overlay-gradient":""},"mobile":{"background-color":"","background-image":"","background-repeat":"repeat","background-position":"center center","background-size":"auto","background-attachment":"scroll","background-type":"","background-media":"","overlay-type":"","overlay-color":"","overlay-opacity":"","overlay-gradient":""}},"ast-content-background-meta":{"desktop":{"background-color":"var(--ast-global-color-5)","background-image":"","background-repeat":"repeat","background-position":"center center","background-size":"auto","background-attachment":"scroll","background-type":"","background-media":"","overlay-type":"","overlay-color":"","overlay-opacity":"","overlay-gradient":""},"tablet":{"background-color":"var(--ast-global-color-5)","background-image":"","background-repeat":"repeat","background-position":"center center","background-size":"auto","background-attachment":"scroll","background-type":"","background-media":"","overlay-type":"","overlay-color":"","overlay-opacity":"","overlay-gradient":""},"mobile":{"background-color":"var(--ast-global-color-5)","background-image":"","background-repeat":"repeat","background-position":"center center","background-size":"auto","background-attachment":"scroll","background-type":"","background-media":"","overlay-type":"","overlay-color":"","overlay-opacity":"","overlay-gradient":""}},"footnotes":""},"categories":[10,11,1,5],"tags":[],"class_list":["post-5503","post","type-post","status-publish","format-standard","hentry","category-1r","category-2n","category-general","category-primaria"],"post_mailing_queue_ids":[],"_links":{"self":[{"href":"https:\/\/agora.xtec.cat\/esc-unamuno\/wp-json\/wp\/v2\/posts\/5503","targetHints":{"allow":["GET"]}}],"collection":[{"href":"https:\/\/agora.xtec.cat\/esc-unamuno\/wp-json\/wp\/v2\/posts"}],"about":[{"href":"https:\/\/agora.xtec.cat\/esc-unamuno\/wp-json\/wp\/v2\/types\/post"}],"author":[{"embeddable":true,"href":"https:\/\/agora.xtec.cat\/esc-unamuno\/wp-json\/wp\/v2\/users\/92"}],"replies":[{"embeddable":true,"href":"https:\/\/agora.xtec.cat\/esc-unamuno\/wp-json\/wp\/v2\/comments?post=5503"}],"version-history":[{"count":3,"href":"https:\/\/agora.xtec.cat\/esc-unamuno\/wp-json\/wp\/v2\/posts\/5503\/revisions"}],"predecessor-version":[{"id":5542,"href":"https:\/\/agora.xtec.cat\/esc-unamuno\/wp-json\/wp\/v2\/posts\/5503\/revisions\/5542"}],"wp:attachment":[{"href":"https:\/\/agora.xtec.cat\/esc-unamuno\/wp-json\/wp\/v2\/media?parent=5503"}],"wp:term":[{"taxonomy":"category","embeddable":true,"href":"https:\/\/agora.xtec.cat\/esc-unamuno\/wp-json\/wp\/v2\/categories?post=5503"},{"taxonomy":"post_tag","embeddable":true,"href":"https:\/\/agora.xtec.cat\/esc-unamuno\/wp-json\/wp\/v2\/tags?post=5503"}],"curies":[{"name":"wp","href":"https:\/\/api.w.org\/{rel}","templated":true}]}}