{"id":5203,"date":"2024-06-19T09:45:46","date_gmt":"2024-06-19T07:45:46","guid":{"rendered":"https:\/\/agora.xtec.cat\/esc-unamuno\/?p=5203"},"modified":"2024-06-19T09:57:45","modified_gmt":"2024-06-19T07:57:45","slug":"congres-de-ciencies-5-de-juny-cicle-mitja","status":"publish","type":"post","link":"https:\/\/agora.xtec.cat\/esc-unamuno\/general\/congres-de-ciencies-5-de-juny-cicle-mitja\/","title":{"rendered":"CONGR\u00c9S DE CI\u00c8NCIES ( 5 de Juny) Cicle Mitj\u00e0"},"content":{"rendered":"<p>Bon dia fam\u00edlies, el passat dimecres 5 de juny, els alumnes de Cicle mitj\u00e0 (3r i <span class=\"hiddenGrammarError\">4rt<\/span>) van participar\u00a0en el\u00a0CONGR\u00c9S DE CI\u00c8NCIES de la ciutat de Santa Coloma.<\/p>\n<p>Va ser una gran experi\u00e8ncia per tots!<\/p>\n<p>Us adjuntem un\u00a0enlla\u00e7\u00a0on podreu veure\u00a0els v\u00eddeos\u00a0i, per\u00a0altra banda, si feu\u00a0clic\u00a0a la foto\u00a0<span class=\"hiddenGreenError\" style=\"padding-bottom: 2px;background-image: url('..\/..\/..\/..\/..\/images\/squiggle_green.png');background-repeat: repeat-x;background-position: left bottom;cursor: default;color: #000000;font-family: 'Open Sans', Helvetica, Arial, sans-serif;font-size: 16px;font-style: normal;font-weight: 300;letter-spacing: normal;text-align: start;text-indent: 0px;text-transform: none\">podreu<\/span>\u00a0veure un recull de fotografies d&#8217;aquell dia.<\/p>\n<p>Esperem que us agradi.<\/p>\n<p>CM<\/p>\n<p>https:\/\/sites.google.com\/a\/xtec.cat\/congres-de-ciencia-santa-coloma-gramenet\/pon%C3%A8ncies-2024<\/p>\n<p><a href=\"https:\/\/photos.app.goo.gl\/zT2V3CJjZaSJHhs46\"><img decoding=\"async\" src=\"https:\/\/ci3.googleusercontent.com\/meips\/ADKq_NbuGuKYzPrgH4lXkXDCc9UaJcIJUB9FIOJ--JNKzYDFoMH4sdMK4WIMNkbTVWShoTWFiBB73lcOEtstr9wqdWMMvgkBFoCOJf4UUKsjfGsDA41XCf-erH2MUgqaFLkO18Mh9zsOZxjlM6G7Xl5jYQ=s0-d-e1-ft#http:\/\/serveiseducatius.xtec.cat\/santacolomag\/wp-content\/uploads\/usu1183\/2014\/09\/brot.jpg\" \/><\/a><\/p>\n","protected":false},"excerpt":{"rendered":"<p>Bon dia fam\u00edlies, el passat dimecres 5 de juny, els alumnes de Cicle mitj\u00e0 (3r i 4rt) van participar\u00a0en el\u00a0CONGR\u00c9S DE CI\u00c8NCIES de la ciutat de Santa Coloma. Va ser una gran experi\u00e8ncia per tots! Us adjuntem un\u00a0enlla\u00e7\u00a0on podreu veure\u00a0els v\u00eddeos\u00a0i, per\u00a0altra banda, si feu\u00a0clic\u00a0a la foto\u00a0podreu\u00a0veure un recull de fotografies d&#8217;aquell dia. Esperem que [&hellip;]<\/p>\n","protected":false},"author":67,"featured_media":0,"comment_status":"open","ping_status":"closed","sticky":false,"template":"","format":"standard","meta":{"_bbp_topic_count":0,"_bbp_reply_count":0,"_bbp_total_topic_count":0,"_bbp_total_reply_count":0,"_bbp_voice_count":0,"_bbp_anonymous_reply_count":0,"_bbp_topic_count_hidden":0,"_bbp_reply_count_hidden":0,"_bbp_forum_subforum_count":0,"site-sidebar-layout":"default","site-content-layout":"","ast-site-content-layout":"","site-content-style":"default","site-sidebar-style":"default","ast-global-header-display":"","ast-banner-title-visibility":"","ast-main-header-display":"","ast-hfb-above-header-display":"","ast-hfb-below-header-display":"","ast-hfb-mobile-header-display":"","site-post-title":"","ast-breadcrumbs-content":"","ast-featured-img":"","footer-sml-layout":"","theme-transparent-header-meta":"","adv-header-id-meta":"","stick-header-meta":"","header-above-stick-meta":"","header-main-stick-meta":"","header-below-stick-meta":"","astra-migrate-meta-layouts":"default","ast-page-background-enabled":"default","ast-page-background-meta":{"desktop":{"background-color":"var(--ast-global-color-4)","background-image":"","background-repeat":"repeat","background-position":"center center","background-size":"auto","background-attachment":"scroll","background-type":"","background-media":"","overlay-type":"","overlay-color":"","overlay-opacity":"","overlay-gradient":""},"tablet":{"background-color":"","background-image":"","background-repeat":"repeat","background-position":"center center","background-size":"auto","background-attachment":"scroll","background-type":"","background-media":"","overlay-type":"","overlay-color":"","overlay-opacity":"","overlay-gradient":""},"mobile":{"background-color":"","background-image":"","background-repeat":"repeat","background-position":"center center","background-size":"auto","background-attachment":"scroll","background-type":"","background-media":"","overlay-type":"","overlay-color":"","overlay-opacity":"","overlay-gradient":""}},"ast-content-background-meta":{"desktop":{"background-color":"var(--ast-global-color-5)","background-image":"","background-repeat":"repeat","background-position":"center center","background-size":"auto","background-attachment":"scroll","background-type":"","background-media":"","overlay-type":"","overlay-color":"","overlay-opacity":"","overlay-gradient":""},"tablet":{"background-color":"var(--ast-global-color-5)","background-image":"","background-repeat":"repeat","background-position":"center center","background-size":"auto","background-attachment":"scroll","background-type":"","background-media":"","overlay-type":"","overlay-color":"","overlay-opacity":"","overlay-gradient":""},"mobile":{"background-color":"var(--ast-global-color-5)","background-image":"","background-repeat":"repeat","background-position":"center center","background-size":"auto","background-attachment":"scroll","background-type":"","background-media":"","overlay-type":"","overlay-color":"","overlay-opacity":"","overlay-gradient":""}},"footnotes":""},"categories":[12,123,1],"tags":[],"class_list":["post-5203","post","type-post","status-publish","format-standard","hentry","category-3r","category-4rt","category-general"],"post_mailing_queue_ids":[],"_links":{"self":[{"href":"https:\/\/agora.xtec.cat\/esc-unamuno\/wp-json\/wp\/v2\/posts\/5203","targetHints":{"allow":["GET"]}}],"collection":[{"href":"https:\/\/agora.xtec.cat\/esc-unamuno\/wp-json\/wp\/v2\/posts"}],"about":[{"href":"https:\/\/agora.xtec.cat\/esc-unamuno\/wp-json\/wp\/v2\/types\/post"}],"author":[{"embeddable":true,"href":"https:\/\/agora.xtec.cat\/esc-unamuno\/wp-json\/wp\/v2\/users\/67"}],"replies":[{"embeddable":true,"href":"https:\/\/agora.xtec.cat\/esc-unamuno\/wp-json\/wp\/v2\/comments?post=5203"}],"version-history":[{"count":4,"href":"https:\/\/agora.xtec.cat\/esc-unamuno\/wp-json\/wp\/v2\/posts\/5203\/revisions"}],"predecessor-version":[{"id":5207,"href":"https:\/\/agora.xtec.cat\/esc-unamuno\/wp-json\/wp\/v2\/posts\/5203\/revisions\/5207"}],"wp:attachment":[{"href":"https:\/\/agora.xtec.cat\/esc-unamuno\/wp-json\/wp\/v2\/media?parent=5203"}],"wp:term":[{"taxonomy":"category","embeddable":true,"href":"https:\/\/agora.xtec.cat\/esc-unamuno\/wp-json\/wp\/v2\/categories?post=5203"},{"taxonomy":"post_tag","embeddable":true,"href":"https:\/\/agora.xtec.cat\/esc-unamuno\/wp-json\/wp\/v2\/tags?post=5203"}],"curies":[{"name":"wp","href":"https:\/\/api.w.org\/{rel}","templated":true}]}}