{"id":5068,"date":"2024-05-06T17:47:45","date_gmt":"2024-05-06T15:47:45","guid":{"rendered":"https:\/\/agora.xtec.cat\/esc-unamuno\/?p=5068"},"modified":"2024-06-05T11:56:27","modified_gmt":"2024-06-05T09:56:27","slug":"aus-migratories","status":"publish","type":"post","link":"https:\/\/agora.xtec.cat\/esc-unamuno\/general\/aus-migratories\/","title":{"rendered":"Aus migrat\u00f2ries"},"content":{"rendered":"<p style=\"text-align: left;\"><span class=\"hiddenGrammarError\" style=\"padding-bottom: 2px; background-image: url('..\/..\/..\/..\/..\/images\/squiggle.png'); background-repeat: repeat-x; background-position: left bottom; cursor: default; color: #000000; font-family: 'Open Sans', Helvetica, Arial, sans-serif; font-size: 16px; font-style: normal; font-weight: 300; letter-spacing: normal; text-align: start; text-indent: 0px; text-transform: none;\">Hola<\/span>\u00a0fam\u00edlies!<br \/>\nAvui els nens i nenes de primer han dut a terme l&#8217;activitat &#8220;aus migrat\u00f2ries&#8221;, un taller que tracta sobre les migracions humanes i la diversitat. Han compartit les seves hist\u00f2ries personals posant valor a la diversitat que hi ha a l&#8217;aula.<br \/>\nCliqueu a la imatge per veure les fotografies.<a href=\"https:\/\/photos.app.goo.gl\/vuD4uYoc4bSHQDHK6\"><img loading=\"lazy\" decoding=\"async\" class=\"wp-image-5069 aligncenter\" src=\"https:\/\/agora.xtec.cat\/esc-unamuno\/wp-content\/uploads\/usu2206\/2024\/05\/6c3225a41ca59aec42c5cbcea7543469.jpg\" alt=\"\" width=\"447\" height=\"447\" srcset=\"https:\/\/agora.xtec.cat\/esc-unamuno\/wp-content\/uploads\/usu2206\/2024\/05\/6c3225a41ca59aec42c5cbcea7543469.jpg 512w, https:\/\/agora.xtec.cat\/esc-unamuno\/wp-content\/uploads\/usu2206\/2024\/05\/6c3225a41ca59aec42c5cbcea7543469-300x300.jpg 300w, https:\/\/agora.xtec.cat\/esc-unamuno\/wp-content\/uploads\/usu2206\/2024\/05\/6c3225a41ca59aec42c5cbcea7543469-150x150.jpg 150w\" sizes=\"auto, (max-width: 447px) 100vw, 447px\" \/><\/a><\/p>\n","protected":false},"excerpt":{"rendered":"<p>Hola\u00a0fam\u00edlies! Avui els nens i nenes de primer han dut a terme l&#8217;activitat &#8220;aus migrat\u00f2ries&#8221;, un taller que tracta sobre les migracions humanes i la diversitat. Han compartit les seves hist\u00f2ries personals posant valor a la diversitat que hi ha a l&#8217;aula. Cliqueu a la imatge per veure les fotografies.<\/p>\n","protected":false},"author":34,"featured_media":0,"comment_status":"closed","ping_status":"closed","sticky":false,"template":"","format":"standard","meta":{"_bbp_topic_count":0,"_bbp_reply_count":0,"_bbp_total_topic_count":0,"_bbp_total_reply_count":0,"_bbp_voice_count":0,"_bbp_anonymous_reply_count":0,"_bbp_topic_count_hidden":0,"_bbp_reply_count_hidden":0,"_bbp_forum_subforum_count":0,"site-sidebar-layout":"default","site-content-layout":"","ast-site-content-layout":"","site-content-style":"default","site-sidebar-style":"default","ast-global-header-display":"","ast-banner-title-visibility":"","ast-main-header-display":"","ast-hfb-above-header-display":"","ast-hfb-below-header-display":"","ast-hfb-mobile-header-display":"","site-post-title":"","ast-breadcrumbs-content":"","ast-featured-img":"","footer-sml-layout":"","theme-transparent-header-meta":"","adv-header-id-meta":"","stick-header-meta":"","header-above-stick-meta":"","header-main-stick-meta":"","header-below-stick-meta":"","astra-migrate-meta-layouts":"default","ast-page-background-enabled":"default","ast-page-background-meta":{"desktop":{"background-color":"var(--ast-global-color-4)","background-image":"","background-repeat":"repeat","background-position":"center center","background-size":"auto","background-attachment":"scroll","background-type":"","background-media":"","overlay-type":"","overlay-color":"","overlay-opacity":"","overlay-gradient":""},"tablet":{"background-color":"","background-image":"","background-repeat":"repeat","background-position":"center center","background-size":"auto","background-attachment":"scroll","background-type":"","background-media":"","overlay-type":"","overlay-color":"","overlay-opacity":"","overlay-gradient":""},"mobile":{"background-color":"","background-image":"","background-repeat":"repeat","background-position":"center center","background-size":"auto","background-attachment":"scroll","background-type":"","background-media":"","overlay-type":"","overlay-color":"","overlay-opacity":"","overlay-gradient":""}},"ast-content-background-meta":{"desktop":{"background-color":"var(--ast-global-color-5)","background-image":"","background-repeat":"repeat","background-position":"center center","background-size":"auto","background-attachment":"scroll","background-type":"","background-media":"","overlay-type":"","overlay-color":"","overlay-opacity":"","overlay-gradient":""},"tablet":{"background-color":"var(--ast-global-color-5)","background-image":"","background-repeat":"repeat","background-position":"center center","background-size":"auto","background-attachment":"scroll","background-type":"","background-media":"","overlay-type":"","overlay-color":"","overlay-opacity":"","overlay-gradient":""},"mobile":{"background-color":"var(--ast-global-color-5)","background-image":"","background-repeat":"repeat","background-position":"center center","background-size":"auto","background-attachment":"scroll","background-type":"","background-media":"","overlay-type":"","overlay-color":"","overlay-opacity":"","overlay-gradient":""}},"footnotes":""},"categories":[10,1,5],"tags":[],"class_list":["post-5068","post","type-post","status-publish","format-standard","hentry","category-1r","category-general","category-primaria"],"post_mailing_queue_ids":[],"_links":{"self":[{"href":"https:\/\/agora.xtec.cat\/esc-unamuno\/wp-json\/wp\/v2\/posts\/5068","targetHints":{"allow":["GET"]}}],"collection":[{"href":"https:\/\/agora.xtec.cat\/esc-unamuno\/wp-json\/wp\/v2\/posts"}],"about":[{"href":"https:\/\/agora.xtec.cat\/esc-unamuno\/wp-json\/wp\/v2\/types\/post"}],"author":[{"embeddable":true,"href":"https:\/\/agora.xtec.cat\/esc-unamuno\/wp-json\/wp\/v2\/users\/34"}],"replies":[{"embeddable":true,"href":"https:\/\/agora.xtec.cat\/esc-unamuno\/wp-json\/wp\/v2\/comments?post=5068"}],"version-history":[{"count":2,"href":"https:\/\/agora.xtec.cat\/esc-unamuno\/wp-json\/wp\/v2\/posts\/5068\/revisions"}],"predecessor-version":[{"id":5137,"href":"https:\/\/agora.xtec.cat\/esc-unamuno\/wp-json\/wp\/v2\/posts\/5068\/revisions\/5137"}],"wp:attachment":[{"href":"https:\/\/agora.xtec.cat\/esc-unamuno\/wp-json\/wp\/v2\/media?parent=5068"}],"wp:term":[{"taxonomy":"category","embeddable":true,"href":"https:\/\/agora.xtec.cat\/esc-unamuno\/wp-json\/wp\/v2\/categories?post=5068"},{"taxonomy":"post_tag","embeddable":true,"href":"https:\/\/agora.xtec.cat\/esc-unamuno\/wp-json\/wp\/v2\/tags?post=5068"}],"curies":[{"name":"wp","href":"https:\/\/api.w.org\/{rel}","templated":true}]}}