{"id":2702,"date":"2022-04-25T23:18:46","date_gmt":"2022-04-25T21:18:46","guid":{"rendered":"https:\/\/agora.xtec.cat\/esc-unamuno\/?p=2702"},"modified":"2022-04-25T23:20:34","modified_gmt":"2022-04-25T21:20:34","slug":"sant-jordi-2022","status":"publish","type":"post","link":"https:\/\/agora.xtec.cat\/esc-unamuno\/infantil\/sant-jordi-2022\/","title":{"rendered":"Sant Jordi 2022"},"content":{"rendered":"<p>Hola fam\u00edlies!<\/p>\n<p>El divendres passat vam celebrar Sant Jordi a l&#8217;escola i va ser molt especial! Vam treballar, pintar, llegir, gaudir, observar&#8230; i sempre acompanyats dels nostres amics i de l&#8217;escola m\u00e9s bonica i m\u00e9s ben decorada que mai. Durant la setmana vam poder treballar a l&#8217;artista Sonia Delaunay fent quadres ef\u00edmers amb taps, dibuixos sim\u00e8trics i, fins i tot, dissenyar un mocador com feia ella! Tamb\u00e9 vam poder,escoltar contes nous, pintar i jugar amb els personatges de la llegenda de Sant Jordi (amb memorys, robots, etc) i vam fer uns punts de llibres amb roses ben creatives i un drac ben divertit!<\/p>\n<p>Pel mat\u00ed vam fer una volta per tota l&#8217;escola per veure qu\u00e9 bonica estava i ens vam espantar\/divertir quan ens va venir a veure el drac al pati! Tamb\u00e9, vam menjar-nos una rosa de &#8220;xuxe&#8221; que ens van regalar els nens\/es de 6\u00e8 i vam poder escollir dos contes de les paradetes de Sant Jordi!. I finalment, una bona dansa per &#8220;Si tu et vols divertir&#8221; per acabar b\u00e9 el dia!<\/p>\n<p>Quina setmana i dia m\u00e9s complert i bonic! Gaudiu-lo igual que nosaltres \ud83d\ude0a<\/p>\n<p><a href=\"https:\/\/photos.google.com\/share\/AF1QipOCb2Bsx3dGNQhPo3Ta-viKeenUjVhTPJgWw0glY-3ERJ5AEy4IEKB2NeEFwqkOiw?key=MkxjWktrbnpLVWZ6OE9QMzBXZ2dyTmpKMWRvWE53\"><img decoding=\"async\" src=\"http:\/\/cavallfort.cat\/wp-content\/uploads\/2020\/04\/rodater.jpg\" alt=\"Sant Jordi confinat a Roda de Ter \u2013 Cavall Fort\" \/><\/a><\/p>\n","protected":false},"excerpt":{"rendered":"<p>Hola fam\u00edlies! El divendres passat vam celebrar Sant Jordi a l&#8217;escola i va ser molt especial! Vam treballar, pintar, llegir, gaudir, observar&#8230; i sempre acompanyats dels nostres amics i de l&#8217;escola m\u00e9s bonica i m\u00e9s ben decorada que mai. Durant la setmana vam poder treballar a l&#8217;artista Sonia Delaunay fent quadres ef\u00edmers amb taps, dibuixos [&hellip;]<\/p>\n","protected":false},"author":1,"featured_media":0,"comment_status":"open","ping_status":"closed","sticky":false,"template":"","format":"standard","meta":{"_bbp_topic_count":0,"_bbp_reply_count":0,"_bbp_total_topic_count":0,"_bbp_total_reply_count":0,"_bbp_voice_count":0,"_bbp_anonymous_reply_count":0,"_bbp_topic_count_hidden":0,"_bbp_reply_count_hidden":0,"_bbp_forum_subforum_count":0,"site-sidebar-layout":"default","site-content-layout":"","ast-site-content-layout":"","site-content-style":"default","site-sidebar-style":"default","ast-global-header-display":"","ast-banner-title-visibility":"","ast-main-header-display":"","ast-hfb-above-header-display":"","ast-hfb-below-header-display":"","ast-hfb-mobile-header-display":"","site-post-title":"","ast-breadcrumbs-content":"","ast-featured-img":"","footer-sml-layout":"","theme-transparent-header-meta":"","adv-header-id-meta":"","stick-header-meta":"","header-above-stick-meta":"","header-main-stick-meta":"","header-below-stick-meta":"","astra-migrate-meta-layouts":"default","ast-page-background-enabled":"default","ast-page-background-meta":{"desktop":{"background-color":"var(--ast-global-color-4)","background-image":"","background-repeat":"repeat","background-position":"center center","background-size":"auto","background-attachment":"scroll","background-type":"","background-media":"","overlay-type":"","overlay-color":"","overlay-opacity":"","overlay-gradient":""},"tablet":{"background-color":"","background-image":"","background-repeat":"repeat","background-position":"center center","background-size":"auto","background-attachment":"scroll","background-type":"","background-media":"","overlay-type":"","overlay-color":"","overlay-opacity":"","overlay-gradient":""},"mobile":{"background-color":"","background-image":"","background-repeat":"repeat","background-position":"center center","background-size":"auto","background-attachment":"scroll","background-type":"","background-media":"","overlay-type":"","overlay-color":"","overlay-opacity":"","overlay-gradient":""}},"ast-content-background-meta":{"desktop":{"background-color":"var(--ast-global-color-5)","background-image":"","background-repeat":"repeat","background-position":"center center","background-size":"auto","background-attachment":"scroll","background-type":"","background-media":"","overlay-type":"","overlay-color":"","overlay-opacity":"","overlay-gradient":""},"tablet":{"background-color":"var(--ast-global-color-5)","background-image":"","background-repeat":"repeat","background-position":"center center","background-size":"auto","background-attachment":"scroll","background-type":"","background-media":"","overlay-type":"","overlay-color":"","overlay-opacity":"","overlay-gradient":""},"mobile":{"background-color":"var(--ast-global-color-5)","background-image":"","background-repeat":"repeat","background-position":"center center","background-size":"auto","background-attachment":"scroll","background-type":"","background-media":"","overlay-type":"","overlay-color":"","overlay-opacity":"","overlay-gradient":""}},"footnotes":""},"categories":[8,2],"tags":[],"class_list":["post-2702","post","type-post","status-publish","format-standard","hentry","category-i4","category-infantil"],"post_mailing_queue_ids":[],"_links":{"self":[{"href":"https:\/\/agora.xtec.cat\/esc-unamuno\/wp-json\/wp\/v2\/posts\/2702","targetHints":{"allow":["GET"]}}],"collection":[{"href":"https:\/\/agora.xtec.cat\/esc-unamuno\/wp-json\/wp\/v2\/posts"}],"about":[{"href":"https:\/\/agora.xtec.cat\/esc-unamuno\/wp-json\/wp\/v2\/types\/post"}],"author":[{"embeddable":true,"href":"https:\/\/agora.xtec.cat\/esc-unamuno\/wp-json\/wp\/v2\/users\/1"}],"replies":[{"embeddable":true,"href":"https:\/\/agora.xtec.cat\/esc-unamuno\/wp-json\/wp\/v2\/comments?post=2702"}],"version-history":[{"count":2,"href":"https:\/\/agora.xtec.cat\/esc-unamuno\/wp-json\/wp\/v2\/posts\/2702\/revisions"}],"predecessor-version":[{"id":2704,"href":"https:\/\/agora.xtec.cat\/esc-unamuno\/wp-json\/wp\/v2\/posts\/2702\/revisions\/2704"}],"wp:attachment":[{"href":"https:\/\/agora.xtec.cat\/esc-unamuno\/wp-json\/wp\/v2\/media?parent=2702"}],"wp:term":[{"taxonomy":"category","embeddable":true,"href":"https:\/\/agora.xtec.cat\/esc-unamuno\/wp-json\/wp\/v2\/categories?post=2702"},{"taxonomy":"post_tag","embeddable":true,"href":"https:\/\/agora.xtec.cat\/esc-unamuno\/wp-json\/wp\/v2\/tags?post=2702"}],"curies":[{"name":"wp","href":"https:\/\/api.w.org\/{rel}","templated":true}]}}