{"id":2171,"date":"2022-02-16T20:30:53","date_gmt":"2022-02-16T19:30:53","guid":{"rendered":"https:\/\/agora.xtec.cat\/esc-unamuno\/?p=2171"},"modified":"2022-02-16T20:31:30","modified_gmt":"2022-02-16T19:31:30","slug":"ambient-ens-movem","status":"publish","type":"post","link":"https:\/\/agora.xtec.cat\/esc-unamuno\/infantil\/ambients-ei\/ambient-ens-movem\/","title":{"rendered":"AMBIENT: ENS MOVEM"},"content":{"rendered":"<p style=\"text-align: center;\"><strong><em>L&#8217;ambient de moviment<\/em><\/strong> permet que els infants utilitzin el seu llenguatge corporal per expressar i comunicar-se amb el seu pr\u00f2pi cos aix\u00ed com tamb\u00e9 amb la relaci\u00f3 amb els altres. En aquesta etapa, s&#8217;inicien en la consci\u00e8ncia corporal, l&#8217;expressivitat motriu, la coordinaci\u00f3 general i tamb\u00e9 l&#8217;equilibri.<\/p>\n<p style=\"text-align: center;\">Feu clic per visualitzar els moments!<\/p>\n<p><a href=\"https:\/\/photos.app.goo.gl\/2SVL7tAMA7G7vDjC6\"><img loading=\"lazy\" decoding=\"async\" class=\"wp-image-2172 aligncenter\" src=\"https:\/\/agora.xtec.cat\/esc-unamuno\/wp-content\/uploads\/usu2206\/2022\/02\/IMG_5270-1024x768.jpg\" alt=\"\" width=\"268\" height=\"201\" srcset=\"https:\/\/agora.xtec.cat\/esc-unamuno\/wp-content\/uploads\/usu2206\/2022\/02\/IMG_5270-1024x768.jpg 1024w, https:\/\/agora.xtec.cat\/esc-unamuno\/wp-content\/uploads\/usu2206\/2022\/02\/IMG_5270-300x225.jpg 300w, https:\/\/agora.xtec.cat\/esc-unamuno\/wp-content\/uploads\/usu2206\/2022\/02\/IMG_5270-768x576.jpg 768w, https:\/\/agora.xtec.cat\/esc-unamuno\/wp-content\/uploads\/usu2206\/2022\/02\/IMG_5270-1536x1152.jpg 1536w, https:\/\/agora.xtec.cat\/esc-unamuno\/wp-content\/uploads\/usu2206\/2022\/02\/IMG_5270-2048x1536.jpg 2048w, https:\/\/agora.xtec.cat\/esc-unamuno\/wp-content\/uploads\/usu2206\/2022\/02\/IMG_5270-200x150.jpg 200w\" sizes=\"auto, (max-width: 268px) 100vw, 268px\" \/><\/a><\/p>\n","protected":false},"excerpt":{"rendered":"<p>L&#8217;ambient de moviment permet que els infants utilitzin el seu llenguatge corporal per expressar i comunicar-se amb el seu pr\u00f2pi cos aix\u00ed com tamb\u00e9 amb la relaci\u00f3 amb els altres. En aquesta etapa, s&#8217;inicien en la consci\u00e8ncia corporal, l&#8217;expressivitat motriu, la coordinaci\u00f3 general i tamb\u00e9 l&#8217;equilibri. Feu clic per visualitzar els moments!<\/p>\n","protected":false},"author":1,"featured_media":0,"comment_status":"closed","ping_status":"closed","sticky":false,"template":"","format":"standard","meta":{"_bbp_topic_count":0,"_bbp_reply_count":0,"_bbp_total_topic_count":0,"_bbp_total_reply_count":0,"_bbp_voice_count":0,"_bbp_anonymous_reply_count":0,"_bbp_topic_count_hidden":0,"_bbp_reply_count_hidden":0,"_bbp_forum_subforum_count":0,"site-sidebar-layout":"default","site-content-layout":"","ast-site-content-layout":"","site-content-style":"default","site-sidebar-style":"default","ast-global-header-display":"","ast-banner-title-visibility":"","ast-main-header-display":"","ast-hfb-above-header-display":"","ast-hfb-below-header-display":"","ast-hfb-mobile-header-display":"","site-post-title":"","ast-breadcrumbs-content":"","ast-featured-img":"","footer-sml-layout":"","theme-transparent-header-meta":"","adv-header-id-meta":"","stick-header-meta":"","header-above-stick-meta":"","header-main-stick-meta":"","header-below-stick-meta":"","astra-migrate-meta-layouts":"default","ast-page-background-enabled":"default","ast-page-background-meta":{"desktop":{"background-color":"var(--ast-global-color-4)","background-image":"","background-repeat":"repeat","background-position":"center center","background-size":"auto","background-attachment":"scroll","background-type":"","background-media":"","overlay-type":"","overlay-color":"","overlay-opacity":"","overlay-gradient":""},"tablet":{"background-color":"","background-image":"","background-repeat":"repeat","background-position":"center center","background-size":"auto","background-attachment":"scroll","background-type":"","background-media":"","overlay-type":"","overlay-color":"","overlay-opacity":"","overlay-gradient":""},"mobile":{"background-color":"","background-image":"","background-repeat":"repeat","background-position":"center center","background-size":"auto","background-attachment":"scroll","background-type":"","background-media":"","overlay-type":"","overlay-color":"","overlay-opacity":"","overlay-gradient":""}},"ast-content-background-meta":{"desktop":{"background-color":"var(--ast-global-color-5)","background-image":"","background-repeat":"repeat","background-position":"center center","background-size":"auto","background-attachment":"scroll","background-type":"","background-media":"","overlay-type":"","overlay-color":"","overlay-opacity":"","overlay-gradient":""},"tablet":{"background-color":"var(--ast-global-color-5)","background-image":"","background-repeat":"repeat","background-position":"center center","background-size":"auto","background-attachment":"scroll","background-type":"","background-media":"","overlay-type":"","overlay-color":"","overlay-opacity":"","overlay-gradient":""},"mobile":{"background-color":"var(--ast-global-color-5)","background-image":"","background-repeat":"repeat","background-position":"center center","background-size":"auto","background-attachment":"scroll","background-type":"","background-media":"","overlay-type":"","overlay-color":"","overlay-opacity":"","overlay-gradient":""}},"footnotes":""},"categories":[130],"tags":[],"class_list":["post-2171","post","type-post","status-publish","format-standard","hentry","category-ambients-ei"],"post_mailing_queue_ids":[],"_links":{"self":[{"href":"https:\/\/agora.xtec.cat\/esc-unamuno\/wp-json\/wp\/v2\/posts\/2171","targetHints":{"allow":["GET"]}}],"collection":[{"href":"https:\/\/agora.xtec.cat\/esc-unamuno\/wp-json\/wp\/v2\/posts"}],"about":[{"href":"https:\/\/agora.xtec.cat\/esc-unamuno\/wp-json\/wp\/v2\/types\/post"}],"author":[{"embeddable":true,"href":"https:\/\/agora.xtec.cat\/esc-unamuno\/wp-json\/wp\/v2\/users\/1"}],"replies":[{"embeddable":true,"href":"https:\/\/agora.xtec.cat\/esc-unamuno\/wp-json\/wp\/v2\/comments?post=2171"}],"version-history":[{"count":1,"href":"https:\/\/agora.xtec.cat\/esc-unamuno\/wp-json\/wp\/v2\/posts\/2171\/revisions"}],"predecessor-version":[{"id":2173,"href":"https:\/\/agora.xtec.cat\/esc-unamuno\/wp-json\/wp\/v2\/posts\/2171\/revisions\/2173"}],"wp:attachment":[{"href":"https:\/\/agora.xtec.cat\/esc-unamuno\/wp-json\/wp\/v2\/media?parent=2171"}],"wp:term":[{"taxonomy":"category","embeddable":true,"href":"https:\/\/agora.xtec.cat\/esc-unamuno\/wp-json\/wp\/v2\/categories?post=2171"},{"taxonomy":"post_tag","embeddable":true,"href":"https:\/\/agora.xtec.cat\/esc-unamuno\/wp-json\/wp\/v2\/tags?post=2171"}],"curies":[{"name":"wp","href":"https:\/\/api.w.org\/{rel}","templated":true}]}}