{"id":9975,"date":"2021-11-13T21:49:07","date_gmt":"2021-11-13T20:49:07","guid":{"rendered":"https:\/\/agora.xtec.cat\/esc-teresabergada\/?p=9975"},"modified":"2021-11-13T21:49:07","modified_gmt":"2021-11-13T20:49:07","slug":"la-linia-de-la-vida-del-magi","status":"publish","type":"post","link":"https:\/\/agora.xtec.cat\/esc-teresabergada\/infantil\/i4\/la-linia-de-la-vida-del-magi\/","title":{"rendered":"La l\u00ednia de la vida del Mag\u00ed."},"content":{"rendered":"<p>Ja hem comen\u00e7at a exposar les &#8220;L\u00ednies de la vida&#8221; a la nostra classe de P4. Enguany podr\u00e0 venir una persona de la fam\u00edlia a fer la presentaci\u00f3 de la l\u00ednia, per acompanyar als infants. Una estoneta curteta que ens regala moments importants per l&#8217;alumne i per la resta de la classe.<\/p>\n<p>La primera presentaci\u00f3 de la L\u00ednia de la vida ha estat la del Mag\u00ed, amb l&#8217;ajut de\u00a0 la seva mare Olga. Han estat tots molt atents, per ser la primera vegada que venia alg\u00fa de la fam\u00edlia a explicar-nos experi\u00e8ncies. Ha estat una l\u00ednia de primers\u00a0 i valuosos moments pel Mag\u00ed, amb fotos i petites explicacions des del naixement. L&#8217;Olga ens ha presentat el primer tastet del past\u00eds pel primer aniversari, la primera disfressa de carabassa del primer Halloween, els parcs d&#8217;atraccions, la primera cursa, la mona de la padrineta Anna, l&#8217;inici a l&#8217;escola dels grans, el primer contacte amb la neu i fins ara. Agraim molt la senzillesa en la presentaci\u00f3 i la claredat en la presentaci\u00f3, sense deixar de ser tendre com el mateix Mag\u00ed.<\/p>\n<p><a href=\"https:\/\/drive.google.com\/drive\/folders\/105pDgrATqmU5xFjqkaG6uTwjAXcBpUDt?usp=sharing\"><img loading=\"lazy\" decoding=\"async\" class=\"alignnone wp-image-9976\" src=\"https:\/\/agora.xtec.cat\/esc-teresabergada\/wp-content\/uploads\/usu1533\/2021\/11\/1-MAGI-1024x742.jpg\" alt=\"\" width=\"273\" height=\"198\" \/><\/a><\/p>\n","protected":false},"excerpt":{"rendered":"<p>Ja hem comen\u00e7at a exposar les &#8220;L\u00ednies de la vida&#8221; a la nostra classe de P4. Enguany podr\u00e0 venir una persona de la fam\u00edlia a fer la presentaci\u00f3 de la l\u00ednia, per acompanyar als infants. Una estoneta curteta que ens regala moments importants per l&#8217;alumne&hellip;  <a href=\"https:\/\/agora.xtec.cat\/esc-teresabergada\/infantil\/i4\/la-linia-de-la-vida-del-magi\/\" title=\"Read La l\u00ednia de la vida del Mag\u00ed.\">Llegeix m\u00e9s\u00bb<\/a><\/p>\n","protected":false},"author":12,"featured_media":9977,"comment_status":"open","ping_status":"closed","sticky":false,"template":"","format":"standard","meta":{"_bbp_topic_count":0,"_bbp_reply_count":0,"_bbp_total_topic_count":0,"_bbp_total_reply_count":0,"_bbp_voice_count":0,"_bbp_anonymous_reply_count":0,"_bbp_topic_count_hidden":0,"_bbp_reply_count_hidden":0,"_bbp_forum_subforum_count":0,"footnotes":""},"categories":[236],"tags":[121,595],"class_list":["post-9975","post","type-post","status-publish","format-standard","has-post-thumbnail","hentry","category-i4","tag-educacio-infantil","tag-linia-de-la-vida"],"post_mailing_queue_ids":[],"_links":{"self":[{"href":"https:\/\/agora.xtec.cat\/esc-teresabergada\/wp-json\/wp\/v2\/posts\/9975","targetHints":{"allow":["GET"]}}],"collection":[{"href":"https:\/\/agora.xtec.cat\/esc-teresabergada\/wp-json\/wp\/v2\/posts"}],"about":[{"href":"https:\/\/agora.xtec.cat\/esc-teresabergada\/wp-json\/wp\/v2\/types\/post"}],"author":[{"embeddable":true,"href":"https:\/\/agora.xtec.cat\/esc-teresabergada\/wp-json\/wp\/v2\/users\/12"}],"replies":[{"embeddable":true,"href":"https:\/\/agora.xtec.cat\/esc-teresabergada\/wp-json\/wp\/v2\/comments?post=9975"}],"version-history":[{"count":3,"href":"https:\/\/agora.xtec.cat\/esc-teresabergada\/wp-json\/wp\/v2\/posts\/9975\/revisions"}],"predecessor-version":[{"id":9980,"href":"https:\/\/agora.xtec.cat\/esc-teresabergada\/wp-json\/wp\/v2\/posts\/9975\/revisions\/9980"}],"wp:featuredmedia":[{"embeddable":true,"href":"https:\/\/agora.xtec.cat\/esc-teresabergada\/wp-json\/wp\/v2\/media\/9977"}],"wp:attachment":[{"href":"https:\/\/agora.xtec.cat\/esc-teresabergada\/wp-json\/wp\/v2\/media?parent=9975"}],"wp:term":[{"taxonomy":"category","embeddable":true,"href":"https:\/\/agora.xtec.cat\/esc-teresabergada\/wp-json\/wp\/v2\/categories?post=9975"},{"taxonomy":"post_tag","embeddable":true,"href":"https:\/\/agora.xtec.cat\/esc-teresabergada\/wp-json\/wp\/v2\/tags?post=9975"}],"curies":[{"name":"wp","href":"https:\/\/api.w.org\/{rel}","templated":true}]}}