{"id":9967,"date":"2021-11-12T12:34:00","date_gmt":"2021-11-12T11:34:00","guid":{"rendered":"https:\/\/agora.xtec.cat\/esc-teresabergada\/?p=9967"},"modified":"2021-11-12T12:34:00","modified_gmt":"2021-11-12T11:34:00","slug":"un-mon-particular-a-traves-dels-5-sentits","status":"publish","type":"post","link":"https:\/\/agora.xtec.cat\/esc-teresabergada\/blocs-de-primaria\/6e\/un-mon-particular-a-traves-dels-5-sentits\/","title":{"rendered":"UN M\u00d3N PARTICULAR A TRAV\u00c9S DELS 5 SENTITS"},"content":{"rendered":"<h5 style=\"text-align: justify\">El dia 5 de novembre, a art, vam fer una activitat relacionada amb l&#8217;artista Ana Garc\u00eda Pineda.<\/h5>\n<h5 style=\"text-align: justify\">Per grups, ens hav\u00edem d&#8217;inventar uns dibuixos surrealistes, relacionats amb el cos hum\u00e0. Despr\u00e9s, aquests dibuixos retallats, els hav\u00edem de col\u00b7locar dins d&#8217;unes formes, que podien ser: rodones, quadrades o triangulars. El meu grup vam escollir la rodona, per simbolitzar el nostre m\u00f3n particular.<\/h5>\n<h5 style=\"text-align: justify\">Els treballs dels diferents tallers d&#8217;art els estem exposant al <em>hall<\/em> de Cicle Superior, en diferents parts, perqu\u00e8 volem aconseguir una instal\u00b7laci\u00f3 art\u00edstica, com fan els grans artistes.<\/h5>\n<h5>Ho hem gaudit molt!<\/h5>\n<p><a href=\"https:\/\/agora.xtec.cat\/esc-teresabergada\/wp-content\/uploads\/usu1533\/2021\/11\/1636714002996-scaled.jpg\"><img loading=\"lazy\" decoding=\"async\" class=\"alignnone  wp-image-9968\" src=\"https:\/\/agora.xtec.cat\/esc-teresabergada\/wp-content\/uploads\/usu1533\/2021\/11\/1636714002996-1024x355.jpg\" alt=\"\" width=\"998\" height=\"346\" srcset=\"https:\/\/agora.xtec.cat\/esc-teresabergada\/wp-content\/uploads\/usu1533\/2021\/11\/1636714002996-1024x355.jpg 1024w, https:\/\/agora.xtec.cat\/esc-teresabergada\/wp-content\/uploads\/usu1533\/2021\/11\/1636714002996-300x104.jpg 300w, https:\/\/agora.xtec.cat\/esc-teresabergada\/wp-content\/uploads\/usu1533\/2021\/11\/1636714002996-768x267.jpg 768w, https:\/\/agora.xtec.cat\/esc-teresabergada\/wp-content\/uploads\/usu1533\/2021\/11\/1636714002996-1536x533.jpg 1536w, https:\/\/agora.xtec.cat\/esc-teresabergada\/wp-content\/uploads\/usu1533\/2021\/11\/1636714002996-2048x711.jpg 2048w\" sizes=\"auto, (max-width: 998px) 100vw, 998px\" \/><\/a><\/p>\n<h5>Lorena Peter Soare<\/h5>\n","protected":false},"excerpt":{"rendered":"<p>El dia 5 de novembre, a art, vam fer una activitat relacionada amb l&#8217;artista Ana Garc\u00eda Pineda.<br \/>\nPer grups, ens hav\u00edem d&#8217;inventar uns dibuixos surrealistes, relacionats amb el cos hum\u00e0. Despr\u00e9s, aquests dibuixos retallats, els hav\u00edem de col\u00b7locar dins d&#8217;unes formes, que podien ser: rodones, quadrades&hellip;  <a href=\"https:\/\/agora.xtec.cat\/esc-teresabergada\/blocs-de-primaria\/6e\/un-mon-particular-a-traves-dels-5-sentits\/\" title=\"Read UN M\u00d3N PARTICULAR A TRAV\u00c9S DELS 5 SENTITS\">Llegeix m\u00e9s\u00bb<\/a><\/p>\n","protected":false},"author":28,"featured_media":9969,"comment_status":"open","ping_status":"closed","sticky":false,"template":"","format":"standard","meta":{"_bbp_topic_count":0,"_bbp_reply_count":0,"_bbp_total_topic_count":0,"_bbp_total_reply_count":0,"_bbp_voice_count":0,"_bbp_anonymous_reply_count":0,"_bbp_topic_count_hidden":0,"_bbp_reply_count_hidden":0,"_bbp_forum_subforum_count":0,"footnotes":""},"categories":[240],"tags":[],"class_list":["post-9967","post","type-post","status-publish","format-standard","has-post-thumbnail","hentry","category-6e"],"post_mailing_queue_ids":[],"_links":{"self":[{"href":"https:\/\/agora.xtec.cat\/esc-teresabergada\/wp-json\/wp\/v2\/posts\/9967","targetHints":{"allow":["GET"]}}],"collection":[{"href":"https:\/\/agora.xtec.cat\/esc-teresabergada\/wp-json\/wp\/v2\/posts"}],"about":[{"href":"https:\/\/agora.xtec.cat\/esc-teresabergada\/wp-json\/wp\/v2\/types\/post"}],"author":[{"embeddable":true,"href":"https:\/\/agora.xtec.cat\/esc-teresabergada\/wp-json\/wp\/v2\/users\/28"}],"replies":[{"embeddable":true,"href":"https:\/\/agora.xtec.cat\/esc-teresabergada\/wp-json\/wp\/v2\/comments?post=9967"}],"version-history":[{"count":1,"href":"https:\/\/agora.xtec.cat\/esc-teresabergada\/wp-json\/wp\/v2\/posts\/9967\/revisions"}],"predecessor-version":[{"id":9970,"href":"https:\/\/agora.xtec.cat\/esc-teresabergada\/wp-json\/wp\/v2\/posts\/9967\/revisions\/9970"}],"wp:featuredmedia":[{"embeddable":true,"href":"https:\/\/agora.xtec.cat\/esc-teresabergada\/wp-json\/wp\/v2\/media\/9969"}],"wp:attachment":[{"href":"https:\/\/agora.xtec.cat\/esc-teresabergada\/wp-json\/wp\/v2\/media?parent=9967"}],"wp:term":[{"taxonomy":"category","embeddable":true,"href":"https:\/\/agora.xtec.cat\/esc-teresabergada\/wp-json\/wp\/v2\/categories?post=9967"},{"taxonomy":"post_tag","embeddable":true,"href":"https:\/\/agora.xtec.cat\/esc-teresabergada\/wp-json\/wp\/v2\/tags?post=9967"}],"curies":[{"name":"wp","href":"https:\/\/api.w.org\/{rel}","templated":true}]}}