{"id":9962,"date":"2021-11-12T09:49:01","date_gmt":"2021-11-12T08:49:01","guid":{"rendered":"https:\/\/agora.xtec.cat\/esc-teresabergada\/?p=9962"},"modified":"2021-11-12T09:50:26","modified_gmt":"2021-11-12T08:50:26","slug":"la-mitjana","status":"publish","type":"post","link":"https:\/\/agora.xtec.cat\/esc-teresabergada\/general\/la-mitjana\/","title":{"rendered":"LA MITJANA"},"content":{"rendered":"<p style=\"text-align: justify\">El diumenge 8\u00a0 de novembre de 2021 vaig anar a La Mitjana de Lleida amb la meva fam\u00edlia i la de la Paula Costa. V\u00e0rem fer una caminada, hi havien molts camins i ponts. A l&#8217;acabar ens vam quedar all\u00ed a dinar ja que feia molt bon temps.<\/p>\n<p style=\"text-align: justify\">Ens ho vam passar molt b\u00e9 jugant al parc. Em vaig tirar per una <em>tirolina<\/em>, vaig baixar per uns tobogans\u00a0 molts r\u00e0pids&#8230; tot el que hi ha al parc m&#8217;agrada. Al costat\u00a0 hi havia un bosc; el meu germ\u00e0, la Paula, el seu pare i jo vam entrar-hi a dins per a construir una cabana amb pals, fulles i pedres al terra. Tamb\u00e9 vam fer una foguera sense foc. Vaig descobrir tot el bosc!!!<\/p>\n<p style=\"text-align: justify\">Aquest dia em va agradar molt. Una altra vegada intentarem arribar m\u00e9s aviat i abans que arribi l&#8217;hivern.<\/p>\n<p><img loading=\"lazy\" decoding=\"async\" class=\"size-medium wp-image-9964 aligncenter\" src=\"https:\/\/agora.xtec.cat\/esc-teresabergada\/wp-content\/uploads\/usu1533\/2021\/11\/Aran-300x225.jpg\" alt=\"\" width=\"300\" height=\"225\" srcset=\"https:\/\/agora.xtec.cat\/esc-teresabergada\/wp-content\/uploads\/usu1533\/2021\/11\/Aran-300x225.jpg 300w, https:\/\/agora.xtec.cat\/esc-teresabergada\/wp-content\/uploads\/usu1533\/2021\/11\/Aran-200x150.jpg 200w, https:\/\/agora.xtec.cat\/esc-teresabergada\/wp-content\/uploads\/usu1533\/2021\/11\/Aran.jpg 632w\" sizes=\"auto, (max-width: 300px) 100vw, 300px\" \/><\/p>\n<p>Aran Ojeda<\/p>\n","protected":false},"excerpt":{"rendered":"<p>El diumenge 8\u00a0 de novembre de 2021 vaig anar a La Mitjana de Lleida amb la meva fam\u00edlia i la de la Paula Costa. V\u00e0rem fer una caminada, hi havien molts camins i ponts. A l&#8217;acabar ens vam quedar all\u00ed a dinar ja que feia&hellip;  <a href=\"https:\/\/agora.xtec.cat\/esc-teresabergada\/general\/la-mitjana\/\" title=\"Read LA MITJANA\">Llegeix m\u00e9s\u00bb<\/a><\/p>\n","protected":false},"author":32,"featured_media":9964,"comment_status":"open","ping_status":"closed","sticky":false,"template":"","format":"standard","meta":{"_bbp_topic_count":0,"_bbp_reply_count":0,"_bbp_total_topic_count":0,"_bbp_total_reply_count":0,"_bbp_voice_count":0,"_bbp_anonymous_reply_count":0,"_bbp_topic_count_hidden":0,"_bbp_reply_count_hidden":0,"_bbp_forum_subforum_count":0,"footnotes":""},"categories":[349,1],"tags":[523],"class_list":["post-9962","post","type-post","status-publish","format-standard","has-post-thumbnail","hentry","category-5e","category-general","tag-redactoriredactoradelblog"],"post_mailing_queue_ids":[],"_links":{"self":[{"href":"https:\/\/agora.xtec.cat\/esc-teresabergada\/wp-json\/wp\/v2\/posts\/9962","targetHints":{"allow":["GET"]}}],"collection":[{"href":"https:\/\/agora.xtec.cat\/esc-teresabergada\/wp-json\/wp\/v2\/posts"}],"about":[{"href":"https:\/\/agora.xtec.cat\/esc-teresabergada\/wp-json\/wp\/v2\/types\/post"}],"author":[{"embeddable":true,"href":"https:\/\/agora.xtec.cat\/esc-teresabergada\/wp-json\/wp\/v2\/users\/32"}],"replies":[{"embeddable":true,"href":"https:\/\/agora.xtec.cat\/esc-teresabergada\/wp-json\/wp\/v2\/comments?post=9962"}],"version-history":[{"count":3,"href":"https:\/\/agora.xtec.cat\/esc-teresabergada\/wp-json\/wp\/v2\/posts\/9962\/revisions"}],"predecessor-version":[{"id":9966,"href":"https:\/\/agora.xtec.cat\/esc-teresabergada\/wp-json\/wp\/v2\/posts\/9962\/revisions\/9966"}],"wp:featuredmedia":[{"embeddable":true,"href":"https:\/\/agora.xtec.cat\/esc-teresabergada\/wp-json\/wp\/v2\/media\/9964"}],"wp:attachment":[{"href":"https:\/\/agora.xtec.cat\/esc-teresabergada\/wp-json\/wp\/v2\/media?parent=9962"}],"wp:term":[{"taxonomy":"category","embeddable":true,"href":"https:\/\/agora.xtec.cat\/esc-teresabergada\/wp-json\/wp\/v2\/categories?post=9962"},{"taxonomy":"post_tag","embeddable":true,"href":"https:\/\/agora.xtec.cat\/esc-teresabergada\/wp-json\/wp\/v2\/tags?post=9962"}],"curies":[{"name":"wp","href":"https:\/\/api.w.org\/{rel}","templated":true}]}}