{"id":9957,"date":"2021-11-10T12:18:22","date_gmt":"2021-11-10T11:18:22","guid":{"rendered":"https:\/\/agora.xtec.cat\/esc-teresabergada\/?p=9957"},"modified":"2022-07-11T11:02:45","modified_gmt":"2022-07-11T09:02:45","slug":"l-experiment","status":"publish","type":"post","link":"https:\/\/agora.xtec.cat\/esc-teresabergada\/general\/l-experiment\/","title":{"rendered":"L\u00b4  EXPERIMENT"},"content":{"rendered":"<p style=\"text-align: justify;\">A Cicle Superior som 4 classes que fem el projecte del Cos Hum\u00e0: 5\u00e8A, 5\u00e8B, 6\u00e8A i 6\u00e8B.<\/p>\n<p style=\"text-align: justify;\">El dia 21 d&#8217; octubre vam fer un experiment a la classe perqu\u00e8 tocava medi. Ens vam ficar en 4 taules i vam agafar una persona de cada taula per fer l&#8217;experiment. L&#8217;Activitat consistia en saber per on passa el menjar des de que entra a la boca fins que surt del nostre cos.<\/p>\n<p style=\"text-align: justify;\">Els materials per fer-ho, van ser aquests:<\/p>\n<ul>\n<li style=\"text-align: justify;\">Morter<\/li>\n<li style=\"text-align: justify;\">Ma de morter<\/li>\n<li style=\"text-align: justify;\">Bols<\/li>\n<li style=\"text-align: justify;\">Drap<\/li>\n<li style=\"text-align: justify;\">Embut<\/li>\n<li style=\"text-align: justify;\">Vinagre<\/li>\n<li style=\"text-align: justify;\">Pa<\/li>\n<li style=\"text-align: justify;\">Aigua<\/li>\n<li style=\"text-align: justify;\">I cullera<\/li>\n<\/ul>\n<p style=\"text-align: justify;\">A l&#8217;acabar l&#8217;experiment ho vam rentar tot. Em va agradar molt fer l&#8217;experiment perqu\u00e8 vaig aprendre m\u00e9s coses que no sabia abans. Com per exemple: que tenim dos tubs, un per on passa el menjar i els l\u00edquids i l&#8217;altre per on passa l&#8217;aire.<\/p>\n<p style=\"text-align: justify;\">Ho voldria tornar a fer!!<\/p>\n<p>Abril Necula<\/p>\n<p><a href=\"https:\/\/agora.xtec.cat\/esc-teresabergada\/wp-content\/uploads\/usu1533\/2021\/11\/a22bb131-4348-4254-a219-60a8ebf44e3f.png\"><img loading=\"lazy\" decoding=\"async\" class=\"aligncenter size-full wp-image-9959\" src=\"https:\/\/agora.xtec.cat\/esc-teresabergada\/wp-content\/uploads\/usu1533\/2021\/11\/a22bb131-4348-4254-a219-60a8ebf44e3f.png\" alt=\"\" width=\"1341\" height=\"998\" srcset=\"https:\/\/agora.xtec.cat\/esc-teresabergada\/wp-content\/uploads\/usu1533\/2021\/11\/a22bb131-4348-4254-a219-60a8ebf44e3f.png 1341w, https:\/\/agora.xtec.cat\/esc-teresabergada\/wp-content\/uploads\/usu1533\/2021\/11\/a22bb131-4348-4254-a219-60a8ebf44e3f-300x223.png 300w, https:\/\/agora.xtec.cat\/esc-teresabergada\/wp-content\/uploads\/usu1533\/2021\/11\/a22bb131-4348-4254-a219-60a8ebf44e3f-1024x762.png 1024w, https:\/\/agora.xtec.cat\/esc-teresabergada\/wp-content\/uploads\/usu1533\/2021\/11\/a22bb131-4348-4254-a219-60a8ebf44e3f-768x572.png 768w, https:\/\/agora.xtec.cat\/esc-teresabergada\/wp-content\/uploads\/usu1533\/2021\/11\/a22bb131-4348-4254-a219-60a8ebf44e3f-200x150.png 200w\" sizes=\"auto, (max-width: 1341px) 100vw, 1341px\" \/><\/a><\/p>\n","protected":false},"excerpt":{"rendered":"<p>A Cicle Superior som 4 classes que fem el projecte del Cos Hum\u00e0: 5\u00e8A, 5\u00e8B, 6\u00e8A i 6\u00e8B.<br \/>\nEl dia 21 d&#8217; octubre vam fer un experiment a la classe perqu\u00e8 tocava medi. Ens vam ficar en 4 taules i vam agafar una persona de cada&hellip;  <a href=\"https:\/\/agora.xtec.cat\/esc-teresabergada\/general\/l-experiment\/\" title=\"Read L\u00b4  EXPERIMENT\">Llegeix m\u00e9s\u00bb<\/a><\/p>\n","protected":false},"author":1,"featured_media":9959,"comment_status":"open","ping_status":"closed","sticky":false,"template":"","format":"standard","meta":{"_bbp_topic_count":0,"_bbp_reply_count":0,"_bbp_total_topic_count":0,"_bbp_total_reply_count":0,"_bbp_voice_count":0,"_bbp_anonymous_reply_count":0,"_bbp_topic_count_hidden":0,"_bbp_reply_count_hidden":0,"_bbp_forum_subforum_count":0,"footnotes":""},"categories":[349,1],"tags":[],"class_list":["post-9957","post","type-post","status-publish","format-standard","has-post-thumbnail","hentry","category-5e","category-general"],"post_mailing_queue_ids":[],"_links":{"self":[{"href":"https:\/\/agora.xtec.cat\/esc-teresabergada\/wp-json\/wp\/v2\/posts\/9957","targetHints":{"allow":["GET"]}}],"collection":[{"href":"https:\/\/agora.xtec.cat\/esc-teresabergada\/wp-json\/wp\/v2\/posts"}],"about":[{"href":"https:\/\/agora.xtec.cat\/esc-teresabergada\/wp-json\/wp\/v2\/types\/post"}],"author":[{"embeddable":true,"href":"https:\/\/agora.xtec.cat\/esc-teresabergada\/wp-json\/wp\/v2\/users\/1"}],"replies":[{"embeddable":true,"href":"https:\/\/agora.xtec.cat\/esc-teresabergada\/wp-json\/wp\/v2\/comments?post=9957"}],"version-history":[{"count":3,"href":"https:\/\/agora.xtec.cat\/esc-teresabergada\/wp-json\/wp\/v2\/posts\/9957\/revisions"}],"predecessor-version":[{"id":9961,"href":"https:\/\/agora.xtec.cat\/esc-teresabergada\/wp-json\/wp\/v2\/posts\/9957\/revisions\/9961"}],"wp:featuredmedia":[{"embeddable":true,"href":"https:\/\/agora.xtec.cat\/esc-teresabergada\/wp-json\/wp\/v2\/media\/9959"}],"wp:attachment":[{"href":"https:\/\/agora.xtec.cat\/esc-teresabergada\/wp-json\/wp\/v2\/media?parent=9957"}],"wp:term":[{"taxonomy":"category","embeddable":true,"href":"https:\/\/agora.xtec.cat\/esc-teresabergada\/wp-json\/wp\/v2\/categories?post=9957"},{"taxonomy":"post_tag","embeddable":true,"href":"https:\/\/agora.xtec.cat\/esc-teresabergada\/wp-json\/wp\/v2\/tags?post=9957"}],"curies":[{"name":"wp","href":"https:\/\/api.w.org\/{rel}","templated":true}]}}