{"id":9928,"date":"2021-11-06T09:10:15","date_gmt":"2021-11-06T08:10:15","guid":{"rendered":"https:\/\/agora.xtec.cat\/esc-teresabergada\/?p=9928"},"modified":"2021-11-06T09:10:15","modified_gmt":"2021-11-06T08:10:15","slug":"sortida-al-parc-de-les-olors-2","status":"publish","type":"post","link":"https:\/\/agora.xtec.cat\/esc-teresabergada\/infantil\/sortida-al-parc-de-les-olors-2\/","title":{"rendered":"Sortida al Parc de les Olors"},"content":{"rendered":"<p>El divendres 5 de novembre ha sigut un dia especial!! Les nenes i els nens d&#8217;Educaci\u00f3 Infantil hem anat d&#8217;excursi\u00f3 al Parc de les olors d&#8217;Ivars de Noguera.<\/p>\n<p>Feia dies que a l&#8217;escola treball\u00e0vem la tardor, per\u00f2 avui l&#8217;hem tocat, olorat, sentit, observat i investigat. Hem elaborat una s\u00faper lupa amb la qu\u00e8 hem pogut descobrir i trobar petits tresors de Tardor, hem fet polseres, una bomba de llavors, hem jugat i per acabar, la L\u00eddia ens ha explicat que Ca la Ferratina participa amb l&#8217;AFANOC (nens i nenes amb c\u00e0ncer) donant un euro del taller de cada nen\/a a la compra de xapes. Ens ha encantat aquesta iniciativa!!!<\/p>\n<p>Aquest dia, tamb\u00e9 ha sigut molt especial per Ca la Ferratina, ja que hem sigut la primera escola que l&#8217;hem visitat despr\u00e9s de la pand\u00e8mia.<\/p>\n<p>A continuaci\u00f3, clicant a curs del vostre fill\/a podreu trobar un recull fotogr\u00e0fic d&#8217;aquest dia.<\/p>\n<ul>\n<li><a href=\"https:\/\/photos.app.goo.gl\/7dGB3AJtL9V4TNPRA\">P3<\/a><\/li>\n<li><a href=\"https:\/\/photos.app.goo.gl\/C7zoczSTc911GG7K7\">P4<\/a><\/li>\n<li><a href=\"https:\/\/photos.app.goo.gl\/mHHKm3sB7uHpudcw8\">P5<\/a><\/li>\n<\/ul>\n","protected":false},"excerpt":{"rendered":"<p>El divendres 5 de novembre ha sigut un dia especial!! Les nenes i els nens d&#8217;Educaci\u00f3 Infantil hem anat d&#8217;excursi\u00f3 al Parc de les olors d&#8217;Ivars de Noguera.<br \/>\nFeia dies que a l&#8217;escola treball\u00e0vem la tardor, per\u00f2 avui l&#8217;hem tocat, olorat, sentit, observat i investigat. Hem&hellip;  <a href=\"https:\/\/agora.xtec.cat\/esc-teresabergada\/infantil\/sortida-al-parc-de-les-olors-2\/\" title=\"Read Sortida al Parc de les Olors\">Llegeix m\u00e9s\u00bb<\/a><\/p>\n","protected":false},"author":1,"featured_media":9937,"comment_status":"open","ping_status":"closed","sticky":false,"template":"","format":"standard","meta":{"_bbp_topic_count":0,"_bbp_reply_count":0,"_bbp_total_topic_count":0,"_bbp_total_reply_count":0,"_bbp_voice_count":0,"_bbp_anonymous_reply_count":0,"_bbp_topic_count_hidden":0,"_bbp_reply_count_hidden":0,"_bbp_forum_subforum_count":0,"footnotes":""},"categories":[515,236,251,2],"tags":[121,272,16,263],"class_list":["post-9928","post","type-post","status-publish","format-standard","has-post-thumbnail","hentry","category-i3","category-i4","category-i5","category-infantil","tag-educacio-infantil","tag-parc-de-les-olors","tag-sortides","tag-tardor"],"post_mailing_queue_ids":[],"_links":{"self":[{"href":"https:\/\/agora.xtec.cat\/esc-teresabergada\/wp-json\/wp\/v2\/posts\/9928","targetHints":{"allow":["GET"]}}],"collection":[{"href":"https:\/\/agora.xtec.cat\/esc-teresabergada\/wp-json\/wp\/v2\/posts"}],"about":[{"href":"https:\/\/agora.xtec.cat\/esc-teresabergada\/wp-json\/wp\/v2\/types\/post"}],"author":[{"embeddable":true,"href":"https:\/\/agora.xtec.cat\/esc-teresabergada\/wp-json\/wp\/v2\/users\/1"}],"replies":[{"embeddable":true,"href":"https:\/\/agora.xtec.cat\/esc-teresabergada\/wp-json\/wp\/v2\/comments?post=9928"}],"version-history":[{"count":1,"href":"https:\/\/agora.xtec.cat\/esc-teresabergada\/wp-json\/wp\/v2\/posts\/9928\/revisions"}],"predecessor-version":[{"id":9938,"href":"https:\/\/agora.xtec.cat\/esc-teresabergada\/wp-json\/wp\/v2\/posts\/9928\/revisions\/9938"}],"wp:featuredmedia":[{"embeddable":true,"href":"https:\/\/agora.xtec.cat\/esc-teresabergada\/wp-json\/wp\/v2\/media\/9937"}],"wp:attachment":[{"href":"https:\/\/agora.xtec.cat\/esc-teresabergada\/wp-json\/wp\/v2\/media?parent=9928"}],"wp:term":[{"taxonomy":"category","embeddable":true,"href":"https:\/\/agora.xtec.cat\/esc-teresabergada\/wp-json\/wp\/v2\/categories?post=9928"},{"taxonomy":"post_tag","embeddable":true,"href":"https:\/\/agora.xtec.cat\/esc-teresabergada\/wp-json\/wp\/v2\/tags?post=9928"}],"curies":[{"name":"wp","href":"https:\/\/api.w.org\/{rel}","templated":true}]}}