{"id":9914,"date":"2021-11-05T12:24:45","date_gmt":"2021-11-05T11:24:45","guid":{"rendered":"https:\/\/agora.xtec.cat\/esc-teresabergada\/?p=9914"},"modified":"2021-11-05T12:24:45","modified_gmt":"2021-11-05T11:24:45","slug":"visita-a-lexposicio-human-bodies","status":"publish","type":"post","link":"https:\/\/agora.xtec.cat\/esc-teresabergada\/blocs-de-primaria\/5e\/visita-a-lexposicio-human-bodies\/","title":{"rendered":"Visita a l&#8217;exposici\u00f3 Human Bodies."},"content":{"rendered":"<p style=\"text-align: justify;\">El dia 15 d&#8217;octubre, Cicle Superior vam anar a Barcelona a l&#8217;exposici\u00f3 Human Bodies, per treballar el projecte del cos hum\u00e0.<\/p>\n<p>All\u00ed, vam veure aproximadament 80 vitrines en les que hi havia cossos humans, ossos, \u00f2rgans&#8230; Que eren reals!<\/p>\n<p>Aix\u00f2 \u00e9s possible amb una t\u00e8cnica que es diu plastinisaci\u00f3, que fa que estiguin intactes.<\/p>\n<p>Aquestes vitrines estaven dividides en 8 sales: el nostre origen, els ossos, els m\u00fasculs, el sistema respiratori, el sistema<\/p>\n<p>circulatori, el sistema digestiu, el sistema nervi\u00f3s i el sistema urinari i reproductor.<\/p>\n<p>Les explicacions ens les feien a trav\u00e9s d&#8217;una audioguia i cada \u00e0udio corresponia a una vitrina diferent.<\/p>\n<p>Vam aprendre moltes coses que no sab\u00edem i moltes curiositats.<\/p>\n<p>Va ser fant\u00e0stic!!!<\/p>\n<p>Arnau G.P.<\/p>\n<p><a href=\"https:\/\/agora.xtec.cat\/esc-teresabergada\/wp-content\/uploads\/usu1533\/2021\/11\/a0.jpg\"><img loading=\"lazy\" decoding=\"async\" class=\"aligncenter size-full wp-image-9917\" src=\"https:\/\/agora.xtec.cat\/esc-teresabergada\/wp-content\/uploads\/usu1533\/2021\/11\/a0.jpg\" alt=\"\" width=\"669\" height=\"446\" srcset=\"https:\/\/agora.xtec.cat\/esc-teresabergada\/wp-content\/uploads\/usu1533\/2021\/11\/a0.jpg 669w, https:\/\/agora.xtec.cat\/esc-teresabergada\/wp-content\/uploads\/usu1533\/2021\/11\/a0-300x200.jpg 300w\" sizes=\"auto, (max-width: 669px) 100vw, 669px\" \/><\/a><\/p>\n","protected":false},"excerpt":{"rendered":"<p>El dia 15 d&#8217;octubre, Cicle Superior vam anar a Barcelona a l&#8217;exposici\u00f3 Human Bodies, per treballar el projecte del cos hum\u00e0.<br \/>\nAll\u00ed, vam veure aproximadament 80 vitrines en les que hi havia cossos humans, ossos, \u00f2rgans&#8230; Que eren reals!<br \/>\nAix\u00f2 \u00e9s possible amb una t\u00e8cnica que es&hellip;  <a href=\"https:\/\/agora.xtec.cat\/esc-teresabergada\/blocs-de-primaria\/5e\/visita-a-lexposicio-human-bodies\/\" title=\"Read Visita a l&#8217;exposici\u00f3 Human Bodies.\">Llegeix m\u00e9s\u00bb<\/a><\/p>\n","protected":false},"author":1,"featured_media":9917,"comment_status":"open","ping_status":"closed","sticky":false,"template":"","format":"standard","meta":{"_bbp_topic_count":0,"_bbp_reply_count":0,"_bbp_total_topic_count":0,"_bbp_total_reply_count":0,"_bbp_voice_count":0,"_bbp_anonymous_reply_count":0,"_bbp_topic_count_hidden":0,"_bbp_reply_count_hidden":0,"_bbp_forum_subforum_count":0,"footnotes":""},"categories":[349],"tags":[],"class_list":["post-9914","post","type-post","status-publish","format-standard","has-post-thumbnail","hentry","category-5e"],"post_mailing_queue_ids":[],"_links":{"self":[{"href":"https:\/\/agora.xtec.cat\/esc-teresabergada\/wp-json\/wp\/v2\/posts\/9914","targetHints":{"allow":["GET"]}}],"collection":[{"href":"https:\/\/agora.xtec.cat\/esc-teresabergada\/wp-json\/wp\/v2\/posts"}],"about":[{"href":"https:\/\/agora.xtec.cat\/esc-teresabergada\/wp-json\/wp\/v2\/types\/post"}],"author":[{"embeddable":true,"href":"https:\/\/agora.xtec.cat\/esc-teresabergada\/wp-json\/wp\/v2\/users\/1"}],"replies":[{"embeddable":true,"href":"https:\/\/agora.xtec.cat\/esc-teresabergada\/wp-json\/wp\/v2\/comments?post=9914"}],"version-history":[{"count":1,"href":"https:\/\/agora.xtec.cat\/esc-teresabergada\/wp-json\/wp\/v2\/posts\/9914\/revisions"}],"predecessor-version":[{"id":9918,"href":"https:\/\/agora.xtec.cat\/esc-teresabergada\/wp-json\/wp\/v2\/posts\/9914\/revisions\/9918"}],"wp:featuredmedia":[{"embeddable":true,"href":"https:\/\/agora.xtec.cat\/esc-teresabergada\/wp-json\/wp\/v2\/media\/9917"}],"wp:attachment":[{"href":"https:\/\/agora.xtec.cat\/esc-teresabergada\/wp-json\/wp\/v2\/media?parent=9914"}],"wp:term":[{"taxonomy":"category","embeddable":true,"href":"https:\/\/agora.xtec.cat\/esc-teresabergada\/wp-json\/wp\/v2\/categories?post=9914"},{"taxonomy":"post_tag","embeddable":true,"href":"https:\/\/agora.xtec.cat\/esc-teresabergada\/wp-json\/wp\/v2\/tags?post=9914"}],"curies":[{"name":"wp","href":"https:\/\/api.w.org\/{rel}","templated":true}]}}