{"id":9913,"date":"2021-11-05T12:00:22","date_gmt":"2021-11-05T11:00:22","guid":{"rendered":"https:\/\/agora.xtec.cat\/esc-teresabergada\/?p=9913"},"modified":"2022-07-11T11:46:25","modified_gmt":"2022-07-11T09:46:25","slug":"la-castanyada-5","status":"publish","type":"post","link":"https:\/\/agora.xtec.cat\/esc-teresabergada\/blocs-de-primaria\/6e\/la-castanyada-5\/","title":{"rendered":"LA CASTANYADA"},"content":{"rendered":"<h4 style=\"text-align: justify;\">Divendres 29 d\u00b4octubre vam celebrar la festa de la castanyada.<\/h4>\n<h4 style=\"text-align: justify;\">Al mat\u00ed, els alumnes del cicle superior, vam fer tallers de la tardor.<\/h4>\n<h4 style=\"text-align: justify;\">Al primer taller vam fer entre tots i totes una cortina amb fulles de llana i al segon taller una manualitat amb fulles i flors seques que hav\u00edem portat.<\/h4>\n<h4 style=\"text-align: justify;\">A la tarda, vam fer uns balls tradicionals i els de 6\u00e8 vam ballar la sardana.<\/h4>\n<h4 style=\"text-align: justify;\">A alguns de nosaltres ens va tocar fer la presentaci\u00f3. A la Denisa, a l&#8217;Alex, al Ferran, a la J\u00falia, a la Laia i a mi. Com que va ser davant de totes les fam\u00edlies jo vaig estar una mica nervi\u00f3s.<\/h4>\n<h4 style=\"text-align: justify;\">Va ser un dia fabul\u00f3s!<\/h4>\n<h4><\/h4>\n<h4>Hugo Domiguez Gomez<\/h4>\n","protected":false},"excerpt":{"rendered":"<p>Divendres 29 d\u00b4octubre vam celebrar la festa de la castanyada.<br \/>\nAl mat\u00ed, els alumnes del cicle superior, vam fer tallers de la tardor.<br \/>\nAl primer taller vam fer entre tots i totes una cortina amb fulles de llana i al segon taller una manualitat amb fulles i&hellip;  <a href=\"https:\/\/agora.xtec.cat\/esc-teresabergada\/blocs-de-primaria\/6e\/la-castanyada-5\/\" title=\"Read LA CASTANYADA\">Llegeix m\u00e9s\u00bb<\/a><\/p>\n","protected":false},"author":28,"featured_media":9915,"comment_status":"open","ping_status":"closed","sticky":false,"template":"","format":"standard","meta":{"_bbp_topic_count":0,"_bbp_reply_count":0,"_bbp_total_topic_count":0,"_bbp_total_reply_count":0,"_bbp_voice_count":0,"_bbp_anonymous_reply_count":0,"_bbp_topic_count_hidden":0,"_bbp_reply_count_hidden":0,"_bbp_forum_subforum_count":0,"footnotes":""},"categories":[240],"tags":[],"class_list":["post-9913","post","type-post","status-publish","format-standard","has-post-thumbnail","hentry","category-6e"],"post_mailing_queue_ids":[],"_links":{"self":[{"href":"https:\/\/agora.xtec.cat\/esc-teresabergada\/wp-json\/wp\/v2\/posts\/9913","targetHints":{"allow":["GET"]}}],"collection":[{"href":"https:\/\/agora.xtec.cat\/esc-teresabergada\/wp-json\/wp\/v2\/posts"}],"about":[{"href":"https:\/\/agora.xtec.cat\/esc-teresabergada\/wp-json\/wp\/v2\/types\/post"}],"author":[{"embeddable":true,"href":"https:\/\/agora.xtec.cat\/esc-teresabergada\/wp-json\/wp\/v2\/users\/28"}],"replies":[{"embeddable":true,"href":"https:\/\/agora.xtec.cat\/esc-teresabergada\/wp-json\/wp\/v2\/comments?post=9913"}],"version-history":[{"count":2,"href":"https:\/\/agora.xtec.cat\/esc-teresabergada\/wp-json\/wp\/v2\/posts\/9913\/revisions"}],"predecessor-version":[{"id":10918,"href":"https:\/\/agora.xtec.cat\/esc-teresabergada\/wp-json\/wp\/v2\/posts\/9913\/revisions\/10918"}],"wp:featuredmedia":[{"embeddable":true,"href":"https:\/\/agora.xtec.cat\/esc-teresabergada\/wp-json\/wp\/v2\/media\/9915"}],"wp:attachment":[{"href":"https:\/\/agora.xtec.cat\/esc-teresabergada\/wp-json\/wp\/v2\/media?parent=9913"}],"wp:term":[{"taxonomy":"category","embeddable":true,"href":"https:\/\/agora.xtec.cat\/esc-teresabergada\/wp-json\/wp\/v2\/categories?post=9913"},{"taxonomy":"post_tag","embeddable":true,"href":"https:\/\/agora.xtec.cat\/esc-teresabergada\/wp-json\/wp\/v2\/tags?post=9913"}],"curies":[{"name":"wp","href":"https:\/\/api.w.org\/{rel}","templated":true}]}}