{"id":9889,"date":"2021-11-03T12:13:31","date_gmt":"2021-11-03T11:13:31","guid":{"rendered":"https:\/\/agora.xtec.cat\/esc-teresabergada\/?p=9889"},"modified":"2022-07-11T11:02:52","modified_gmt":"2022-07-11T09:02:52","slug":"la-castanyada-4","status":"publish","type":"post","link":"https:\/\/agora.xtec.cat\/esc-teresabergada\/blocs-de-primaria\/5e\/la-castanyada-4\/","title":{"rendered":"LA CASTANYADA"},"content":{"rendered":"<p style=\"text-align: justify;\">Els dies 28 i 29 d&#8217;octubre vam celebrar la Castanyada al pati de l&#8217; escola.<\/p>\n<p style=\"text-align: justify;\">Aquest any els nens i nenes d&#8217; infantil i cicle inicial ho van fer el dijous a la tarda. Els de cicle mitj\u00e0 i superior ho vam celebrar divendres.<\/p>\n<p style=\"text-align: justify;\">Alguns dels balls que es van ballar van ser: la Masovera els nens i nenes de 3r, el ball de l&#8217;Indiot els de 4t&#8230; aix\u00ed les fam\u00edlies van poder venir a veure les danses. Van poder entrar dos persones de cada fam\u00edlia, per\u00f2 tothom va estar molt content.<\/p>\n<p style=\"text-align: justify;\">Al poble, dissabte dia 30 d&#8217; octubre, tamb\u00e9 es va celebrar la festa de Halloween. Un grup de nens i nenes van anar a fer &#8220;truco o trato&#8221; per les cases del poble. Ens van donar moltes llaminadures. Per la tarda van organitzar un passatge del terror.<\/p>\n<p style=\"text-align: justify;\">Ens ho vam passar molt b\u00e9, encara que vam passar molta por!!<\/p>\n<p style=\"text-align: justify;\">Julia Mu\u00f1oz<\/p>\n<p><a href=\"https:\/\/agora.xtec.cat\/esc-teresabergada\/wp-content\/uploads\/usu1533\/2021\/11\/IMG-20211029-WA0047.jpg\"><img loading=\"lazy\" decoding=\"async\" class=\"aligncenter size-full wp-image-9890\" src=\"https:\/\/agora.xtec.cat\/esc-teresabergada\/wp-content\/uploads\/usu1533\/2021\/11\/IMG-20211029-WA0047.jpg\" alt=\"\" width=\"2048\" height=\"1536\" \/><\/a><\/p>\n<p>&nbsp;<\/p>\n","protected":false},"excerpt":{"rendered":"<p>Els dies 28 i 29 d&#8217;octubre vam celebrar la Castanyada al pati de l&#8217; escola.<br \/>\nAquest any els nens i nenes d&#8217; infantil i cicle inicial ho van fer el dijous a la tarda. Els de cicle mitj\u00e0 i superior ho vam celebrar divendres.<br \/>\nAlguns dels balls&hellip;  <a href=\"https:\/\/agora.xtec.cat\/esc-teresabergada\/blocs-de-primaria\/5e\/la-castanyada-4\/\" title=\"Read LA CASTANYADA\">Llegeix m\u00e9s\u00bb<\/a><\/p>\n","protected":false},"author":1,"featured_media":0,"comment_status":"open","ping_status":"closed","sticky":false,"template":"","format":"standard","meta":{"_bbp_topic_count":0,"_bbp_reply_count":0,"_bbp_total_topic_count":0,"_bbp_total_reply_count":0,"_bbp_voice_count":0,"_bbp_anonymous_reply_count":0,"_bbp_topic_count_hidden":0,"_bbp_reply_count_hidden":0,"_bbp_forum_subforum_count":0,"footnotes":""},"categories":[349],"tags":[],"class_list":["post-9889","post","type-post","status-publish","format-standard","hentry","category-5e"],"post_mailing_queue_ids":[],"_links":{"self":[{"href":"https:\/\/agora.xtec.cat\/esc-teresabergada\/wp-json\/wp\/v2\/posts\/9889","targetHints":{"allow":["GET"]}}],"collection":[{"href":"https:\/\/agora.xtec.cat\/esc-teresabergada\/wp-json\/wp\/v2\/posts"}],"about":[{"href":"https:\/\/agora.xtec.cat\/esc-teresabergada\/wp-json\/wp\/v2\/types\/post"}],"author":[{"embeddable":true,"href":"https:\/\/agora.xtec.cat\/esc-teresabergada\/wp-json\/wp\/v2\/users\/1"}],"replies":[{"embeddable":true,"href":"https:\/\/agora.xtec.cat\/esc-teresabergada\/wp-json\/wp\/v2\/comments?post=9889"}],"version-history":[{"count":3,"href":"https:\/\/agora.xtec.cat\/esc-teresabergada\/wp-json\/wp\/v2\/posts\/9889\/revisions"}],"predecessor-version":[{"id":9897,"href":"https:\/\/agora.xtec.cat\/esc-teresabergada\/wp-json\/wp\/v2\/posts\/9889\/revisions\/9897"}],"wp:attachment":[{"href":"https:\/\/agora.xtec.cat\/esc-teresabergada\/wp-json\/wp\/v2\/media?parent=9889"}],"wp:term":[{"taxonomy":"category","embeddable":true,"href":"https:\/\/agora.xtec.cat\/esc-teresabergada\/wp-json\/wp\/v2\/categories?post=9889"},{"taxonomy":"post_tag","embeddable":true,"href":"https:\/\/agora.xtec.cat\/esc-teresabergada\/wp-json\/wp\/v2\/tags?post=9889"}],"curies":[{"name":"wp","href":"https:\/\/api.w.org\/{rel}","templated":true}]}}