{"id":9852,"date":"2021-11-03T10:09:56","date_gmt":"2021-11-03T09:09:56","guid":{"rendered":"https:\/\/agora.xtec.cat\/esc-teresabergada\/?p=9852"},"modified":"2021-11-03T19:54:50","modified_gmt":"2021-11-03T18:54:50","slug":"visita-al-santuari-de-la-mare-de-deu-del-merli","status":"publish","type":"post","link":"https:\/\/agora.xtec.cat\/esc-teresabergada\/general\/visita-al-santuari-de-la-mare-de-deu-del-merli\/","title":{"rendered":"Visita al Santuari de la Mare de D\u00e9u del Merli"},"content":{"rendered":"<p style=\"text-align: right;\">\n<p>El dilluns 25 d&#8217;octubre les nenes i els nens de 4t A vam anar a visitar el Santuari de la Mare de D\u00e9u del Merli. L&#8217;associaci\u00f3 del Patrimoni Cultural d&#8217;Alguaire havia preparat una exposici\u00f3 i l&#8217;Esperan\u00e7a ens va fer una explicaci\u00f3 detallada de com s&#8217;havia trobat la verge del Merli i de tota la m\u00e0gia que envolta la hist\u00f2ria. Tot seguit vam veure l&#8217;exposici\u00f3 de fotografies antigues i vam contemplar els dos quadres grandiosos que hi ha als costats de l&#8217;altar. Tamb\u00e9 vam con\u00e8ixer els fets que expliquen aquestes imatges ja que l&#8217;Esperan\u00e7a ho va narrar molt b\u00e9.<\/p>\n<p>Va ser una visita molt enriquidora i les i els alumnes van estar molt atents, En acabar ens van obsequiar, a cadasc\u00fa, amb un llibre resum de l&#8217;exposici\u00f3 i de la hist\u00f2ria del Santuari.<\/p>\n<p>Els va encantar con\u00e8ixer la hist\u00f2ria de la Mare de D\u00e9u del Merli.<\/p>\n<p>Moltes gr\u00e0cies a l&#8217;associaci\u00f3 del Patrimoni Cultural d&#8217;Alguaire i sobretot a l&#8217;Esperan\u00e7a per explicar-ho tan b\u00e9 i mantenir l&#8217;atenci\u00f3 de totes i tots.<\/p>\n<p>Pilar Serra<\/p>\n\r\n\t<div class=\"slideshow_container slideshow_container_style-light\" style=\" \" data-slideshow-id=\"9874\" data-style-name=\"style-light\" data-style-version=\"2.3.1\" >\r\n\r\n\t\t\t\t\t<div class=\"slideshow_loading_icon\"><\/div>\r\n\t\t\r\n\t\t<div class=\"slideshow_content\" style=\"display: none;\">\r\n\r\n\t\t\t<div class=\"slideshow_view\">\t<div style=\"clear: both;\"><\/div><\/div><div class=\"slideshow_view\">\t<div style=\"clear: both;\"><\/div><\/div><div class=\"slideshow_view\">\t<div style=\"clear: both;\"><\/div><\/div><div class=\"slideshow_view\">\t<div style=\"clear: both;\"><\/div><\/div><div class=\"slideshow_view\">\t<div style=\"clear: both;\"><\/div><\/div><div class=\"slideshow_view\">\t<div style=\"clear: both;\"><\/div><\/div>\r\n\t\t<\/div>\r\n\r\n\t\t<div class=\"slideshow_controlPanel slideshow_transparent\" style=\"display: none;\"><ul><li class=\"slideshow_togglePlay\" data-play-text=\"Visualitza\" data-pause-text=\"Pausa\"><\/li><\/ul><\/div>\r\n\r\n\t\t<div class=\"slideshow_button slideshow_previous slideshow_transparent\" role=\"button\" data-previous-text=\"Anterior\" style=\"display: none;\"><\/div>\r\n\t\t<div class=\"slideshow_button slideshow_next slideshow_transparent\" role=\"button\" data-next-text=\"Seg\u00fcent\" style=\"display: none;\"><\/div>\r\n\r\n\t\t<div class=\"slideshow_pagination\" style=\"display: none;\" data-go-to-text=\"V\u00e9s a la diapositiva\"><div class=\"slideshow_pagination_center\"><\/div><\/div>\r\n\r\n\t\t<!-- WordPress Slideshow Version 2.3.1 -->\r\n\r\n\t\t\t<\/div>\r\n\r\n\n","protected":false},"excerpt":{"rendered":"<p>El dilluns 25 d&#8217;octubre les nenes i els nens de 4t A vam anar a visitar el Santuari de la Mare de D\u00e9u del Merli. L&#8217;associaci\u00f3 del Patrimoni Cultural d&#8217;Alguaire havia preparat una exposici\u00f3 i l&#8217;Esperan\u00e7a ens va fer una explicaci\u00f3 detallada de com s&#8217;havia&hellip;  <a href=\"https:\/\/agora.xtec.cat\/esc-teresabergada\/general\/visita-al-santuari-de-la-mare-de-deu-del-merli\/\" title=\"Read Visita al Santuari de la Mare de D\u00e9u del Merli\">Llegeix m\u00e9s\u00bb<\/a><\/p>\n","protected":false},"author":14,"featured_media":0,"comment_status":"open","ping_status":"closed","sticky":false,"template":"","format":"standard","meta":{"_bbp_topic_count":0,"_bbp_reply_count":0,"_bbp_total_topic_count":0,"_bbp_total_reply_count":0,"_bbp_voice_count":0,"_bbp_anonymous_reply_count":0,"_bbp_topic_count_hidden":0,"_bbp_reply_count_hidden":0,"_bbp_forum_subforum_count":0,"footnotes":""},"categories":[250,1],"tags":[593],"class_list":["post-9852","post","type-post","status-publish","format-standard","hentry","category-4t","category-general","tag-visita-al-santuari-de-la-mare-de-deu-del-merli"],"post_mailing_queue_ids":[],"_links":{"self":[{"href":"https:\/\/agora.xtec.cat\/esc-teresabergada\/wp-json\/wp\/v2\/posts\/9852","targetHints":{"allow":["GET"]}}],"collection":[{"href":"https:\/\/agora.xtec.cat\/esc-teresabergada\/wp-json\/wp\/v2\/posts"}],"about":[{"href":"https:\/\/agora.xtec.cat\/esc-teresabergada\/wp-json\/wp\/v2\/types\/post"}],"author":[{"embeddable":true,"href":"https:\/\/agora.xtec.cat\/esc-teresabergada\/wp-json\/wp\/v2\/users\/14"}],"replies":[{"embeddable":true,"href":"https:\/\/agora.xtec.cat\/esc-teresabergada\/wp-json\/wp\/v2\/comments?post=9852"}],"version-history":[{"count":3,"href":"https:\/\/agora.xtec.cat\/esc-teresabergada\/wp-json\/wp\/v2\/posts\/9852\/revisions"}],"predecessor-version":[{"id":9900,"href":"https:\/\/agora.xtec.cat\/esc-teresabergada\/wp-json\/wp\/v2\/posts\/9852\/revisions\/9900"}],"wp:attachment":[{"href":"https:\/\/agora.xtec.cat\/esc-teresabergada\/wp-json\/wp\/v2\/media?parent=9852"}],"wp:term":[{"taxonomy":"category","embeddable":true,"href":"https:\/\/agora.xtec.cat\/esc-teresabergada\/wp-json\/wp\/v2\/categories?post=9852"},{"taxonomy":"post_tag","embeddable":true,"href":"https:\/\/agora.xtec.cat\/esc-teresabergada\/wp-json\/wp\/v2\/tags?post=9852"}],"curies":[{"name":"wp","href":"https:\/\/api.w.org\/{rel}","templated":true}]}}