{"id":9847,"date":"2021-11-02T11:10:17","date_gmt":"2021-11-02T10:10:17","guid":{"rendered":"https:\/\/agora.xtec.cat\/esc-teresabergada\/?p=9847"},"modified":"2022-07-11T11:44:13","modified_gmt":"2022-07-11T09:44:13","slug":"excursio-a-barcelona","status":"publish","type":"post","link":"https:\/\/agora.xtec.cat\/esc-teresabergada\/blocs-de-primaria\/6e\/excursio-a-barcelona\/","title":{"rendered":"EXCURSI\u00d3 A BARCELONA"},"content":{"rendered":"<p style=\"text-align: justify;\">El dia 15 d\u2019octubre vam anar a Barcelona tot el cicle superior. Vam sortir cap a les nou del mat\u00ed i vam anar a veure una exposici\u00f3 del cos hum\u00e0 al C.C. Arenas. Ens va interessar i agradar molt! All\u00ed ens van donar uns auriculars on pod\u00edem escoltar al guia, que ens explicava curiositats del nostre cos. Vam poder veure ossos i \u00f2rgans de persones de veritat, l&#8217;est\u00f3mac d\u2019una cabra, els pulmons d\u2019una persona fumadora&#8230;<\/p>\n<p style=\"text-align: justify;\">A la tarda vam anar\u00a0al Poble Espanyol, on hi havia els carrers ambientats de diverses ciutats d\u2019Espanya. En aquests carrers hi vam trobar moltes botigues on es podien comprar moltes coses. Despr\u00e9s de dinar ens vam quedar a jugar en un parc molt bonic que hi havia all\u00ed.<\/p>\n<p><img loading=\"lazy\" decoding=\"async\" class=\"\" src=\"https:\/\/upload.wikimedia.org\/wikipedia\/commons\/thumb\/4\/41\/Poble_Espanyol_-_Torres_de_%C3%81vila.jpg\/280px-Poble_Espanyol_-_Torres_de_%C3%81vila.jpg\" alt=\"Poble Espanyol - Torres de \u00c1vila.jpg\" width=\"275\" height=\"155\" \/><\/p>\n<p style=\"text-align: justify;\">Ens va agradar molt l\u2019experi\u00e8ncia!<\/p>\n<p>Paula Gonzalez Flores<\/p>\n","protected":false},"excerpt":{"rendered":"<p>El dia 15 d\u2019octubre vam anar a Barcelona tot el cicle superior. Vam sortir cap a les nou del mat\u00ed i vam anar a veure una exposici\u00f3 del cos hum\u00e0 al C.C. Arenas. Ens va interessar i agradar molt! All\u00ed ens van donar uns auriculars&hellip;  <a href=\"https:\/\/agora.xtec.cat\/esc-teresabergada\/blocs-de-primaria\/6e\/excursio-a-barcelona\/\" title=\"Read EXCURSI\u00d3 A BARCELONA\">Llegeix m\u00e9s\u00bb<\/a><\/p>\n","protected":false},"author":28,"featured_media":0,"comment_status":"open","ping_status":"closed","sticky":false,"template":"","format":"standard","meta":{"_bbp_topic_count":0,"_bbp_reply_count":0,"_bbp_total_topic_count":0,"_bbp_total_reply_count":0,"_bbp_voice_count":0,"_bbp_anonymous_reply_count":0,"_bbp_topic_count_hidden":0,"_bbp_reply_count_hidden":0,"_bbp_forum_subforum_count":0,"footnotes":""},"categories":[240],"tags":[],"class_list":["post-9847","post","type-post","status-publish","format-standard","hentry","category-6e"],"post_mailing_queue_ids":[],"_links":{"self":[{"href":"https:\/\/agora.xtec.cat\/esc-teresabergada\/wp-json\/wp\/v2\/posts\/9847","targetHints":{"allow":["GET"]}}],"collection":[{"href":"https:\/\/agora.xtec.cat\/esc-teresabergada\/wp-json\/wp\/v2\/posts"}],"about":[{"href":"https:\/\/agora.xtec.cat\/esc-teresabergada\/wp-json\/wp\/v2\/types\/post"}],"author":[{"embeddable":true,"href":"https:\/\/agora.xtec.cat\/esc-teresabergada\/wp-json\/wp\/v2\/users\/28"}],"replies":[{"embeddable":true,"href":"https:\/\/agora.xtec.cat\/esc-teresabergada\/wp-json\/wp\/v2\/comments?post=9847"}],"version-history":[{"count":3,"href":"https:\/\/agora.xtec.cat\/esc-teresabergada\/wp-json\/wp\/v2\/posts\/9847\/revisions"}],"predecessor-version":[{"id":10916,"href":"https:\/\/agora.xtec.cat\/esc-teresabergada\/wp-json\/wp\/v2\/posts\/9847\/revisions\/10916"}],"wp:attachment":[{"href":"https:\/\/agora.xtec.cat\/esc-teresabergada\/wp-json\/wp\/v2\/media?parent=9847"}],"wp:term":[{"taxonomy":"category","embeddable":true,"href":"https:\/\/agora.xtec.cat\/esc-teresabergada\/wp-json\/wp\/v2\/categories?post=9847"},{"taxonomy":"post_tag","embeddable":true,"href":"https:\/\/agora.xtec.cat\/esc-teresabergada\/wp-json\/wp\/v2\/tags?post=9847"}],"curies":[{"name":"wp","href":"https:\/\/api.w.org\/{rel}","templated":true}]}}