{"id":9825,"date":"2021-10-27T13:53:25","date_gmt":"2021-10-27T11:53:25","guid":{"rendered":"https:\/\/agora.xtec.cat\/esc-teresabergada\/?p=9825"},"modified":"2022-07-11T11:43:37","modified_gmt":"2022-07-11T09:43:37","slug":"balls-de-castanyada","status":"publish","type":"post","link":"https:\/\/agora.xtec.cat\/esc-teresabergada\/blocs-de-primaria\/6e\/balls-de-castanyada\/","title":{"rendered":"BALLS  DE CASTANYADA"},"content":{"rendered":"<p>S&#8217;acosta la castanyada i a l&#8217;escola, cada classe, est\u00e0 practicant un ball.<\/p>\n<p>\ud83c\udf41P3 far\u00e0 la castanyera.<\/p>\n<p>\ud83c\udf41P4 Les castanyes peten peten.<\/p>\n<p>\ud83c\udf41P5 Visca el Ball de la castanya.<\/p>\n<p>\ud83c\udf411r El calendari de Tardor.<\/p>\n<p>\ud83c\udf412n El ball del Patatuf.<\/p>\n<p>\ud83c\udf413r La masovera.<\/p>\n<p>\ud83c\udf414t El ball de l&#8217;Indiat.<\/p>\n<p>\ud83c\udf415\u00e8 El ball del virolet.<\/p>\n<p>\ud83c\udf416\u00e8 La sardana.<\/p>\n<p>Aquest any les fam\u00edlies s\u00ed que podran vindre, despr\u00e9s de molt temps sense poder venir.<\/p>\n<p>El dijous, 28 d&#8217;octubre, els de cicle inicial faran el ball a les 15:15h i els d&#8217;Educaci\u00f3 Infantil a les 15:45h.\u00a0 El divendres, 29 d&#8217;octubre, els de cicle mitj\u00e0 faran el ball a les 15:15h i els de cicle superior a les 15:45h. Els de 6\u00e8, com he dit abans, faran el ball de la Sardana que \u00e9s un ball bastant dif\u00edcil perqu\u00e8 hi ha passos llargs i curts i hem d&#8217;estar concentrats per anar tots coordinats.<\/p>\n<p>Esperem fer-ho tots molt b\u00e9! Que passeu tots i totes molt bona castanyada!<\/p>\n<p><img loading=\"lazy\" decoding=\"async\" class=\"alignleft wp-image-9826\" src=\"https:\/\/agora.xtec.cat\/esc-teresabergada\/wp-content\/uploads\/usu1533\/2021\/10\/castanyes.jpg\" alt=\"\" width=\"375\" height=\"188\" srcset=\"https:\/\/agora.xtec.cat\/esc-teresabergada\/wp-content\/uploads\/usu1533\/2021\/10\/castanyes.jpg 1000w, https:\/\/agora.xtec.cat\/esc-teresabergada\/wp-content\/uploads\/usu1533\/2021\/10\/castanyes-300x150.jpg 300w, https:\/\/agora.xtec.cat\/esc-teresabergada\/wp-content\/uploads\/usu1533\/2021\/10\/castanyes-768x384.jpg 768w\" sizes=\"auto, (max-width: 375px) 100vw, 375px\" \/><\/p>\n<p>&nbsp;<\/p>\n<p>&nbsp;<\/p>\n<p>&nbsp;<\/p>\n<p>&nbsp;<\/p>\n<p>Carla Solduga Porta<\/p>\n","protected":false},"excerpt":{"rendered":"<p>S&#8217;acosta la castanyada i a l&#8217;escola, cada classe, est\u00e0 practicant un ball.<br \/>\n\ud83c\udf41P3 far\u00e0 la castanyera.<br \/>\n\ud83c\udf41P4 Les castanyes peten peten.<br \/>\n\ud83c\udf41P5 Visca el Ball de la castanya.<br \/>\n\ud83c\udf411r El calendari de Tardor.<br \/>\n\ud83c\udf412n El ball del Patatuf.<br \/>\n\ud83c\udf413r La masovera.<br \/>\n\ud83c\udf414t El ball de l&#8217;Indiat.<br \/>\n\ud83c\udf415\u00e8 El ball del virolet.<br \/>\n\ud83c\udf416\u00e8 La sardana.<br \/>\nAquest&hellip;  <a href=\"https:\/\/agora.xtec.cat\/esc-teresabergada\/blocs-de-primaria\/6e\/balls-de-castanyada\/\" title=\"Read BALLS  DE CASTANYADA\">Llegeix m\u00e9s\u00bb<\/a><\/p>\n","protected":false},"author":28,"featured_media":9827,"comment_status":"open","ping_status":"closed","sticky":false,"template":"","format":"standard","meta":{"_bbp_topic_count":0,"_bbp_reply_count":0,"_bbp_total_topic_count":0,"_bbp_total_reply_count":0,"_bbp_voice_count":0,"_bbp_anonymous_reply_count":0,"_bbp_topic_count_hidden":0,"_bbp_reply_count_hidden":0,"_bbp_forum_subforum_count":0,"footnotes":""},"categories":[240],"tags":[],"class_list":["post-9825","post","type-post","status-publish","format-standard","has-post-thumbnail","hentry","category-6e"],"post_mailing_queue_ids":[],"_links":{"self":[{"href":"https:\/\/agora.xtec.cat\/esc-teresabergada\/wp-json\/wp\/v2\/posts\/9825","targetHints":{"allow":["GET"]}}],"collection":[{"href":"https:\/\/agora.xtec.cat\/esc-teresabergada\/wp-json\/wp\/v2\/posts"}],"about":[{"href":"https:\/\/agora.xtec.cat\/esc-teresabergada\/wp-json\/wp\/v2\/types\/post"}],"author":[{"embeddable":true,"href":"https:\/\/agora.xtec.cat\/esc-teresabergada\/wp-json\/wp\/v2\/users\/28"}],"replies":[{"embeddable":true,"href":"https:\/\/agora.xtec.cat\/esc-teresabergada\/wp-json\/wp\/v2\/comments?post=9825"}],"version-history":[{"count":2,"href":"https:\/\/agora.xtec.cat\/esc-teresabergada\/wp-json\/wp\/v2\/posts\/9825\/revisions"}],"predecessor-version":[{"id":10915,"href":"https:\/\/agora.xtec.cat\/esc-teresabergada\/wp-json\/wp\/v2\/posts\/9825\/revisions\/10915"}],"wp:featuredmedia":[{"embeddable":true,"href":"https:\/\/agora.xtec.cat\/esc-teresabergada\/wp-json\/wp\/v2\/media\/9827"}],"wp:attachment":[{"href":"https:\/\/agora.xtec.cat\/esc-teresabergada\/wp-json\/wp\/v2\/media?parent=9825"}],"wp:term":[{"taxonomy":"category","embeddable":true,"href":"https:\/\/agora.xtec.cat\/esc-teresabergada\/wp-json\/wp\/v2\/categories?post=9825"},{"taxonomy":"post_tag","embeddable":true,"href":"https:\/\/agora.xtec.cat\/esc-teresabergada\/wp-json\/wp\/v2\/tags?post=9825"}],"curies":[{"name":"wp","href":"https:\/\/api.w.org\/{rel}","templated":true}]}}