{"id":9808,"date":"2021-10-22T10:36:51","date_gmt":"2021-10-22T08:36:51","guid":{"rendered":"https:\/\/agora.xtec.cat\/esc-teresabergada\/?p=9808"},"modified":"2021-10-22T10:39:45","modified_gmt":"2021-10-22T08:39:45","slug":"el-meu-hort","status":"publish","type":"post","link":"https:\/\/agora.xtec.cat\/esc-teresabergada\/blocs-de-primaria\/5e\/el-meu-hort\/","title":{"rendered":"EL MEU HORT"},"content":{"rendered":"<p style=\"text-align: justify\">Em dic M\u00edriam i estic fent 5\u00e8 a l&#8217;Escola Teresa Bergad\u00e0, m&#8217;agraden molt els animals i vull explicar-vos coses sobre el meu hort.<\/p>\n<p style=\"text-align: justify\">Per comen\u00e7ar, en aquest hort tan bonic que tinc hi ha molts animals: 9 gallines, 2 galls, 7 coloms blancs, 6 guatlles, 3 \u00e0necs, 3 faisans, 1 gos, 1 gat i 2 galls d&#8217;indi.<\/p>\n<p style=\"text-align: justify\">Cada dia he de donar menjar i aigua a tots els animals i recollir els ous de les gallines. Gaireb\u00e9 sempre \u00e9s el meu pare qui ho fa. Estimo molt als meus animals i per aix\u00f2 els cuido.<\/p>\n<p style=\"text-align: justify\">A l&#8217;hort tamb\u00e9 tenim un lloc on hi ha verdures: enciams verds, tom\u00e0quets, s\u00edndries, melons&#8230; i moltes coses m\u00e9s.<\/p>\n<p style=\"text-align: justify\">Ara ja sabeu que tinc un hort i que m&#8217;agrada molt.<\/p>\n<p style=\"text-align: justify\">M\u00edriam Soldevila P\u00e9rez.<\/p>\n<p><img loading=\"lazy\" decoding=\"async\" class=\"size-medium wp-image-9811 aligncenter\" src=\"https:\/\/agora.xtec.cat\/esc-teresabergada\/wp-content\/uploads\/usu1533\/2021\/10\/hort-2-300x170.png\" alt=\"\" width=\"300\" height=\"170\" srcset=\"https:\/\/agora.xtec.cat\/esc-teresabergada\/wp-content\/uploads\/usu1533\/2021\/10\/hort-2-300x170.png 300w, https:\/\/agora.xtec.cat\/esc-teresabergada\/wp-content\/uploads\/usu1533\/2021\/10\/hort-2.png 600w\" sizes=\"auto, (max-width: 300px) 100vw, 300px\" \/><\/p>\n","protected":false},"excerpt":{"rendered":"<p>Em dic M\u00edriam i estic fent 5\u00e8 a l&#8217;Escola Teresa Bergad\u00e0, m&#8217;agraden molt els animals i vull explicar-vos coses sobre el meu hort.<br \/>\nPer comen\u00e7ar, en aquest hort tan bonic que tinc hi ha molts animals: 9 gallines, 2 galls, 7 coloms blancs, 6 guatlles, 3&hellip;  <a href=\"https:\/\/agora.xtec.cat\/esc-teresabergada\/blocs-de-primaria\/5e\/el-meu-hort\/\" title=\"Read EL MEU HORT\">Llegeix m\u00e9s\u00bb<\/a><\/p>\n","protected":false},"author":32,"featured_media":9811,"comment_status":"open","ping_status":"closed","sticky":false,"template":"","format":"standard","meta":{"_bbp_topic_count":0,"_bbp_reply_count":0,"_bbp_total_topic_count":0,"_bbp_total_reply_count":0,"_bbp_voice_count":0,"_bbp_anonymous_reply_count":0,"_bbp_topic_count_hidden":0,"_bbp_reply_count_hidden":0,"_bbp_forum_subforum_count":0,"footnotes":""},"categories":[349],"tags":[523],"class_list":["post-9808","post","type-post","status-publish","format-standard","has-post-thumbnail","hentry","category-5e","tag-redactoriredactoradelblog"],"post_mailing_queue_ids":[],"_links":{"self":[{"href":"https:\/\/agora.xtec.cat\/esc-teresabergada\/wp-json\/wp\/v2\/posts\/9808","targetHints":{"allow":["GET"]}}],"collection":[{"href":"https:\/\/agora.xtec.cat\/esc-teresabergada\/wp-json\/wp\/v2\/posts"}],"about":[{"href":"https:\/\/agora.xtec.cat\/esc-teresabergada\/wp-json\/wp\/v2\/types\/post"}],"author":[{"embeddable":true,"href":"https:\/\/agora.xtec.cat\/esc-teresabergada\/wp-json\/wp\/v2\/users\/32"}],"replies":[{"embeddable":true,"href":"https:\/\/agora.xtec.cat\/esc-teresabergada\/wp-json\/wp\/v2\/comments?post=9808"}],"version-history":[{"count":3,"href":"https:\/\/agora.xtec.cat\/esc-teresabergada\/wp-json\/wp\/v2\/posts\/9808\/revisions"}],"predecessor-version":[{"id":9813,"href":"https:\/\/agora.xtec.cat\/esc-teresabergada\/wp-json\/wp\/v2\/posts\/9808\/revisions\/9813"}],"wp:featuredmedia":[{"embeddable":true,"href":"https:\/\/agora.xtec.cat\/esc-teresabergada\/wp-json\/wp\/v2\/media\/9811"}],"wp:attachment":[{"href":"https:\/\/agora.xtec.cat\/esc-teresabergada\/wp-json\/wp\/v2\/media?parent=9808"}],"wp:term":[{"taxonomy":"category","embeddable":true,"href":"https:\/\/agora.xtec.cat\/esc-teresabergada\/wp-json\/wp\/v2\/categories?post=9808"},{"taxonomy":"post_tag","embeddable":true,"href":"https:\/\/agora.xtec.cat\/esc-teresabergada\/wp-json\/wp\/v2\/tags?post=9808"}],"curies":[{"name":"wp","href":"https:\/\/api.w.org\/{rel}","templated":true}]}}