{"id":9779,"date":"2021-10-13T11:41:26","date_gmt":"2021-10-13T09:41:26","guid":{"rendered":"https:\/\/agora.xtec.cat\/esc-teresabergada\/?p=9779"},"modified":"2022-07-11T10:56:19","modified_gmt":"2022-07-11T08:56:19","slug":"festa-major","status":"publish","type":"post","link":"https:\/\/agora.xtec.cat\/esc-teresabergada\/blocs-de-primaria\/6e\/festa-major\/","title":{"rendered":"FESTA MAJOR"},"content":{"rendered":"<p style=\"text-align: justify;\">L&#8217;\u00faltim cap de setmana de setembre va ser festa major i aquest any han vingut les firetes despr\u00e9s de 2 anys, ja que no van poder venir degut a que hi havia Covid 19 i est\u00e0vem en pand\u00e8mia. Aquest any hem quedat amb els amics per pujar a moltes atraccions que ens agradaven com: l&#8217;hurac\u00e0 ,els autos de xoc, l&#8217;olla, els toros&#8230; El dissabte va venir un fam\u00f3s de la tele que es diu Quim Masferrer. Al seu espectacle, els protagonistes eren el p\u00fablic. Ja que durant tot l&#8217;espectacle anava preguntant-los coses de la seva vida. Va ser molt graci\u00f3s escoltar les respostes de la gent. <a href=\"https:\/\/agora.xtec.cat\/esc-teresabergada\/wp-content\/uploads\/usu1533\/2021\/10\/1595421227951.jpg\"><img loading=\"lazy\" decoding=\"async\" class=\"aligncenter size-full wp-image-9780\" src=\"https:\/\/agora.xtec.cat\/esc-teresabergada\/wp-content\/uploads\/usu1533\/2021\/10\/1595421227951.jpg\" alt=\"\" width=\"644\" height=\"644\" srcset=\"https:\/\/agora.xtec.cat\/esc-teresabergada\/wp-content\/uploads\/usu1533\/2021\/10\/1595421227951.jpg 644w, https:\/\/agora.xtec.cat\/esc-teresabergada\/wp-content\/uploads\/usu1533\/2021\/10\/1595421227951-300x300.jpg 300w, https:\/\/agora.xtec.cat\/esc-teresabergada\/wp-content\/uploads\/usu1533\/2021\/10\/1595421227951-150x150.jpg 150w\" sizes=\"auto, (max-width: 644px) 100vw, 644px\" \/><\/a><\/p>\n<p style=\"text-align: justify;\">Va ser molt divertit!<\/p>\n<p>Marc Claro<\/p>\n","protected":false},"excerpt":{"rendered":"<p>L&#8217;\u00faltim cap de setmana de setembre va ser festa major i aquest any han vingut les firetes despr\u00e9s de 2 anys, ja que no van poder venir degut a que hi havia Covid 19 i est\u00e0vem en pand\u00e8mia. Aquest any hem quedat amb els amics&hellip;  <a href=\"https:\/\/agora.xtec.cat\/esc-teresabergada\/blocs-de-primaria\/6e\/festa-major\/\" title=\"Read FESTA MAJOR\">Llegeix m\u00e9s\u00bb<\/a><\/p>\n","protected":false},"author":1,"featured_media":9780,"comment_status":"open","ping_status":"closed","sticky":false,"template":"","format":"standard","meta":{"_bbp_topic_count":0,"_bbp_reply_count":0,"_bbp_total_topic_count":0,"_bbp_total_reply_count":0,"_bbp_voice_count":0,"_bbp_anonymous_reply_count":0,"_bbp_topic_count_hidden":0,"_bbp_reply_count_hidden":0,"_bbp_forum_subforum_count":0,"footnotes":""},"categories":[240],"tags":[],"class_list":["post-9779","post","type-post","status-publish","format-standard","has-post-thumbnail","hentry","category-6e"],"post_mailing_queue_ids":[],"_links":{"self":[{"href":"https:\/\/agora.xtec.cat\/esc-teresabergada\/wp-json\/wp\/v2\/posts\/9779","targetHints":{"allow":["GET"]}}],"collection":[{"href":"https:\/\/agora.xtec.cat\/esc-teresabergada\/wp-json\/wp\/v2\/posts"}],"about":[{"href":"https:\/\/agora.xtec.cat\/esc-teresabergada\/wp-json\/wp\/v2\/types\/post"}],"author":[{"embeddable":true,"href":"https:\/\/agora.xtec.cat\/esc-teresabergada\/wp-json\/wp\/v2\/users\/1"}],"replies":[{"embeddable":true,"href":"https:\/\/agora.xtec.cat\/esc-teresabergada\/wp-json\/wp\/v2\/comments?post=9779"}],"version-history":[{"count":2,"href":"https:\/\/agora.xtec.cat\/esc-teresabergada\/wp-json\/wp\/v2\/posts\/9779\/revisions"}],"predecessor-version":[{"id":9782,"href":"https:\/\/agora.xtec.cat\/esc-teresabergada\/wp-json\/wp\/v2\/posts\/9779\/revisions\/9782"}],"wp:featuredmedia":[{"embeddable":true,"href":"https:\/\/agora.xtec.cat\/esc-teresabergada\/wp-json\/wp\/v2\/media\/9780"}],"wp:attachment":[{"href":"https:\/\/agora.xtec.cat\/esc-teresabergada\/wp-json\/wp\/v2\/media?parent=9779"}],"wp:term":[{"taxonomy":"category","embeddable":true,"href":"https:\/\/agora.xtec.cat\/esc-teresabergada\/wp-json\/wp\/v2\/categories?post=9779"},{"taxonomy":"post_tag","embeddable":true,"href":"https:\/\/agora.xtec.cat\/esc-teresabergada\/wp-json\/wp\/v2\/tags?post=9779"}],"curies":[{"name":"wp","href":"https:\/\/api.w.org\/{rel}","templated":true}]}}